{"id":16840,"date":"2019-06-11T14:30:21","date_gmt":"2019-06-11T12:30:21","guid":{"rendered":"https:\/\/answear.cz\/blog\/?p=16840"},"modified":"2024-03-05T12:11:27","modified_gmt":"2024-03-05T11:11:27","slug":"jak-se-spravne-zabalit-na-dovolenou","status":"publish","type":"post","link":"https:\/\/answear.cz\/blog\/jak-se-spravne-zabalit-na-dovolenou\/16840","title":{"rendered":"JAK SE SPR\u00c1VN\u011a ZABALIT NA DOVOLENOU?"},"content":{"rendered":"<span class=\"rt-reading-time\" style=\"display: block;\"><span class=\"rt-label rt-prefix\">\u010cten\u00ed na <\/span> <span class=\"rt-time\">3<\/span> <span class=\"rt-label rt-postfix\">minuty<\/span><\/span><p>Toto je posledn\u00ed zvon\u011bn\u00ed, a nejen to \u0161koln\u00ed, kter\u00e9 v\u00e1m p\u0159ipom\u00edn\u00e1, abyste se za\u010daly zodpov\u011bdn\u011b p\u0159ipravovat na vytou\u017eenou dovolenou. M\u00e1te sbalen\u00fd kufr? Je\u0161t\u011b ne?! V takov\u00e9m p\u0159\u00edpad\u011b jsme pro v\u00e1s p\u0159ipravili n\u00e1vod, co byste si rozhodn\u011b m\u011bly vz\u00edt pro va\u0161e letn\u00ed nicned\u011bl\u00e1n\u00ed.<!--more--><\/p>\n<p><strong>Bikiny nejen na pl\u00e1\u017e<\/strong><\/p>\n<p>Pokud m\u00e1te ve va\u0161em denn\u00edm oddechov\u00e9m rozvrhu zapsan\u00e9 opalov\u00e1n\u00ed, plav\u00e1n\u00ed a le\u017een\u00ed na pl\u00e1\u017ei v takov\u00e9m p\u0159\u00edpad\u011b v\u00e1m nemus\u00edme p\u0159ipom\u00ednat, \u017ee plavky jsou va\u0161\u00ed alfou a omegou. Vz\u00edt si m\u016f\u017eete jedny nebo je\u0161t\u011b l\u00e9pe dva kusy \u2013 v\u0161e z\u00e1vis\u00ed na v\u00e1s. Hity l\u00e9ta jsou vol\u00e1ny, neonov\u00e9 n\u00e1pisy, loga a tropick\u00e9 motivy. \u010c\u00edm v\u00edce design\u00e9rsk\u00fdch kousk\u016f oble\u010den\u00ed, t\u00edm l\u00e9pe, proto\u017ee ho lze za\u010dlenit do sv\u00fdch p\u0159\u00edle\u017eitostn\u00fdch outfit\u016f. Dejte si bikiny jako top, pod sv\u011btlou ko\u0161ili nebo halenku. Jednod\u00edln\u00fd plaveck\u00fd \u00fabor bude dob\u0159e fungovat jako top, pokud si ho d\u00e1te spolu s d\u017e\u00ednov\u00fdmi \u0161ortkami. Plusem takto vhodn\u011b zvolen\u00e9ho oble\u010den\u00ed bude i skute\u010dnost, \u017ee j\u00edm u\u0161et\u0159\u00edte m\u00edsto v kufru.<\/p>\n<p><img loading=\"lazy\" decoding=\"async\" class=\"aligncenter wp-image-16843 size-full\" src=\"https:\/\/answear.cz\/blog\/wp-content\/uploads\/2019\/06\/2-1.jpg\" alt=\"\" width=\"920\" height=\"278\" srcset=\"https:\/\/answear.cz\/blog\/wp-content\/uploads\/2019\/06\/2-1.jpg 920w, https:\/\/answear.cz\/blog\/wp-content\/uploads\/2019\/06\/2-1-300x91.jpg 300w, https:\/\/answear.cz\/blog\/wp-content\/uploads\/2019\/06\/2-1-768x232.jpg 768w, https:\/\/answear.cz\/blog\/wp-content\/uploads\/2019\/06\/2-1-620x187.jpg 620w\" sizes=\"(max-width: 920px) 100vw, 920px\" \/><\/p>\n<p style=\"text-align: center;\"><span style=\"color: #000000;\"><strong><a style=\"color: #000000;\" href=\"https:\/\/answear.cz\/1685146-roxy-plavky.html\">ROXY<\/a> \/ <a style=\"color: #000000;\" href=\"https:\/\/answear.cz\/1558502-ellesse-plavky.html\">ELLESSE<\/a> \/ <a style=\"color: #000000;\" href=\"https:\/\/answear.cz\/1645359-tommy-jeans-kosile.html\">TOMMY JEANS<\/a> \/ <a style=\"color: #000000;\" href=\"https:\/\/answear.cz\/1721850-jacqueline-de-yong-saty.html\">JACQUELINE DE YONG<\/a> \/ <a style=\"color: #000000;\" href=\"https:\/\/answear.cz\/1722219-levi-s-kratasy.html\">LEVI\u00b4S<\/a><\/strong><\/span><\/p>\n<p><img loading=\"lazy\" decoding=\"async\" class=\"aligncenter wp-image-16842 size-full\" src=\"https:\/\/answear.cz\/blog\/wp-content\/uploads\/2019\/06\/3-1.jpg\" alt=\"\" width=\"920\" height=\"376\" srcset=\"https:\/\/answear.cz\/blog\/wp-content\/uploads\/2019\/06\/3-1.jpg 920w, https:\/\/answear.cz\/blog\/wp-content\/uploads\/2019\/06\/3-1-300x123.jpg 300w, https:\/\/answear.cz\/blog\/wp-content\/uploads\/2019\/06\/3-1-768x314.jpg 768w, https:\/\/answear.cz\/blog\/wp-content\/uploads\/2019\/06\/3-1-620x253.jpg 620w\" sizes=\"(max-width: 920px) 100vw, 920px\" \/><\/p>\n<p><strong>Pantofle, tenisky a espadrilky<\/strong><\/p>\n<p>Oble\u010den\u00ed u\u017e m\u00e1te p\u0159ipraven\u00e9, nyn\u00ed je \u010das na v\u00fdb\u011br dopl\u0148k\u016f. Za\u010dn\u011bme t\u00edm nejd\u016fle\u017eit\u011bj\u0161\u00edm, bez pohodln\u00e9 obuvi zapome\u0148te na \u00fasp\u011b\u0161nou dovolenou! Pokud pl\u00e1nujete proch\u00e1zky, volbou \u010d\u00edslo jedna budou pro v\u00e1s \u017eabky a sand\u00e1ly, ide\u00e1ln\u00ed na hork\u00e9 dny. Up\u0159ete pozornost na minimalistick\u00e9 modely z k\u016f\u017ee na ploch\u00e9 podr\u00e1\u017ece \u2013 jsou nejen pohodln\u00e9, ale tak\u00e9 neuv\u011b\u0159iteln\u011b m\u00f3dn\u00ed. L\u00e9to si samoz\u0159ejm\u011b neum\u00edme p\u0159edstavit bez pl\u00e1t\u011bn\u00fdch espadrilek. Pokud pl\u00e1nujete dlouh\u00e9 t\u00fary nebo proch\u00e1zky (a\u0165 u\u017e po pl\u00e1\u017ei, po louce, v ulic\u00edch m\u011bsta), budete pot\u0159ebovat tenisky. Nebojte se, \u017ee byste je nev\u011bd\u011bly zkombinovat s t\u00edm, co m\u00e1te v zavazadle \u2013 nyn\u00ed se nos\u00ed ke vzdu\u0161n\u00fdm sukn\u00edm, \u0161at\u016fm s drobn\u00fdm vzorem, s kalhotami i s overalem.<\/p>\n<p><img loading=\"lazy\" decoding=\"async\" class=\"aligncenter wp-image-16846 size-full\" src=\"https:\/\/answear.cz\/blog\/wp-content\/uploads\/2019\/06\/4.jpg\" alt=\"\" width=\"920\" height=\"820\" srcset=\"https:\/\/answear.cz\/blog\/wp-content\/uploads\/2019\/06\/4.jpg 920w, https:\/\/answear.cz\/blog\/wp-content\/uploads\/2019\/06\/4-300x267.jpg 300w, https:\/\/answear.cz\/blog\/wp-content\/uploads\/2019\/06\/4-768x685.jpg 768w, https:\/\/answear.cz\/blog\/wp-content\/uploads\/2019\/06\/4-620x553.jpg 620w\" sizes=\"(max-width: 920px) 100vw, 920px\" \/> <img loading=\"lazy\" decoding=\"async\" class=\"aligncenter wp-image-16847 size-full\" src=\"https:\/\/answear.cz\/blog\/wp-content\/uploads\/2019\/06\/5.jpg\" alt=\"\" width=\"920\" height=\"291\" srcset=\"https:\/\/answear.cz\/blog\/wp-content\/uploads\/2019\/06\/5.jpg 920w, https:\/\/answear.cz\/blog\/wp-content\/uploads\/2019\/06\/5-300x95.jpg 300w, https:\/\/answear.cz\/blog\/wp-content\/uploads\/2019\/06\/5-768x243.jpg 768w, https:\/\/answear.cz\/blog\/wp-content\/uploads\/2019\/06\/5-620x196.jpg 620w\" sizes=\"(max-width: 920px) 100vw, 920px\" \/><\/p>\n<p style=\"text-align: center;\"><span style=\"color: #000000;\"><strong><a style=\"color: #000000;\" href=\"https:\/\/answear.cz\/1515450-answear-pantofle.html\">ANSWEAR<\/a> \/ <a style=\"color: #000000;\" href=\"https:\/\/answear.cz\/1670668-tamaris-zabky.html\">TAMARIS<\/a> \/ <a style=\"color: #000000;\" href=\"https:\/\/answear.cz\/1721534-answear-boty.html\">ANSWEAR<\/a> \/ <a style=\"color: #000000;\" href=\"https:\/\/answear.cz\/1540670-karl-lagerfeld-sandaly.html\">KARL LAGERFELD<\/a> \/ <a style=\"color: #000000;\" href=\"https:\/\/answear.cz\/1655939-baldowski-pantofle.html\">BALDOWSKI<\/a><\/strong><\/span><\/p>\n<p><strong>Dopl\u0148ky pot\u0159ebn\u00e9 nejen na pl\u00e1\u017e<\/strong><\/p>\n<p>Je jasn\u00e9, \u017ee kdy\u017e si pl\u00e1nujete dovolenou, po\u010d\u00edt\u00e1te s kr\u00e1sn\u00fdmi dny pln\u00fdmi slun\u00ed\u010dka. Vysok\u00e9 teploty a hork\u00e9 dny jsou sp\u00ed\u0161e jist\u00e9, a proto si nezapome\u0148te p\u0159ibalit t\u0159eba pokr\u00fdvky hlavy a slune\u010dn\u00ed br\u00fdle (samoz\u0159ejm\u011b stylov\u00e9). Investujte tedy do klobouku s rozs\u00e1hlou st\u0159\u00ed\u0161kou, kter\u00e1 v\u00e1m ud\u011bl\u00e1 dobrou slu\u017ebu nejen b\u011bhem leno\u0161en\u00ed, ale i na va\u0161ich dovolenkov\u00fdch z\u00e1b\u011brech. Br\u00fdle by m\u011bly b\u00fdt zdobn\u00e9, barevn\u00e9 nebo by alespo\u0148 r\u00e1me\u010dky m\u011bly m\u00edt netradi\u010dn\u00ed tvar (nap\u0159. srdce). Op\u011bt n\u00e1vrat k retro, kter\u00fd je st\u00e1le je\u0161t\u011b na m\u00f3dn\u00edm vrcholu. A pokud se na v\u00e1s budou usm\u00edvat mraky, br\u00fdle samoz\u0159ejm\u011b ukryjete do letn\u00ed ta\u0161ky! Vychyt\u00e1vkou jsou tkan\u00e9 kabelky, modely s n\u00e1mo\u0159nick\u00fdmi motivy nebo s\u00ed\u0165ovan\u00e9.<\/p>\n<p><img loading=\"lazy\" decoding=\"async\" class=\"aligncenter wp-image-16845 size-full\" src=\"https:\/\/answear.cz\/blog\/wp-content\/uploads\/2019\/06\/6.jpg\" alt=\"\" width=\"920\" height=\"589\" srcset=\"https:\/\/answear.cz\/blog\/wp-content\/uploads\/2019\/06\/6.jpg 920w, https:\/\/answear.cz\/blog\/wp-content\/uploads\/2019\/06\/6-300x192.jpg 300w, https:\/\/answear.cz\/blog\/wp-content\/uploads\/2019\/06\/6-768x492.jpg 768w, https:\/\/answear.cz\/blog\/wp-content\/uploads\/2019\/06\/6-620x397.jpg 620w\" sizes=\"(max-width: 920px) 100vw, 920px\" \/><\/p>\n<p><img loading=\"lazy\" decoding=\"async\" class=\"aligncenter wp-image-16848 size-full\" src=\"https:\/\/answear.cz\/blog\/wp-content\/uploads\/2019\/06\/7.jpg\" alt=\"\" width=\"920\" height=\"279\" srcset=\"https:\/\/answear.cz\/blog\/wp-content\/uploads\/2019\/06\/7.jpg 920w, https:\/\/answear.cz\/blog\/wp-content\/uploads\/2019\/06\/7-300x91.jpg 300w, https:\/\/answear.cz\/blog\/wp-content\/uploads\/2019\/06\/7-768x233.jpg 768w, https:\/\/answear.cz\/blog\/wp-content\/uploads\/2019\/06\/7-620x188.jpg 620w\" sizes=\"(max-width: 920px) 100vw, 920px\" \/><\/p>\n<p style=\"text-align: center;\"><span style=\"color: #000000;\"><strong><a style=\"color: #000000;\" href=\"https:\/\/answear.cz\/1649298-answear-bryle.html\">ANSWEAR<\/a> \/ <a style=\"color: #000000;\" href=\"https:\/\/answear.cz\/1575635-calvin-klein-cepice.html\">CALVIN KLEIN<\/a> \/ <a style=\"color: #000000;\" href=\"https:\/\/answear.cz\/789109-vogue-eyewear-bryle.html\">VOGUE<\/a> \/ <a style=\"color: #000000;\" href=\"https:\/\/answear.cz\/1713795-haily-s-bryle.html\">HAILY\u00b4S<\/a> \/ <a style=\"color: #000000;\" href=\"https:\/\/answear.cz\/1692088-answear-klobouk.html\">ANSWEAR<\/a><\/strong><\/span><\/p>\n<p><img loading=\"lazy\" decoding=\"async\" class=\"aligncenter wp-image-16849 size-full\" src=\"https:\/\/answear.cz\/blog\/wp-content\/uploads\/2019\/06\/8.jpg\" alt=\"\" width=\"920\" height=\"295\" srcset=\"https:\/\/answear.cz\/blog\/wp-content\/uploads\/2019\/06\/8.jpg 920w, https:\/\/answear.cz\/blog\/wp-content\/uploads\/2019\/06\/8-300x96.jpg 300w, https:\/\/answear.cz\/blog\/wp-content\/uploads\/2019\/06\/8-768x246.jpg 768w, https:\/\/answear.cz\/blog\/wp-content\/uploads\/2019\/06\/8-620x199.jpg 620w\" sizes=\"(max-width: 920px) 100vw, 920px\" \/><\/p>\n<p style=\"text-align: center;\"><span style=\"color: #000000;\"><strong><a style=\"color: #000000;\" href=\"https:\/\/answear.cz\/1687219-triumph-osuska.html\">TRIUMPH<\/a> \/ <a style=\"color: #000000;\" href=\"https:\/\/answear.cz\/1448554-mi-pac-kosmeticka-taska.html\">MI-PAC<\/a> \/ <a style=\"color: #000000;\" href=\"https:\/\/answear.cz\/1694318-answear-kabelka.html\">ANSWEAR<\/a> \/ <a style=\"color: #000000;\" href=\"https:\/\/answear.cz\/1604963-answear-kabelka.html\">ANSWEAR<\/a> \/ <a style=\"color: #000000;\" href=\"https:\/\/answear.cz\/1618243-medicine-walizka-basic-48-3-l.html\">MEDICINE<\/a><\/strong><\/span><\/p>\n","protected":false},"excerpt":{"rendered":"<p><span class=\"rt-reading-time\" style=\"display: block;\"><span class=\"rt-label rt-prefix\">\u010cten\u00ed na <\/span> <span class=\"rt-time\">3<\/span> <span class=\"rt-label rt-postfix\">minuty<\/span><\/span> Toto je posledn\u00ed zvon\u011bn\u00ed, a nejen to \u0161koln\u00ed, kter\u00e9 v\u00e1m p\u0159ipom\u00edn\u00e1, abyste se za\u010daly zodpov\u011bdn\u011b p\u0159ipravovat na vytou\u017eenou dovolenou. M\u00e1te sbalen\u00fd kufr? Je\u0161t\u011b ne?! V takov\u00e9m p\u0159\u00edpad\u011b jsme pro v\u00e1s p\u0159ipravili n\u00e1vod, co byste si rozhodn\u011b m\u011bly vz\u00edt pro va\u0161e letn\u00ed nicned\u011bl\u00e1n\u00ed.<\/p>\n","protected":false},"author":33,"featured_media":16841,"comment_status":"closed","ping_status":"closed","sticky":false,"template":"","format":"standard","meta":{"footnotes":""},"categories":[686],"tags":[675,924,977,990,934,1021,738,672,719,717,705,945,707,1022],"yoast_head":"<!-- This site is optimized with the Yoast SEO plugin v22.0 - https:\/\/yoast.com\/wordpress\/plugins\/seo\/ -->\n<title>JAK SE SPR\u00c1VN\u011a ZABALIT NA DOVOLENOU? - answear.cz blog<\/title>\n<meta name=\"description\" content=\"Toto je posledn\u00ed zvon\u011bn\u00ed, a nejen to \u0161koln\u00ed, kter\u00e9 v\u00e1m p\u0159ipom\u00edn\u00e1, abyste se za\u010daly zodpov\u011bdn\u011b p\u0159ipravovat na vytou\u017eenou dovolenou. M\u00e1te sbalen\u00fd kufr?\" \/>\n<meta name=\"robots\" content=\"index, follow, max-snippet:-1, max-image-preview:large, max-video-preview:-1\" \/>\n<link rel=\"canonical\" href=\"https:\/\/answear.cz\/blog\/jak-se-spravne-zabalit-na-dovolenou\/16840\" \/>\n<meta property=\"og:locale\" content=\"cs_CZ\" \/>\n<meta property=\"og:type\" content=\"article\" \/>\n<meta property=\"og:title\" content=\"JAK SE SPR\u00c1VN\u011a ZABALIT NA DOVOLENOU? - answear.cz blog\" \/>\n<meta property=\"og:description\" content=\"Toto je posledn\u00ed zvon\u011bn\u00ed, a nejen to \u0161koln\u00ed, kter\u00e9 v\u00e1m p\u0159ipom\u00edn\u00e1, abyste se za\u010daly zodpov\u011bdn\u011b p\u0159ipravovat na vytou\u017eenou dovolenou. M\u00e1te sbalen\u00fd kufr?\" \/>\n<meta property=\"og:url\" content=\"https:\/\/answear.cz\/blog\/jak-se-spravne-zabalit-na-dovolenou\/16840\" \/>\n<meta property=\"og:site_name\" content=\"answear.cz blog\" \/>\n<meta property=\"article:published_time\" content=\"2019-06-11T12:30:21+00:00\" \/>\n<meta property=\"article:modified_time\" content=\"2024-03-05T11:11:27+00:00\" \/>\n<meta property=\"og:image\" content=\"https:\/\/answear.cz\/blog\/wp-content\/uploads\/2019\/06\/cover_CZ_SK-1.jpg\" \/>\n\t<meta property=\"og:image:width\" content=\"620\" \/>\n\t<meta property=\"og:image:height\" content=\"420\" \/>\n\t<meta property=\"og:image:type\" content=\"image\/jpeg\" \/>\n<meta name=\"author\" content=\"Nicole\" \/>\n<meta name=\"twitter:card\" content=\"summary_large_image\" \/>\n<meta name=\"twitter:label1\" content=\"Napsal(a)\" \/>\n\t<meta name=\"twitter:data1\" content=\"Nicole\" \/>\n\t<meta name=\"twitter:label2\" content=\"Odhadovan\u00e1 doba \u010dten\u00ed\" \/>\n\t<meta name=\"twitter:data2\" content=\"3 minuty\" \/>\n<script type=\"application\/ld+json\" class=\"yoast-schema-graph\">{\"@context\":\"https:\/\/schema.org\",\"@graph\":[{\"@type\":\"WebPage\",\"@id\":\"https:\/\/answear.cz\/blog\/jak-se-spravne-zabalit-na-dovolenou\/16840\",\"url\":\"https:\/\/answear.cz\/blog\/jak-se-spravne-zabalit-na-dovolenou\/16840\",\"name\":\"JAK SE SPR\u00c1VN\u011a ZABALIT NA DOVOLENOU? - answear.cz blog\",\"isPartOf\":{\"@id\":\"https:\/\/answear.cz\/blog\/#website\"},\"datePublished\":\"2019-06-11T12:30:21+00:00\",\"dateModified\":\"2024-03-05T11:11:27+00:00\",\"author\":{\"@id\":\"https:\/\/answear.cz\/blog\/#\/schema\/person\/72673f7a85c595738417ee0e110a003f\"},\"description\":\"Toto je posledn\u00ed zvon\u011bn\u00ed, a nejen to \u0161koln\u00ed, kter\u00e9 v\u00e1m p\u0159ipom\u00edn\u00e1, abyste se za\u010daly zodpov\u011bdn\u011b p\u0159ipravovat na vytou\u017eenou dovolenou. M\u00e1te sbalen\u00fd kufr?\",\"breadcrumb\":{\"@id\":\"https:\/\/answear.cz\/blog\/jak-se-spravne-zabalit-na-dovolenou\/16840#breadcrumb\"},\"inLanguage\":\"cs\",\"potentialAction\":[{\"@type\":\"ReadAction\",\"target\":[\"https:\/\/answear.cz\/blog\/jak-se-spravne-zabalit-na-dovolenou\/16840\"]}]},{\"@type\":\"BreadcrumbList\",\"@id\":\"https:\/\/answear.cz\/blog\/jak-se-spravne-zabalit-na-dovolenou\/16840#breadcrumb\",\"itemListElement\":[{\"@type\":\"ListItem\",\"position\":1,\"name\":\"Dom\u016f\",\"item\":\"https:\/\/answear.cz\/blog\/\"},{\"@type\":\"ListItem\",\"position\":2,\"name\":\"JAK SE SPR\u00c1VN\u011a ZABALIT NA DOVOLENOU?\"}]},{\"@type\":\"WebSite\",\"@id\":\"https:\/\/answear.cz\/blog\/#website\",\"url\":\"https:\/\/answear.cz\/blog\/\",\"name\":\"answear.cz blog\",\"description\":\"M\u00f3da, trendy, rady a tipy stylist\u016f, novinky ze sv\u011bta m\u00f3dy. We know the ANSWEAR ;-)\",\"potentialAction\":[{\"@type\":\"SearchAction\",\"target\":{\"@type\":\"EntryPoint\",\"urlTemplate\":\"https:\/\/answear.cz\/blog\/?s={search_term_string}\"},\"query-input\":\"required name=search_term_string\"}],\"inLanguage\":\"cs\"},{\"@type\":\"Person\",\"@id\":\"https:\/\/answear.cz\/blog\/#\/schema\/person\/72673f7a85c595738417ee0e110a003f\",\"name\":\"Nicole\",\"image\":{\"@type\":\"ImageObject\",\"inLanguage\":\"cs\",\"@id\":\"https:\/\/answear.cz\/blog\/#\/schema\/person\/image\/\",\"url\":\"https:\/\/secure.gravatar.com\/avatar\/ebcc0076ddda532a42fb9cfa7ba0817e?s=96&d=mm&r=g\",\"contentUrl\":\"https:\/\/secure.gravatar.com\/avatar\/ebcc0076ddda532a42fb9cfa7ba0817e?s=96&d=mm&r=g\",\"caption\":\"Nicole\"},\"url\":\"https:\/\/answear.cz\/blog\/author\/nicole\"}]}<\/script>\n<!-- \/ Yoast SEO plugin. -->","yoast_head_json":{"title":"JAK SE SPR\u00c1VN\u011a ZABALIT NA DOVOLENOU? - answear.cz blog","description":"Toto je posledn\u00ed zvon\u011bn\u00ed, a nejen to \u0161koln\u00ed, kter\u00e9 v\u00e1m p\u0159ipom\u00edn\u00e1, abyste se za\u010daly zodpov\u011bdn\u011b p\u0159ipravovat na vytou\u017eenou dovolenou. M\u00e1te sbalen\u00fd kufr?","robots":{"index":"index","follow":"follow","max-snippet":"max-snippet:-1","max-image-preview":"max-image-preview:large","max-video-preview":"max-video-preview:-1"},"canonical":"https:\/\/answear.cz\/blog\/jak-se-spravne-zabalit-na-dovolenou\/16840","og_locale":"cs_CZ","og_type":"article","og_title":"JAK SE SPR\u00c1VN\u011a ZABALIT NA DOVOLENOU? - answear.cz blog","og_description":"Toto je posledn\u00ed zvon\u011bn\u00ed, a nejen to \u0161koln\u00ed, kter\u00e9 v\u00e1m p\u0159ipom\u00edn\u00e1, abyste se za\u010daly zodpov\u011bdn\u011b p\u0159ipravovat na vytou\u017eenou dovolenou. M\u00e1te sbalen\u00fd kufr?","og_url":"https:\/\/answear.cz\/blog\/jak-se-spravne-zabalit-na-dovolenou\/16840","og_site_name":"answear.cz blog","article_published_time":"2019-06-11T12:30:21+00:00","article_modified_time":"2024-03-05T11:11:27+00:00","og_image":[{"width":620,"height":420,"url":"https:\/\/answear.cz\/blog\/wp-content\/uploads\/2019\/06\/cover_CZ_SK-1.jpg","type":"image\/jpeg"}],"author":"Nicole","twitter_card":"summary_large_image","twitter_misc":{"Napsal(a)":"Nicole","Odhadovan\u00e1 doba \u010dten\u00ed":"3 minuty"},"schema":{"@context":"https:\/\/schema.org","@graph":[{"@type":"WebPage","@id":"https:\/\/answear.cz\/blog\/jak-se-spravne-zabalit-na-dovolenou\/16840","url":"https:\/\/answear.cz\/blog\/jak-se-spravne-zabalit-na-dovolenou\/16840","name":"JAK SE SPR\u00c1VN\u011a ZABALIT NA DOVOLENOU? - answear.cz blog","isPartOf":{"@id":"https:\/\/answear.cz\/blog\/#website"},"datePublished":"2019-06-11T12:30:21+00:00","dateModified":"2024-03-05T11:11:27+00:00","author":{"@id":"https:\/\/answear.cz\/blog\/#\/schema\/person\/72673f7a85c595738417ee0e110a003f"},"description":"Toto je posledn\u00ed zvon\u011bn\u00ed, a nejen to \u0161koln\u00ed, kter\u00e9 v\u00e1m p\u0159ipom\u00edn\u00e1, abyste se za\u010daly zodpov\u011bdn\u011b p\u0159ipravovat na vytou\u017eenou dovolenou. M\u00e1te sbalen\u00fd kufr?","breadcrumb":{"@id":"https:\/\/answear.cz\/blog\/jak-se-spravne-zabalit-na-dovolenou\/16840#breadcrumb"},"inLanguage":"cs","potentialAction":[{"@type":"ReadAction","target":["https:\/\/answear.cz\/blog\/jak-se-spravne-zabalit-na-dovolenou\/16840"]}]},{"@type":"BreadcrumbList","@id":"https:\/\/answear.cz\/blog\/jak-se-spravne-zabalit-na-dovolenou\/16840#breadcrumb","itemListElement":[{"@type":"ListItem","position":1,"name":"Dom\u016f","item":"https:\/\/answear.cz\/blog\/"},{"@type":"ListItem","position":2,"name":"JAK SE SPR\u00c1VN\u011a ZABALIT NA DOVOLENOU?"}]},{"@type":"WebSite","@id":"https:\/\/answear.cz\/blog\/#website","url":"https:\/\/answear.cz\/blog\/","name":"answear.cz blog","description":"M\u00f3da, trendy, rady a tipy stylist\u016f, novinky ze sv\u011bta m\u00f3dy. We know the ANSWEAR ;-)","potentialAction":[{"@type":"SearchAction","target":{"@type":"EntryPoint","urlTemplate":"https:\/\/answear.cz\/blog\/?s={search_term_string}"},"query-input":"required name=search_term_string"}],"inLanguage":"cs"},{"@type":"Person","@id":"https:\/\/answear.cz\/blog\/#\/schema\/person\/72673f7a85c595738417ee0e110a003f","name":"Nicole","image":{"@type":"ImageObject","inLanguage":"cs","@id":"https:\/\/answear.cz\/blog\/#\/schema\/person\/image\/","url":"https:\/\/secure.gravatar.com\/avatar\/ebcc0076ddda532a42fb9cfa7ba0817e?s=96&d=mm&r=g","contentUrl":"https:\/\/secure.gravatar.com\/avatar\/ebcc0076ddda532a42fb9cfa7ba0817e?s=96&d=mm&r=g","caption":"Nicole"},"url":"https:\/\/answear.cz\/blog\/author\/nicole"}]}},"_links":{"self":[{"href":"https:\/\/answear.cz\/blog\/wp-json\/wp\/v2\/posts\/16840"}],"collection":[{"href":"https:\/\/answear.cz\/blog\/wp-json\/wp\/v2\/posts"}],"about":[{"href":"https:\/\/answear.cz\/blog\/wp-json\/wp\/v2\/types\/post"}],"author":[{"embeddable":true,"href":"https:\/\/answear.cz\/blog\/wp-json\/wp\/v2\/users\/33"}],"replies":[{"embeddable":true,"href":"https:\/\/answear.cz\/blog\/wp-json\/wp\/v2\/comments?post=16840"}],"version-history":[{"count":4,"href":"https:\/\/answear.cz\/blog\/wp-json\/wp\/v2\/posts\/16840\/revisions"}],"predecessor-version":[{"id":16852,"href":"https:\/\/answear.cz\/blog\/wp-json\/wp\/v2\/posts\/16840\/revisions\/16852"}],"wp:featuredmedia":[{"embeddable":true,"href":"https:\/\/answear.cz\/blog\/wp-json\/wp\/v2\/media\/16841"}],"wp:attachment":[{"href":"https:\/\/answear.cz\/blog\/wp-json\/wp\/v2\/media?parent=16840"}],"wp:term":[{"taxonomy":"category","embeddable":true,"href":"https:\/\/answear.cz\/blog\/wp-json\/wp\/v2\/categories?post=16840"},{"taxonomy":"post_tag","embeddable":true,"href":"https:\/\/answear.cz\/blog\/wp-json\/wp\/v2\/tags?post=16840"}],"curies":[{"name":"wp","href":"https:\/\/api.w.org\/{rel}","templated":true}]}}