{"id":17697,"date":"2020-04-06T16:41:47","date_gmt":"2020-04-06T14:41:47","guid":{"rendered":"https:\/\/answear.cz\/blog\/?p=17697"},"modified":"2024-03-05T12:04:54","modified_gmt":"2024-03-05T11:04:54","slug":"velikonoce-jak-se-pripravit-na-svatky-jara","status":"publish","type":"post","link":"https:\/\/answear.cz\/blog\/velikonoce-jak-se-pripravit-na-svatky-jara\/17697","title":{"rendered":"Velikonoce &#8211; jak se p\u0159ipravit na sv\u00e1tky jara?"},"content":{"rendered":"<span class=\"rt-reading-time\" style=\"display: block;\"><span class=\"rt-label rt-prefix\">\u010cten\u00ed na <\/span> <span class=\"rt-time\">2<\/span> <span class=\"rt-label rt-postfix\">minuty<\/span><\/span><p><strong>Leto\u0161n\u00ed Velikonoce se budou v\u00fdrazn\u011b li\u0161it od t\u011bch, na kter\u00e9 jsme zvykl\u00ed. P\u0159esto si je m\u016f\u017eeme u\u017e\u00edt radostn\u011b a v p\u0159\u00edjemn\u00e9 atmosf\u00e9\u0159e. Pod\u00edvejte se na na\u0161e tipy, jak v\u0161e zvl\u00e1dnout i p\u0159es nelehk\u00e9 okolnosti.<\/strong><!--more--><\/p>\n<p>Neztr\u00e1cejme s\u00edlu a optimismus. A\u0165 v\u00e1m tato doba navzdory situaci p\u0159in\u00e1\u0161\u00ed radost a pot\u011b\u0161en\u00ed. Pocit slavnostn\u00ed chv\u00edle m\u016f\u017eete pro\u017e\u00edt i d\u00edky hezk\u00e9mu oble\u010den\u00ed. I v\u00a0dom\u00e1c\u00edm prost\u0159ed\u00ed, p\u0159esto v\u00e1m velikono\u010dn\u00ed zaj\u00ed\u010dek m\u016f\u017ee n\u011bco nad\u011blit. Nab\u00edz\u00edme v\u00e1m proto p\u00e1r tip\u016f.<\/p>\n<p><img loading=\"lazy\" decoding=\"async\" class=\"alignnone size-full wp-image-18590\" src=\"https:\/\/blogtest.answear.cz\/wp-content\/uploads\/2020\/04\/Easter_2020_02-1.jpg\" alt=\"\" width=\"920\" height=\"687\" srcset=\"https:\/\/answear.cz\/blog\/wp-content\/uploads\/2020\/04\/Easter_2020_02-1.jpg 920w, https:\/\/answear.cz\/blog\/wp-content\/uploads\/2020\/04\/Easter_2020_02-1-768x573.jpg 768w\" sizes=\"(max-width: 920px) 100vw, 920px\" \/><strong>V barv\u00e1ch jara<\/strong><\/p>\n<p>Pokud jste si je\u0161t\u011b nep\u0159ehodily zimn\u00ed \u0161atn\u00edk, je nejvy\u0161\u0161\u00ed \u010das rozlou\u010dit se se v\u0161emi odst\u00edny \u0161ed\u00e9. Jako ka\u017ed\u00fd rok na ja\u0159e sah\u00e1me po sv\u011btl\u00fdch barv\u00e1ch. \u017dlut\u00e1, sv\u011btle r\u016f\u017eov\u00e1, kor\u00e1lov\u00e1, modr\u00e1, zelen\u00e1 v odst\u00ednech m\u00e1ty nebo pist\u00e1ci\u00ed jsou barvy, kter\u00e9 bychom m\u011bly na sob\u011b vyzkou\u0161et. A\u0165 u\u017e se objev\u00ed na na\u0161ich dopl\u0148c\u00edch, \u0161perc\u00edch nebo na od\u011bvech (a\u010dkoli je to jen tri\u010dko nebo b\u011b\u017en\u00e1 mikina). Jarn\u00ed barvy p\u0159in\u00e1\u0161ej\u00ed radostnou n\u00e1ladu a tu te\u010f obzvl\u00e1\u0161\u0165 pot\u0159ebujeme.<\/p>\n<div id='gallery-1' class='gallery galleryid-17697 gallery-columns-5 gallery-size-large'><figure class='gallery-item'>\n\t\t\t<div class='gallery-icon portrait'>\n\t\t\t\t<a href='https:\/\/answear.cz\/blog\/velikonoce-jak-se-pripravit-na-svatky-jara\/17697\/easter_2020_10'><img loading=\"lazy\" decoding=\"async\" width=\"180\" height=\"281\" src=\"https:\/\/answear.cz\/blog\/wp-content\/uploads\/2020\/04\/Easter_2020_10.jpg\" class=\"attachment-large size-large\" alt=\"\" \/><\/a>\n\t\t\t<\/div><\/figure><figure class='gallery-item'>\n\t\t\t<div class='gallery-icon portrait'>\n\t\t\t\t<a href='https:\/\/answear.cz\/blog\/velikonoce-jak-se-pripravit-na-svatky-jara\/17697\/easter_2020_04'><img loading=\"lazy\" decoding=\"async\" width=\"180\" height=\"281\" src=\"https:\/\/answear.cz\/blog\/wp-content\/uploads\/2020\/04\/Easter_2020_04.jpg\" class=\"attachment-large size-large\" alt=\"\" \/><\/a>\n\t\t\t<\/div><\/figure><figure class='gallery-item'>\n\t\t\t<div class='gallery-icon portrait'>\n\t\t\t\t<a href='https:\/\/answear.cz\/blog\/velikonoce-jak-se-pripravit-na-svatky-jara\/17697\/easter_2020_06'><img loading=\"lazy\" decoding=\"async\" width=\"180\" height=\"281\" src=\"https:\/\/answear.cz\/blog\/wp-content\/uploads\/2020\/04\/Easter_2020_06.jpg\" class=\"attachment-large size-large\" alt=\"\" \/><\/a>\n\t\t\t<\/div><\/figure><figure class='gallery-item'>\n\t\t\t<div class='gallery-icon portrait'>\n\t\t\t\t<a href='https:\/\/answear.cz\/blog\/velikonoce-jak-se-pripravit-na-svatky-jara\/17697\/easter_2020_08'><img loading=\"lazy\" decoding=\"async\" width=\"180\" height=\"281\" src=\"https:\/\/answear.cz\/blog\/wp-content\/uploads\/2020\/04\/Easter_2020_08.jpg\" class=\"attachment-large size-large\" alt=\"\" \/><\/a>\n\t\t\t<\/div><\/figure><figure class='gallery-item'>\n\t\t\t<div class='gallery-icon portrait'>\n\t\t\t\t<a href='https:\/\/answear.cz\/blog\/velikonoce-jak-se-pripravit-na-svatky-jara\/17697\/easter_2020_12'><img loading=\"lazy\" decoding=\"async\" width=\"180\" height=\"281\" src=\"https:\/\/answear.cz\/blog\/wp-content\/uploads\/2020\/04\/Easter_2020_12.jpg\" class=\"attachment-large size-large\" alt=\"\" \/><\/a>\n\t\t\t<\/div><\/figure>\n\t\t<\/div>\n\n<p style=\"text-align: center;\"><span style=\"color: #000000;\"><strong><a style=\"color: #000000;\" href=\"https:\/\/answear.cz\/2099213-guess-jeans-mikina.html\">GUESS JEANS<\/a> \/ <a style=\"color: #000000;\" href=\"https:\/\/answear.cz\/2115333-mango-sako-boreli.html\">MANGO<\/a> \/ <a style=\"color: #000000;\" href=\"https:\/\/answear.cz\/2076460-answear-sukne.html\">ANSWEAR<\/a> \/ <a style=\"color: #000000;\" href=\"https:\/\/answear.cz\/2085146-answear-kosile.html\">ANSWEAR<\/a> \/ <a style=\"color: #000000;\" href=\"https:\/\/answear.cz\/2116308-mango-tricko-canilla.html\">MANGO<\/a><\/strong><\/span><\/p>\n<p><strong>Ka\u017edodenn\u00ed elegance<\/strong><\/p>\n<p>Pravd\u011bpodobn\u011b str\u00e1v\u00edme tyto sv\u00e1tky jinak ne\u017e ty p\u0159edchoz\u00ed, ale pobyt doma nemus\u00ed souviset s posezen\u00edm ve vytahan\u00fdch py\u017eamech. Oslavujte tentokr\u00e1t pr\u00e1v\u011b sv\u00fdm stylem! Oble\u010dte si punt\u00edkat\u00e9 \u0161aty nebo ty s kv\u011btinov\u00fdm potiskem. Vyberte si tri\u010dko s velkou zavazovac\u00ed ma\u0161l\u00ed a k n\u011bmu \u0161irok\u00e9 kalhoty. Pokud se chyst\u00e1te na proch\u00e1zku, vym\u011b\u0148te parku za elegantn\u00ed tren\u010dkot. Non\u0161alantnost a kousek elegance v\u00e1m dodaj\u00ed dobr\u00fd pocit a zd\u016frazn\u00ed jedine\u010dnost. Pokud jste se dosud obl\u00e9kaly jen kv\u016fli sv\u00e9mu okol\u00ed, je \u010das zm\u011bnit my\u0161len\u00ed &#8211; nyn\u00ed se i doma m\u016f\u017eete c\u00edtit kr\u00e1sn\u00e9 a m\u00f3dn\u00ed, a dokonce jen kv\u016fli sob\u011b.<\/p>\n<div id='gallery-2' class='gallery galleryid-17697 gallery-columns-5 gallery-size-large'><figure class='gallery-item'>\n\t\t\t<div class='gallery-icon portrait'>\n\t\t\t\t<a href='https:\/\/answear.cz\/blog\/velikonoce-jak-se-pripravit-na-svatky-jara\/17697\/easter_2020_24'><img loading=\"lazy\" decoding=\"async\" width=\"180\" height=\"281\" src=\"https:\/\/answear.cz\/blog\/wp-content\/uploads\/2020\/04\/Easter_2020_24.jpg\" class=\"attachment-large size-large\" alt=\"\" \/><\/a>\n\t\t\t<\/div><\/figure><figure class='gallery-item'>\n\t\t\t<div class='gallery-icon portrait'>\n\t\t\t\t<a href='https:\/\/answear.cz\/blog\/velikonoce-jak-se-pripravit-na-svatky-jara\/17697\/easter_2020_18'><img loading=\"lazy\" decoding=\"async\" width=\"180\" height=\"281\" src=\"https:\/\/answear.cz\/blog\/wp-content\/uploads\/2020\/04\/Easter_2020_18.jpg\" class=\"attachment-large size-large\" alt=\"\" \/><\/a>\n\t\t\t<\/div><\/figure><figure class='gallery-item'>\n\t\t\t<div class='gallery-icon portrait'>\n\t\t\t\t<a href='https:\/\/answear.cz\/blog\/velikonoce-jak-se-pripravit-na-svatky-jara\/17697\/easter_2020_19'><img loading=\"lazy\" decoding=\"async\" width=\"180\" height=\"281\" src=\"https:\/\/answear.cz\/blog\/wp-content\/uploads\/2020\/04\/Easter_2020_19.jpg\" class=\"attachment-large size-large\" alt=\"\" \/><\/a>\n\t\t\t<\/div><\/figure><figure class='gallery-item'>\n\t\t\t<div class='gallery-icon portrait'>\n\t\t\t\t<a href='https:\/\/answear.cz\/blog\/velikonoce-jak-se-pripravit-na-svatky-jara\/17697\/easter_2020_20'><img loading=\"lazy\" decoding=\"async\" width=\"180\" height=\"281\" src=\"https:\/\/answear.cz\/blog\/wp-content\/uploads\/2020\/04\/Easter_2020_20.jpg\" class=\"attachment-large size-large\" alt=\"\" \/><\/a>\n\t\t\t<\/div><\/figure><figure class='gallery-item'>\n\t\t\t<div class='gallery-icon portrait'>\n\t\t\t\t<a href='https:\/\/answear.cz\/blog\/velikonoce-jak-se-pripravit-na-svatky-jara\/17697\/easter_2020_22'><img loading=\"lazy\" decoding=\"async\" width=\"180\" height=\"281\" src=\"https:\/\/answear.cz\/blog\/wp-content\/uploads\/2020\/04\/Easter_2020_22.jpg\" class=\"attachment-large size-large\" alt=\"\" \/><\/a>\n\t\t\t<\/div><\/figure>\n\t\t<\/div>\n\n<p style=\"text-align: center;\"><span style=\"color: #000000;\"><strong><a style=\"color: #000000;\" href=\"https:\/\/answear.cz\/1992378-vero-moda-trench-kabat.html\">VERO MODA<\/a> \/ <a style=\"color: #000000;\" href=\"https:\/\/answear.cz\/2031993-guess-jeans-kosile.html\">GUESS JEANS<\/a> \/ <a style=\"color: #000000;\" href=\"https:\/\/answear.cz\/2080158-armani-exchange-kalhoty.html\">ARMANI EXCHANGE<\/a> \/ <a style=\"color: #000000;\" href=\"https:\/\/answear.cz\/2100632-marciano-guess-saty.html\">MARCIANO GUESS<\/a> \/ <a style=\"color: #000000;\" href=\"https:\/\/answear.cz\/2099388-polo-ralph-lauren-kosile.html\">POLO RALPH LAUREN<\/a><\/strong><\/span><\/p>\n<p><img loading=\"lazy\" decoding=\"async\" class=\"aligncenter wp-image-17710 size-full\" src=\"https:\/\/answear.cz\/blog\/wp-content\/uploads\/2020\/04\/Easter_2020_27.jpg\" alt=\"\" width=\"920\" height=\"777\" srcset=\"https:\/\/answear.cz\/blog\/wp-content\/uploads\/2020\/04\/Easter_2020_27.jpg 920w, https:\/\/answear.cz\/blog\/wp-content\/uploads\/2020\/04\/Easter_2020_27-300x253.jpg 300w, https:\/\/answear.cz\/blog\/wp-content\/uploads\/2020\/04\/Easter_2020_27-768x649.jpg 768w, https:\/\/answear.cz\/blog\/wp-content\/uploads\/2020\/04\/Easter_2020_27-620x524.jpg 620w\" sizes=\"(max-width: 920px) 100vw, 920px\" \/><\/p>\n<p><strong>Dopl\u0148ky, kter\u00e9 dodaj\u00ed originalitu<\/strong><\/p>\n<p>Nezapome\u0148te na dopl\u0148ky. Nahra\u010fte zimn\u00ed boty za baler\u00edny, elegantn\u00ed vysok\u00e9 podpatky nebo jarn\u00ed tenisky. Nechte se okouzlit kabelkami v pestr\u00fdch barv\u00e1ch &#8211; zaru\u010dujeme, \u017ee budou prvn\u00ed v\u011bc\u00ed, kterou si vezmete, kdy\u017e padnou bari\u00e9ry a budete se moci vydat do m\u011bsta. \u0160perky, \u010delenky do vlas\u016f a velk\u00e9 ozdobn\u00e9 \u0161pendl\u00edky se v\u00e1m hod\u00ed kdykoliv. Zachr\u00e1n\u00ed \u00fa\u010des a vylep\u0161\u00ed v\u00e1\u0161 celkov\u00fd vzhled.<\/p>\n<div id='gallery-3' class='gallery galleryid-17697 gallery-columns-5 gallery-size-large'><figure class='gallery-item'>\n\t\t\t<div class='gallery-icon portrait'>\n\t\t\t\t<a href='https:\/\/answear.cz\/blog\/velikonoce-jak-se-pripravit-na-svatky-jara\/17697\/easter_2020_29'><img loading=\"lazy\" decoding=\"async\" width=\"180\" height=\"281\" src=\"https:\/\/answear.cz\/blog\/wp-content\/uploads\/2020\/04\/Easter_2020_29.jpg\" class=\"attachment-large size-large\" alt=\"\" \/><\/a>\n\t\t\t<\/div><\/figure><figure class='gallery-item'>\n\t\t\t<div class='gallery-icon portrait'>\n\t\t\t\t<a href='https:\/\/answear.cz\/blog\/velikonoce-jak-se-pripravit-na-svatky-jara\/17697\/easter_2020_31'><img loading=\"lazy\" decoding=\"async\" width=\"180\" height=\"281\" src=\"https:\/\/answear.cz\/blog\/wp-content\/uploads\/2020\/04\/Easter_2020_31.jpg\" class=\"attachment-large size-large\" alt=\"\" \/><\/a>\n\t\t\t<\/div><\/figure><figure class='gallery-item'>\n\t\t\t<div class='gallery-icon portrait'>\n\t\t\t\t<a href='https:\/\/answear.cz\/blog\/velikonoce-jak-se-pripravit-na-svatky-jara\/17697\/easter_2020_33'><img loading=\"lazy\" decoding=\"async\" width=\"180\" height=\"281\" src=\"https:\/\/answear.cz\/blog\/wp-content\/uploads\/2020\/04\/Easter_2020_33.jpg\" class=\"attachment-large size-large\" alt=\"\" \/><\/a>\n\t\t\t<\/div><\/figure><figure class='gallery-item'>\n\t\t\t<div class='gallery-icon portrait'>\n\t\t\t\t<a href='https:\/\/answear.cz\/blog\/velikonoce-jak-se-pripravit-na-svatky-jara\/17697\/easter_2020_35'><img loading=\"lazy\" decoding=\"async\" width=\"180\" height=\"281\" src=\"https:\/\/answear.cz\/blog\/wp-content\/uploads\/2020\/04\/Easter_2020_35.jpg\" class=\"attachment-large size-large\" alt=\"\" \/><\/a>\n\t\t\t<\/div><\/figure><figure class='gallery-item'>\n\t\t\t<div class='gallery-icon portrait'>\n\t\t\t\t<a href='https:\/\/answear.cz\/blog\/velikonoce-jak-se-pripravit-na-svatky-jara\/17697\/easter_2020_37'><img loading=\"lazy\" decoding=\"async\" width=\"180\" height=\"281\" src=\"https:\/\/answear.cz\/blog\/wp-content\/uploads\/2020\/04\/Easter_2020_37.jpg\" class=\"attachment-large size-large\" alt=\"\" \/><\/a>\n\t\t\t<\/div><\/figure>\n\t\t<\/div>\n\n<p style=\"text-align: center;\"><span style=\"color: #000000;\"><strong><a style=\"color: #000000;\" href=\"https:\/\/answear.cz\/1985430-joop-penezenka.html\">JOOP!<\/a> \/ <a style=\"color: #000000;\" href=\"https:\/\/answear.cz\/1991005-mango-nausnice-blair.html\">MANGO<\/a> \/ <a style=\"color: #000000;\" href=\"https:\/\/answear.cz\/2041237-pinko-kozeny-pasek.html\">PINKO<\/a> \/ <a style=\"color: #000000;\" href=\"https:\/\/answear.cz\/2065656-answear-kabelka.html\">ANSWEAR<\/a> \/ <a style=\"color: #000000;\" href=\"https:\/\/answear.cz\/2050653-answear-sandaly.html\">ANSWEAR<\/a><\/strong><\/span><\/p>\n<p><img loading=\"lazy\" decoding=\"async\" class=\"aligncenter wp-image-17716 size-full\" src=\"https:\/\/answear.cz\/blog\/wp-content\/uploads\/2020\/04\/Easter_2020_44.jpg\" alt=\"\" width=\"920\" height=\"687\" srcset=\"https:\/\/answear.cz\/blog\/wp-content\/uploads\/2020\/04\/Easter_2020_44.jpg 920w, https:\/\/answear.cz\/blog\/wp-content\/uploads\/2020\/04\/Easter_2020_44-300x224.jpg 300w, https:\/\/answear.cz\/blog\/wp-content\/uploads\/2020\/04\/Easter_2020_44-768x573.jpg 768w, https:\/\/answear.cz\/blog\/wp-content\/uploads\/2020\/04\/Easter_2020_44-620x463.jpg 620w\" sizes=\"(max-width: 920px) 100vw, 920px\" \/><\/p>\n","protected":false},"excerpt":{"rendered":"<p><span class=\"rt-reading-time\" style=\"display: block;\"><span class=\"rt-label rt-prefix\">\u010cten\u00ed na <\/span> <span class=\"rt-time\">2<\/span> <span class=\"rt-label rt-postfix\">minuty<\/span><\/span> Leto\u0161n\u00ed Velikonoce se budou v\u00fdrazn\u011b li\u0161it od t\u011bch, na kter\u00e9 jsme zvykl\u00ed. P\u0159esto si je m\u016f\u017eeme u\u017e\u00edt radostn\u011b a v p\u0159\u00edjemn\u00e9 atmosf\u00e9\u0159e. Pod\u00edvejte se na na\u0161e tipy, jak v\u0161e zvl\u00e1dnout i p\u0159es nelehk\u00e9 okolnosti.<\/p>\n","protected":false},"author":33,"featured_media":18589,"comment_status":"closed","ping_status":"closed","sticky":false,"template":"","format":"standard","meta":{"footnotes":""},"categories":[686],"tags":[675,944,935,985,679,1027,923,1025,919],"yoast_head":"<!-- This site is optimized with the Yoast SEO plugin v22.0 - https:\/\/yoast.com\/wordpress\/plugins\/seo\/ -->\n<title>Velikonoce - jak se p\u0159ipravit na sv\u00e1tky jara? - answear.cz blog<\/title>\n<meta name=\"description\" content=\"Leto\u0161n\u00ed Velikonoce se budou v\u00fdrazn\u011b li\u0161it od t\u011bch, na kter\u00e9 jsme zvykl\u00ed. P\u0159esto si je m\u016f\u017eeme u\u017e\u00edt radostn\u011b a v p\u0159\u00edjemn\u00e9 atmosf\u00e9\u0159e. Pod\u00edvejte se na na\u0161e\" \/>\n<meta name=\"robots\" content=\"index, follow, max-snippet:-1, max-image-preview:large, max-video-preview:-1\" \/>\n<link rel=\"canonical\" href=\"https:\/\/answear.cz\/blog\/velikonoce-jak-se-pripravit-na-svatky-jara\/17697\" \/>\n<meta property=\"og:locale\" content=\"cs_CZ\" \/>\n<meta property=\"og:type\" content=\"article\" \/>\n<meta property=\"og:title\" content=\"Velikonoce - jak se p\u0159ipravit na sv\u00e1tky jara? - answear.cz blog\" \/>\n<meta property=\"og:description\" content=\"Leto\u0161n\u00ed Velikonoce se budou v\u00fdrazn\u011b li\u0161it od t\u011bch, na kter\u00e9 jsme zvykl\u00ed. P\u0159esto si je m\u016f\u017eeme u\u017e\u00edt radostn\u011b a v p\u0159\u00edjemn\u00e9 atmosf\u00e9\u0159e. Pod\u00edvejte se na na\u0161e\" \/>\n<meta property=\"og:url\" content=\"https:\/\/answear.cz\/blog\/velikonoce-jak-se-pripravit-na-svatky-jara\/17697\" \/>\n<meta property=\"og:site_name\" content=\"answear.cz blog\" \/>\n<meta property=\"article:published_time\" content=\"2020-04-06T14:41:47+00:00\" \/>\n<meta property=\"article:modified_time\" content=\"2024-03-05T11:04:54+00:00\" \/>\n<meta property=\"og:image\" content=\"https:\/\/answear.cz\/blog\/wp-content\/uploads\/2020\/04\/cover_CZ_SK-7.jpg\" \/>\n\t<meta property=\"og:image:width\" content=\"620\" \/>\n\t<meta property=\"og:image:height\" content=\"420\" \/>\n\t<meta property=\"og:image:type\" content=\"image\/jpeg\" \/>\n<meta name=\"author\" content=\"Nicole\" \/>\n<meta name=\"twitter:card\" content=\"summary_large_image\" \/>\n<meta name=\"twitter:label1\" content=\"Napsal(a)\" \/>\n\t<meta name=\"twitter:data1\" content=\"Nicole\" \/>\n\t<meta name=\"twitter:label2\" content=\"Odhadovan\u00e1 doba \u010dten\u00ed\" \/>\n\t<meta name=\"twitter:data2\" content=\"2 minuty\" \/>\n<script type=\"application\/ld+json\" class=\"yoast-schema-graph\">{\"@context\":\"https:\/\/schema.org\",\"@graph\":[{\"@type\":\"WebPage\",\"@id\":\"https:\/\/answear.cz\/blog\/velikonoce-jak-se-pripravit-na-svatky-jara\/17697\",\"url\":\"https:\/\/answear.cz\/blog\/velikonoce-jak-se-pripravit-na-svatky-jara\/17697\",\"name\":\"Velikonoce - jak se p\u0159ipravit na sv\u00e1tky jara? - answear.cz blog\",\"isPartOf\":{\"@id\":\"https:\/\/answear.cz\/blog\/#website\"},\"datePublished\":\"2020-04-06T14:41:47+00:00\",\"dateModified\":\"2024-03-05T11:04:54+00:00\",\"author\":{\"@id\":\"https:\/\/answear.cz\/blog\/#\/schema\/person\/72673f7a85c595738417ee0e110a003f\"},\"description\":\"Leto\u0161n\u00ed Velikonoce se budou v\u00fdrazn\u011b li\u0161it od t\u011bch, na kter\u00e9 jsme zvykl\u00ed. P\u0159esto si je m\u016f\u017eeme u\u017e\u00edt radostn\u011b a v p\u0159\u00edjemn\u00e9 atmosf\u00e9\u0159e. Pod\u00edvejte se na na\u0161e\",\"breadcrumb\":{\"@id\":\"https:\/\/answear.cz\/blog\/velikonoce-jak-se-pripravit-na-svatky-jara\/17697#breadcrumb\"},\"inLanguage\":\"cs\",\"potentialAction\":[{\"@type\":\"ReadAction\",\"target\":[\"https:\/\/answear.cz\/blog\/velikonoce-jak-se-pripravit-na-svatky-jara\/17697\"]}]},{\"@type\":\"BreadcrumbList\",\"@id\":\"https:\/\/answear.cz\/blog\/velikonoce-jak-se-pripravit-na-svatky-jara\/17697#breadcrumb\",\"itemListElement\":[{\"@type\":\"ListItem\",\"position\":1,\"name\":\"Dom\u016f\",\"item\":\"https:\/\/answear.cz\/blog\/\"},{\"@type\":\"ListItem\",\"position\":2,\"name\":\"Velikonoce &#8211; jak se p\u0159ipravit na sv\u00e1tky jara?\"}]},{\"@type\":\"WebSite\",\"@id\":\"https:\/\/answear.cz\/blog\/#website\",\"url\":\"https:\/\/answear.cz\/blog\/\",\"name\":\"answear.cz blog\",\"description\":\"M\u00f3da, trendy, rady a tipy stylist\u016f, novinky ze sv\u011bta m\u00f3dy. We know the ANSWEAR ;-)\",\"potentialAction\":[{\"@type\":\"SearchAction\",\"target\":{\"@type\":\"EntryPoint\",\"urlTemplate\":\"https:\/\/answear.cz\/blog\/?s={search_term_string}\"},\"query-input\":\"required name=search_term_string\"}],\"inLanguage\":\"cs\"},{\"@type\":\"Person\",\"@id\":\"https:\/\/answear.cz\/blog\/#\/schema\/person\/72673f7a85c595738417ee0e110a003f\",\"name\":\"Nicole\",\"image\":{\"@type\":\"ImageObject\",\"inLanguage\":\"cs\",\"@id\":\"https:\/\/answear.cz\/blog\/#\/schema\/person\/image\/\",\"url\":\"https:\/\/secure.gravatar.com\/avatar\/ebcc0076ddda532a42fb9cfa7ba0817e?s=96&d=mm&r=g\",\"contentUrl\":\"https:\/\/secure.gravatar.com\/avatar\/ebcc0076ddda532a42fb9cfa7ba0817e?s=96&d=mm&r=g\",\"caption\":\"Nicole\"},\"url\":\"https:\/\/answear.cz\/blog\/author\/nicole\"}]}<\/script>\n<!-- \/ Yoast SEO plugin. -->","yoast_head_json":{"title":"Velikonoce - jak se p\u0159ipravit na sv\u00e1tky jara? - answear.cz blog","description":"Leto\u0161n\u00ed Velikonoce se budou v\u00fdrazn\u011b li\u0161it od t\u011bch, na kter\u00e9 jsme zvykl\u00ed. P\u0159esto si je m\u016f\u017eeme u\u017e\u00edt radostn\u011b a v p\u0159\u00edjemn\u00e9 atmosf\u00e9\u0159e. Pod\u00edvejte se na na\u0161e","robots":{"index":"index","follow":"follow","max-snippet":"max-snippet:-1","max-image-preview":"max-image-preview:large","max-video-preview":"max-video-preview:-1"},"canonical":"https:\/\/answear.cz\/blog\/velikonoce-jak-se-pripravit-na-svatky-jara\/17697","og_locale":"cs_CZ","og_type":"article","og_title":"Velikonoce - jak se p\u0159ipravit na sv\u00e1tky jara? - answear.cz blog","og_description":"Leto\u0161n\u00ed Velikonoce se budou v\u00fdrazn\u011b li\u0161it od t\u011bch, na kter\u00e9 jsme zvykl\u00ed. P\u0159esto si je m\u016f\u017eeme u\u017e\u00edt radostn\u011b a v p\u0159\u00edjemn\u00e9 atmosf\u00e9\u0159e. Pod\u00edvejte se na na\u0161e","og_url":"https:\/\/answear.cz\/blog\/velikonoce-jak-se-pripravit-na-svatky-jara\/17697","og_site_name":"answear.cz blog","article_published_time":"2020-04-06T14:41:47+00:00","article_modified_time":"2024-03-05T11:04:54+00:00","og_image":[{"width":620,"height":420,"url":"https:\/\/answear.cz\/blog\/wp-content\/uploads\/2020\/04\/cover_CZ_SK-7.jpg","type":"image\/jpeg"}],"author":"Nicole","twitter_card":"summary_large_image","twitter_misc":{"Napsal(a)":"Nicole","Odhadovan\u00e1 doba \u010dten\u00ed":"2 minuty"},"schema":{"@context":"https:\/\/schema.org","@graph":[{"@type":"WebPage","@id":"https:\/\/answear.cz\/blog\/velikonoce-jak-se-pripravit-na-svatky-jara\/17697","url":"https:\/\/answear.cz\/blog\/velikonoce-jak-se-pripravit-na-svatky-jara\/17697","name":"Velikonoce - jak se p\u0159ipravit na sv\u00e1tky jara? - answear.cz blog","isPartOf":{"@id":"https:\/\/answear.cz\/blog\/#website"},"datePublished":"2020-04-06T14:41:47+00:00","dateModified":"2024-03-05T11:04:54+00:00","author":{"@id":"https:\/\/answear.cz\/blog\/#\/schema\/person\/72673f7a85c595738417ee0e110a003f"},"description":"Leto\u0161n\u00ed Velikonoce se budou v\u00fdrazn\u011b li\u0161it od t\u011bch, na kter\u00e9 jsme zvykl\u00ed. P\u0159esto si je m\u016f\u017eeme u\u017e\u00edt radostn\u011b a v p\u0159\u00edjemn\u00e9 atmosf\u00e9\u0159e. Pod\u00edvejte se na na\u0161e","breadcrumb":{"@id":"https:\/\/answear.cz\/blog\/velikonoce-jak-se-pripravit-na-svatky-jara\/17697#breadcrumb"},"inLanguage":"cs","potentialAction":[{"@type":"ReadAction","target":["https:\/\/answear.cz\/blog\/velikonoce-jak-se-pripravit-na-svatky-jara\/17697"]}]},{"@type":"BreadcrumbList","@id":"https:\/\/answear.cz\/blog\/velikonoce-jak-se-pripravit-na-svatky-jara\/17697#breadcrumb","itemListElement":[{"@type":"ListItem","position":1,"name":"Dom\u016f","item":"https:\/\/answear.cz\/blog\/"},{"@type":"ListItem","position":2,"name":"Velikonoce &#8211; jak se p\u0159ipravit na sv\u00e1tky jara?"}]},{"@type":"WebSite","@id":"https:\/\/answear.cz\/blog\/#website","url":"https:\/\/answear.cz\/blog\/","name":"answear.cz blog","description":"M\u00f3da, trendy, rady a tipy stylist\u016f, novinky ze sv\u011bta m\u00f3dy. We know the ANSWEAR ;-)","potentialAction":[{"@type":"SearchAction","target":{"@type":"EntryPoint","urlTemplate":"https:\/\/answear.cz\/blog\/?s={search_term_string}"},"query-input":"required name=search_term_string"}],"inLanguage":"cs"},{"@type":"Person","@id":"https:\/\/answear.cz\/blog\/#\/schema\/person\/72673f7a85c595738417ee0e110a003f","name":"Nicole","image":{"@type":"ImageObject","inLanguage":"cs","@id":"https:\/\/answear.cz\/blog\/#\/schema\/person\/image\/","url":"https:\/\/secure.gravatar.com\/avatar\/ebcc0076ddda532a42fb9cfa7ba0817e?s=96&d=mm&r=g","contentUrl":"https:\/\/secure.gravatar.com\/avatar\/ebcc0076ddda532a42fb9cfa7ba0817e?s=96&d=mm&r=g","caption":"Nicole"},"url":"https:\/\/answear.cz\/blog\/author\/nicole"}]}},"_links":{"self":[{"href":"https:\/\/answear.cz\/blog\/wp-json\/wp\/v2\/posts\/17697"}],"collection":[{"href":"https:\/\/answear.cz\/blog\/wp-json\/wp\/v2\/posts"}],"about":[{"href":"https:\/\/answear.cz\/blog\/wp-json\/wp\/v2\/types\/post"}],"author":[{"embeddable":true,"href":"https:\/\/answear.cz\/blog\/wp-json\/wp\/v2\/users\/33"}],"replies":[{"embeddable":true,"href":"https:\/\/answear.cz\/blog\/wp-json\/wp\/v2\/comments?post=17697"}],"version-history":[{"count":4,"href":"https:\/\/answear.cz\/blog\/wp-json\/wp\/v2\/posts\/17697\/revisions"}],"predecessor-version":[{"id":18872,"href":"https:\/\/answear.cz\/blog\/wp-json\/wp\/v2\/posts\/17697\/revisions\/18872"}],"wp:featuredmedia":[{"embeddable":true,"href":"https:\/\/answear.cz\/blog\/wp-json\/wp\/v2\/media\/18589"}],"wp:attachment":[{"href":"https:\/\/answear.cz\/blog\/wp-json\/wp\/v2\/media?parent=17697"}],"wp:term":[{"taxonomy":"category","embeddable":true,"href":"https:\/\/answear.cz\/blog\/wp-json\/wp\/v2\/categories?post=17697"},{"taxonomy":"post_tag","embeddable":true,"href":"https:\/\/answear.cz\/blog\/wp-json\/wp\/v2\/tags?post=17697"}],"curies":[{"name":"wp","href":"https:\/\/api.w.org\/{rel}","templated":true}]}}