{"id":23411,"date":"2023-04-26T22:15:51","date_gmt":"2023-04-26T20:15:51","guid":{"rendered":"https:\/\/answear.cz\/blog\/?p=23411"},"modified":"2023-04-27T16:20:51","modified_gmt":"2023-04-27T14:20:51","slug":"learn-to-rest-by-answear-lab-umeni-odpocinku","status":"publish","type":"post","link":"https:\/\/answear.cz\/blog\/learn-to-rest-by-answear-lab-umeni-odpocinku\/23411","title":{"rendered":"\u201eLearn to rest\u201d by Answear.LAB. Um\u011bn\u00ed odpo\u010dinku"},"content":{"rendered":"<span class=\"rt-reading-time\" style=\"display: block;\"><span class=\"rt-label rt-prefix\">\u010cten\u00ed na <\/span> <span class=\"rt-time\">3<\/span> <span class=\"rt-label rt-postfix\">minuty<\/span><\/span><p><strong>Nic n\u00e1m ned\u00e1v\u00e1 v\u00edce s\u00edly ne\u017e regenerace, kter\u00e1 by bez chvilky oddechu nebyla mo\u017en\u00e1. Jaro je ide\u00e1ln\u00ed pro realizaci tohoto pl\u00e1nu. Nau\u010dte se odpo\u010d\u00edvat \u2013 povzbuzuje Answear.LAB vytvo\u0159en\u00edm kolekce pln\u00e9 relaxa\u010dn\u00edch barev a pohodln\u00fdch st\u0159ih\u016f.<\/strong><!--more--><\/p>\n<p>\u017dijeme sv\u016fj \u017eivot na \u00fat\u011bku. V\u00edce term\u00edn\u016f, v\u00edce \u00fakol\u016f, v\u00edce v\u00fdzev\u2026 Ka\u017ed\u00fd z n\u00e1s m\u00e1 n\u011bco urgentn\u00edho, na co n\u011bkdy prost\u011b nen\u00ed \u010das. Mnoz\u00ed z n\u00e1s se sna\u017e\u00ed o dokonalost, cht\u011bj\u00ed ud\u011blat n\u011bco v\u00fdjime\u010dn\u00e9ho, \u200b\u200bsplnit si sv\u00e9 sny, dob\u00fdt sv\u011bt. Dosa\u017een\u00ed t\u011bchto c\u00edl\u016f vy\u017eaduje pr\u00e1ci, vytrvalost, c\u00edlev\u011bdomost, ale i odpo\u010dinek, kter\u00fd n\u00e1m poskytuje rovnov\u00e1hu v na\u0161ich \u017eivotech. Odpo\u010dinek nen\u00ed znakem rezignace nebo lenosti, ale vyj\u00e1d\u0159en\u00edm p\u00e9\u010de o sebe, o du\u0161evn\u00ed a fyzick\u00fd stav, je to pot\u0159ebn\u00e9 k tomu, abyste pozd\u011bji vstali a \u0161li za sv\u00fdm.<\/p>\n\n\n<figure class=\"wp-block-pullquote\"><blockquote><p>\u201eJste-li unaveni, nau\u010dte se odpo\u010d\u00edvat, ne p\u0159estat.\u201c<\/p><cite>Banksy<\/cite><\/blockquote><\/figure>\n\n\n\n<p>Banksyho n\u00e1pad se stal inspirac\u00ed pro novou kolekci Answear.LAB. Odpo\u010dinek, harmonie, p\u00e9\u010de o sebe \u2013 kolekce \u201eLearn to rest\u201c n\u00e1m p\u0159ipom\u00edn\u00e1 tato jednoduch\u00e1 slova, ale n\u011bkdy zapomenut\u00e9 ve sp\u011bchu ka\u017edodenn\u00edho \u017eivota, pravdy.<\/p>\n\n\n\n<figure class=\"wp-block-image size-full\"><img loading=\"lazy\" decoding=\"async\" width=\"1000\" height=\"666\" src=\"https:\/\/answear.cz\/blog\/wp-content\/uploads\/2023\/04\/1-27.jpg\" alt=\"\" class=\"wp-image-23424\" srcset=\"https:\/\/answear.cz\/blog\/wp-content\/uploads\/2023\/04\/1-27.jpg 1000w, https:\/\/answear.cz\/blog\/wp-content\/uploads\/2023\/04\/1-27-768x511.jpg 768w, https:\/\/answear.cz\/blog\/wp-content\/uploads\/2023\/04\/1-27-272x182.jpg 272w\" sizes=\"(max-width: 1000px) 100vw, 1000px\" \/><\/figure>\n\n\n\n<h2>Um\u011bn\u00ed odpo\u010dinku<\/h2>\n<p>Na fotografi\u00edch, kter\u00e9 prov\u00e1zej\u00ed kolekci \u201eLearn to rest\u201c, se modely p\u0159edstavuj\u00ed na pozad\u00ed abstraktn\u00edch obraz\u016f a staro\u017eitn\u00fdch soch. Je to metafora pro odpo\u010dinek, kter\u00fd je v dne\u0161n\u00ed dob\u011b skute\u010dn\u00fdm um\u011bn\u00edm. Trochu zapomenut\u00e9 a okusovan\u00e9 zubem \u010dasu, jako staro\u017eitn\u00e9 sochy zobrazen\u00e9 na fotografi\u00edch. M\u00edrn\u011b abstraktn\u00ed, proto\u017ee ve sv\u011btle modern\u00ed posedlosti produktivitou zapom\u00edn\u00e1me na d\u016fle\u017eitost chv\u00edle odpo\u010dinku, kter\u00fd umo\u017e\u0148uje regeneraci a d\u00e1v\u00e1 s\u00edlu jednat.<\/p>\n\n\n\n<div class=\"wp-block-buttons is-content-justification-center is-layout-flex wp-container-core-buttons-is-layout-1 wp-block-buttons-is-layout-flex\">\n<div class=\"wp-block-button\"><a class=\"wp-block-button__link\" href=\"https:\/\/answear.cz\/s\/learn-to-rest-by-answear-lab\" target=\"_blank\" rel=\"noreferrer noopener\">Kolekci najdete zde!<\/a><\/div>\n<\/div>\n\n\n\n<hr class=\"wp-block-separator has-alpha-channel-opacity\"\/>\n\n\n\n<figure class=\"wp-block-gallery has-nested-images columns-default is-cropped wp-block-gallery-1 is-layout-flex wp-block-gallery-is-layout-flex\">\n<figure class=\"wp-block-image size-large\"><img loading=\"lazy\" decoding=\"async\" width=\"463\" height=\"695\" data-id=\"23426\" src=\"https:\/\/answear.cz\/blog\/wp-content\/uploads\/2023\/04\/2-19-463x695.jpg\" alt=\"\" class=\"wp-image-23426\" srcset=\"https:\/\/answear.cz\/blog\/wp-content\/uploads\/2023\/04\/2-19-463x695.jpg 463w, https:\/\/answear.cz\/blog\/wp-content\/uploads\/2023\/04\/2-19.jpg 500w\" sizes=\"(max-width: 463px) 100vw, 463px\" \/><\/figure>\n\n\n\n<figure class=\"wp-block-image size-large\"><img loading=\"lazy\" decoding=\"async\" width=\"463\" height=\"695\" data-id=\"23425\" src=\"https:\/\/answear.cz\/blog\/wp-content\/uploads\/2023\/04\/3-22-463x695.jpg\" alt=\"\" class=\"wp-image-23425\" srcset=\"https:\/\/answear.cz\/blog\/wp-content\/uploads\/2023\/04\/3-22-463x695.jpg 463w, https:\/\/answear.cz\/blog\/wp-content\/uploads\/2023\/04\/3-22.jpg 500w\" sizes=\"(max-width: 463px) 100vw, 463px\" \/><\/figure>\n<\/figure>\n\n\n\n<h2>Learn to rest<\/h2>\n<p>Oble\u010den\u00ed v kolekci \u201eLearn to rest\u201c je stejn\u011b pohodln\u00e9, jako kdybyste byli doma a stylov\u00e9, jako byste byli kdekoli jinde. Je zalo\u017eeno na p\u0159\u00edrodn\u00edch materi\u00e1lech jako je len, hedv\u00e1b\u00ed a bavlna a na le\u017e\u00e9rn\u00edch st\u0159ihech. \u0160irok\u00e9 kalhoty, vzdu\u0161n\u00e9 ko\u0161ile, jednoduch\u00e9 \u0161aty a lehk\u00e9 p\u0159ehozy.<\/p>\n\n\n\n<figure class=\"wp-block-image size-full\"><img loading=\"lazy\" decoding=\"async\" width=\"1000\" height=\"666\" src=\"https:\/\/answear.cz\/blog\/wp-content\/uploads\/2023\/04\/4-15.jpg\" alt=\"\" class=\"wp-image-23427\" srcset=\"https:\/\/answear.cz\/blog\/wp-content\/uploads\/2023\/04\/4-15.jpg 1000w, https:\/\/answear.cz\/blog\/wp-content\/uploads\/2023\/04\/4-15-768x511.jpg 768w, https:\/\/answear.cz\/blog\/wp-content\/uploads\/2023\/04\/4-15-272x182.jpg 272w\" sizes=\"(max-width: 1000px) 100vw, 1000px\" \/><\/figure>\n\n\n\n<p>Nov\u00e1 kolekce od Answear.LAB je udr\u017eov\u00e1na v uklid\u0148uj\u00edc\u00edch a relaxa\u010dn\u00edch barv\u00e1ch kobaltov\u00e9 modr\u00e9, n\u00e1mo\u0159nick\u00e9 modr\u00e9, b\u00edl\u00e9 a b\u00e9\u017eov\u00e9. Krom\u011b st\u0159ih\u016f v jednotn\u00fdch odst\u00ednech kolekce obsahuje tak\u00e9 kontrastn\u00ed akcenty v energizuj\u00edc\u00edm limetkov\u00e9m odst\u00ednu, mal\u00ed\u0159sk\u00e9 vzory a motivy kravatov\u00fdch barev. Nechyb\u00ed ani n\u00e1vrhy na pracovn\u00ed od\u011bvy \u2013 mezi nimi i b\u00e9\u017eov\u00fd oblek se \u0161ortkami.<\/p>\n\n\n\n<figure class=\"wp-block-image size-full\"><img loading=\"lazy\" decoding=\"async\" width=\"1043\" height=\"695\" src=\"https:\/\/answear.cz\/blog\/wp-content\/uploads\/2023\/04\/5-11.jpg\" alt=\"\" class=\"wp-image-23428\" srcset=\"https:\/\/answear.cz\/blog\/wp-content\/uploads\/2023\/04\/5-11.jpg 1043w, https:\/\/answear.cz\/blog\/wp-content\/uploads\/2023\/04\/5-11-768x512.jpg 768w, https:\/\/answear.cz\/blog\/wp-content\/uploads\/2023\/04\/5-11-272x182.jpg 272w\" sizes=\"(max-width: 1043px) 100vw, 1043px\" \/><\/figure>\n\n\n\n<p>Vzhled dopl\u0148uj\u00ed pohodln\u00e9 boty s robustn\u00ed podr\u00e1\u017ekou a dopl\u0148ky jako jsou p\u00e1sky s ozdobn\u00fdmi p\u0159ezkami a \u0161perky s masivn\u00edmi st\u0159\u00edbrn\u00fdmi \u0159et\u00edzky a n\u00e1ramky.<\/p>\n","protected":false},"excerpt":{"rendered":"<p><span class=\"rt-reading-time\" style=\"display: block;\"><span class=\"rt-label rt-prefix\">\u010cten\u00ed na <\/span> <span class=\"rt-time\">3<\/span> <span class=\"rt-label rt-postfix\">minuty<\/span><\/span> Nic n\u00e1m ned\u00e1v\u00e1 v\u00edce s\u00edly ne\u017e regenerace, kter\u00e1 by bez chvilky oddechu nebyla mo\u017en\u00e1. Jaro je ide\u00e1ln\u00ed pro realizaci tohoto pl\u00e1nu. Nau\u010dte se odpo\u010d\u00edvat \u2013 povzbuzuje Answear.LAB vytvo\u0159en\u00edm kolekce pln\u00e9 relaxa\u010dn\u00edch barev a pohodln\u00fdch st\u0159ih\u016f.<\/p>\n","protected":false},"author":36,"featured_media":23416,"comment_status":"closed","ping_status":"closed","sticky":false,"template":"","format":"standard","meta":{"footnotes":""},"categories":[1146],"tags":[],"yoast_head":"<!-- This site is optimized with the Yoast SEO plugin v22.0 - https:\/\/yoast.com\/wordpress\/plugins\/seo\/ -->\n<title>\u201eLearn to rest\u201d by Answear.LAB. Um\u011bn\u00ed odpo\u010dinku - answear.cz blog<\/title>\n<meta name=\"description\" content=\"Nic n\u00e1m ned\u00e1v\u00e1 v\u00edce s\u00edly ne\u017e regenerace, kter\u00e1 by bez chvilky oddechu nebyla mo\u017en\u00e1. Jaro je ide\u00e1ln\u00ed pro realizaci tohoto pl\u00e1nu. Nau\u010dte se odpo\u010d\u00edvat \u2013\" \/>\n<meta name=\"robots\" content=\"index, follow, max-snippet:-1, max-image-preview:large, max-video-preview:-1\" \/>\n<link rel=\"canonical\" href=\"https:\/\/answear.cz\/blog\/learn-to-rest-by-answear-lab-umeni-odpocinku\/23411\" \/>\n<meta property=\"og:locale\" content=\"cs_CZ\" \/>\n<meta property=\"og:type\" content=\"article\" \/>\n<meta property=\"og:title\" content=\"\u201eLearn to rest\u201d by Answear.LAB. Um\u011bn\u00ed odpo\u010dinku - answear.cz blog\" \/>\n<meta property=\"og:description\" content=\"Nic n\u00e1m ned\u00e1v\u00e1 v\u00edce s\u00edly ne\u017e regenerace, kter\u00e1 by bez chvilky oddechu nebyla mo\u017en\u00e1. Jaro je ide\u00e1ln\u00ed pro realizaci tohoto pl\u00e1nu. Nau\u010dte se odpo\u010d\u00edvat \u2013\" \/>\n<meta property=\"og:url\" content=\"https:\/\/answear.cz\/blog\/learn-to-rest-by-answear-lab-umeni-odpocinku\/23411\" \/>\n<meta property=\"og:site_name\" content=\"answear.cz blog\" \/>\n<meta property=\"article:published_time\" content=\"2023-04-26T20:15:51+00:00\" \/>\n<meta property=\"article:modified_time\" content=\"2023-04-27T14:20:51+00:00\" \/>\n<meta property=\"og:image\" content=\"https:\/\/answear.cz\/blog\/wp-content\/uploads\/2023\/04\/cover-6.jpg\" \/>\n\t<meta property=\"og:image:width\" content=\"1680\" \/>\n\t<meta property=\"og:image:height\" content=\"679\" \/>\n\t<meta property=\"og:image:type\" content=\"image\/jpeg\" \/>\n<meta name=\"author\" content=\"Mark\u00e9ta\" \/>\n<meta name=\"twitter:card\" content=\"summary_large_image\" \/>\n<meta name=\"twitter:label1\" content=\"Napsal(a)\" \/>\n\t<meta name=\"twitter:data1\" content=\"Mark\u00e9ta\" \/>\n\t<meta name=\"twitter:label2\" content=\"Odhadovan\u00e1 doba \u010dten\u00ed\" \/>\n\t<meta name=\"twitter:data2\" content=\"2 minuty\" \/>\n<script type=\"application\/ld+json\" class=\"yoast-schema-graph\">{\"@context\":\"https:\/\/schema.org\",\"@graph\":[{\"@type\":\"WebPage\",\"@id\":\"https:\/\/answear.cz\/blog\/learn-to-rest-by-answear-lab-umeni-odpocinku\/23411\",\"url\":\"https:\/\/answear.cz\/blog\/learn-to-rest-by-answear-lab-umeni-odpocinku\/23411\",\"name\":\"\u201eLearn to rest\u201d by Answear.LAB. Um\u011bn\u00ed odpo\u010dinku - answear.cz blog\",\"isPartOf\":{\"@id\":\"https:\/\/answear.cz\/blog\/#website\"},\"datePublished\":\"2023-04-26T20:15:51+00:00\",\"dateModified\":\"2023-04-27T14:20:51+00:00\",\"author\":{\"@id\":\"https:\/\/answear.cz\/blog\/#\/schema\/person\/cc657c3ef1289e17d747958f4466e1d1\"},\"description\":\"Nic n\u00e1m ned\u00e1v\u00e1 v\u00edce s\u00edly ne\u017e regenerace, kter\u00e1 by bez chvilky oddechu nebyla mo\u017en\u00e1. Jaro je ide\u00e1ln\u00ed pro realizaci tohoto pl\u00e1nu. Nau\u010dte se odpo\u010d\u00edvat \u2013\",\"breadcrumb\":{\"@id\":\"https:\/\/answear.cz\/blog\/learn-to-rest-by-answear-lab-umeni-odpocinku\/23411#breadcrumb\"},\"inLanguage\":\"cs\",\"potentialAction\":[{\"@type\":\"ReadAction\",\"target\":[\"https:\/\/answear.cz\/blog\/learn-to-rest-by-answear-lab-umeni-odpocinku\/23411\"]}]},{\"@type\":\"BreadcrumbList\",\"@id\":\"https:\/\/answear.cz\/blog\/learn-to-rest-by-answear-lab-umeni-odpocinku\/23411#breadcrumb\",\"itemListElement\":[{\"@type\":\"ListItem\",\"position\":1,\"name\":\"Dom\u016f\",\"item\":\"https:\/\/answear.cz\/blog\/\"},{\"@type\":\"ListItem\",\"position\":2,\"name\":\"\u201eLearn to rest\u201d by Answear.LAB. Um\u011bn\u00ed odpo\u010dinku\"}]},{\"@type\":\"WebSite\",\"@id\":\"https:\/\/answear.cz\/blog\/#website\",\"url\":\"https:\/\/answear.cz\/blog\/\",\"name\":\"answear.cz blog\",\"description\":\"M\u00f3da, trendy, rady a tipy stylist\u016f, novinky ze sv\u011bta m\u00f3dy. We know the ANSWEAR ;-)\",\"potentialAction\":[{\"@type\":\"SearchAction\",\"target\":{\"@type\":\"EntryPoint\",\"urlTemplate\":\"https:\/\/answear.cz\/blog\/?s={search_term_string}\"},\"query-input\":\"required name=search_term_string\"}],\"inLanguage\":\"cs\"},{\"@type\":\"Person\",\"@id\":\"https:\/\/answear.cz\/blog\/#\/schema\/person\/cc657c3ef1289e17d747958f4466e1d1\",\"name\":\"Mark\u00e9ta\",\"image\":{\"@type\":\"ImageObject\",\"inLanguage\":\"cs\",\"@id\":\"https:\/\/answear.cz\/blog\/#\/schema\/person\/image\/\",\"url\":\"https:\/\/secure.gravatar.com\/avatar\/5d90e7692c38eb1aebfd701d1ac47518?s=96&d=mm&r=g\",\"contentUrl\":\"https:\/\/secure.gravatar.com\/avatar\/5d90e7692c38eb1aebfd701d1ac47518?s=96&d=mm&r=g\",\"caption\":\"Mark\u00e9ta\"},\"url\":\"https:\/\/answear.cz\/blog\/author\/marketa\"}]}<\/script>\n<!-- \/ Yoast SEO plugin. -->","yoast_head_json":{"title":"\u201eLearn to rest\u201d by Answear.LAB. Um\u011bn\u00ed odpo\u010dinku - answear.cz blog","description":"Nic n\u00e1m ned\u00e1v\u00e1 v\u00edce s\u00edly ne\u017e regenerace, kter\u00e1 by bez chvilky oddechu nebyla mo\u017en\u00e1. Jaro je ide\u00e1ln\u00ed pro realizaci tohoto pl\u00e1nu. Nau\u010dte se odpo\u010d\u00edvat \u2013","robots":{"index":"index","follow":"follow","max-snippet":"max-snippet:-1","max-image-preview":"max-image-preview:large","max-video-preview":"max-video-preview:-1"},"canonical":"https:\/\/answear.cz\/blog\/learn-to-rest-by-answear-lab-umeni-odpocinku\/23411","og_locale":"cs_CZ","og_type":"article","og_title":"\u201eLearn to rest\u201d by Answear.LAB. Um\u011bn\u00ed odpo\u010dinku - answear.cz blog","og_description":"Nic n\u00e1m ned\u00e1v\u00e1 v\u00edce s\u00edly ne\u017e regenerace, kter\u00e1 by bez chvilky oddechu nebyla mo\u017en\u00e1. Jaro je ide\u00e1ln\u00ed pro realizaci tohoto pl\u00e1nu. Nau\u010dte se odpo\u010d\u00edvat \u2013","og_url":"https:\/\/answear.cz\/blog\/learn-to-rest-by-answear-lab-umeni-odpocinku\/23411","og_site_name":"answear.cz blog","article_published_time":"2023-04-26T20:15:51+00:00","article_modified_time":"2023-04-27T14:20:51+00:00","og_image":[{"width":1680,"height":679,"url":"https:\/\/answear.cz\/blog\/wp-content\/uploads\/2023\/04\/cover-6.jpg","type":"image\/jpeg"}],"author":"Mark\u00e9ta","twitter_card":"summary_large_image","twitter_misc":{"Napsal(a)":"Mark\u00e9ta","Odhadovan\u00e1 doba \u010dten\u00ed":"2 minuty"},"schema":{"@context":"https:\/\/schema.org","@graph":[{"@type":"WebPage","@id":"https:\/\/answear.cz\/blog\/learn-to-rest-by-answear-lab-umeni-odpocinku\/23411","url":"https:\/\/answear.cz\/blog\/learn-to-rest-by-answear-lab-umeni-odpocinku\/23411","name":"\u201eLearn to rest\u201d by Answear.LAB. Um\u011bn\u00ed odpo\u010dinku - answear.cz blog","isPartOf":{"@id":"https:\/\/answear.cz\/blog\/#website"},"datePublished":"2023-04-26T20:15:51+00:00","dateModified":"2023-04-27T14:20:51+00:00","author":{"@id":"https:\/\/answear.cz\/blog\/#\/schema\/person\/cc657c3ef1289e17d747958f4466e1d1"},"description":"Nic n\u00e1m ned\u00e1v\u00e1 v\u00edce s\u00edly ne\u017e regenerace, kter\u00e1 by bez chvilky oddechu nebyla mo\u017en\u00e1. Jaro je ide\u00e1ln\u00ed pro realizaci tohoto pl\u00e1nu. Nau\u010dte se odpo\u010d\u00edvat \u2013","breadcrumb":{"@id":"https:\/\/answear.cz\/blog\/learn-to-rest-by-answear-lab-umeni-odpocinku\/23411#breadcrumb"},"inLanguage":"cs","potentialAction":[{"@type":"ReadAction","target":["https:\/\/answear.cz\/blog\/learn-to-rest-by-answear-lab-umeni-odpocinku\/23411"]}]},{"@type":"BreadcrumbList","@id":"https:\/\/answear.cz\/blog\/learn-to-rest-by-answear-lab-umeni-odpocinku\/23411#breadcrumb","itemListElement":[{"@type":"ListItem","position":1,"name":"Dom\u016f","item":"https:\/\/answear.cz\/blog\/"},{"@type":"ListItem","position":2,"name":"\u201eLearn to rest\u201d by Answear.LAB. Um\u011bn\u00ed odpo\u010dinku"}]},{"@type":"WebSite","@id":"https:\/\/answear.cz\/blog\/#website","url":"https:\/\/answear.cz\/blog\/","name":"answear.cz blog","description":"M\u00f3da, trendy, rady a tipy stylist\u016f, novinky ze sv\u011bta m\u00f3dy. We know the ANSWEAR ;-)","potentialAction":[{"@type":"SearchAction","target":{"@type":"EntryPoint","urlTemplate":"https:\/\/answear.cz\/blog\/?s={search_term_string}"},"query-input":"required name=search_term_string"}],"inLanguage":"cs"},{"@type":"Person","@id":"https:\/\/answear.cz\/blog\/#\/schema\/person\/cc657c3ef1289e17d747958f4466e1d1","name":"Mark\u00e9ta","image":{"@type":"ImageObject","inLanguage":"cs","@id":"https:\/\/answear.cz\/blog\/#\/schema\/person\/image\/","url":"https:\/\/secure.gravatar.com\/avatar\/5d90e7692c38eb1aebfd701d1ac47518?s=96&d=mm&r=g","contentUrl":"https:\/\/secure.gravatar.com\/avatar\/5d90e7692c38eb1aebfd701d1ac47518?s=96&d=mm&r=g","caption":"Mark\u00e9ta"},"url":"https:\/\/answear.cz\/blog\/author\/marketa"}]}},"_links":{"self":[{"href":"https:\/\/answear.cz\/blog\/wp-json\/wp\/v2\/posts\/23411"}],"collection":[{"href":"https:\/\/answear.cz\/blog\/wp-json\/wp\/v2\/posts"}],"about":[{"href":"https:\/\/answear.cz\/blog\/wp-json\/wp\/v2\/types\/post"}],"author":[{"embeddable":true,"href":"https:\/\/answear.cz\/blog\/wp-json\/wp\/v2\/users\/36"}],"replies":[{"embeddable":true,"href":"https:\/\/answear.cz\/blog\/wp-json\/wp\/v2\/comments?post=23411"}],"version-history":[{"count":11,"href":"https:\/\/answear.cz\/blog\/wp-json\/wp\/v2\/posts\/23411\/revisions"}],"predecessor-version":[{"id":23430,"href":"https:\/\/answear.cz\/blog\/wp-json\/wp\/v2\/posts\/23411\/revisions\/23430"}],"wp:featuredmedia":[{"embeddable":true,"href":"https:\/\/answear.cz\/blog\/wp-json\/wp\/v2\/media\/23416"}],"wp:attachment":[{"href":"https:\/\/answear.cz\/blog\/wp-json\/wp\/v2\/media?parent=23411"}],"wp:term":[{"taxonomy":"category","embeddable":true,"href":"https:\/\/answear.cz\/blog\/wp-json\/wp\/v2\/categories?post=23411"},{"taxonomy":"post_tag","embeddable":true,"href":"https:\/\/answear.cz\/blog\/wp-json\/wp\/v2\/tags?post=23411"}],"curies":[{"name":"wp","href":"https:\/\/api.w.org\/{rel}","templated":true}]}}