{"id":23876,"date":"2023-11-16T15:13:31","date_gmt":"2023-11-16T14:13:31","guid":{"rendered":"https:\/\/answear.cz\/blog\/?p=23876"},"modified":"2023-11-21T16:42:19","modified_gmt":"2023-11-21T15:42:19","slug":"ctit-tradice-bourat-predsudky-a-pritom-jit-cestou-smireni-a-solidarity-je-poslanim-lucie-fukove-ktera-pomaha-mensinam","status":"publish","type":"post","link":"https:\/\/answear.cz\/blog\/ctit-tradice-bourat-predsudky-a-pritom-jit-cestou-smireni-a-solidarity-je-poslanim-lucie-fukove-ktera-pomaha-mensinam\/23876","title":{"rendered":"Ct\u00edt tradice, bourat p\u0159edsudky a\u202fp\u0159itom j\u00edt cestou sm\u00ed\u0159en\u00ed a\u202fsolidarity je posl\u00e1n\u00edm Lucie Fukov\u00e9, kter\u00e1 pom\u00e1h\u00e1 men\u0161in\u00e1m"},"content":{"rendered":"<span class=\"rt-reading-time\" style=\"display: block;\"><span class=\"rt-label rt-prefix\">\u010cten\u00ed na <\/span> <span class=\"rt-time\">2<\/span> <span class=\"rt-label rt-postfix\">minuty<\/span><\/span>\r\n<p><strong>Lucie Fukov\u00e1 se stala historicky prvn\u00ed osobou na pozici vl\u00e1dn\u00ed zmocn\u011bnkyn\u011b pro z\u00e1le\u017eitosti romsk\u00e9 men\u0161iny. \u201eDlouhodob\u011b m\u011b iritovalo, \u017ee n\u011bkter\u00e9 v\u011bci nefunguj\u00ed, jak maj\u00ed, a\u202fbyla p\u0159\u00edle\u017eitost do\u202ftoho j\u00edt a\u202fpokusit se v\u011bci zm\u011bnit,\u201c vysv\u011btluje \u017eena ocen\u011bn\u00e1 <a href=\"https:\/\/www.heroine.cz\/spolecnost\/lucie-fukova-moje-heroine-vladni-zmocnenkyne-romska-mensina\" target=\"_blank\" rel=\"noopener\">titulem Moje Heroine<\/a>.<\/strong><\/p>\r\n<p><!--more--><\/p>\r\n\r\n\r\n\r\n<h2 class=\"wp-block-heading\">Kdo v\u00e1s v\u202f\u017eivot\u011b nejv\u00edc inspiroval nebo st\u00e1le inspiruje?<\/h2>\r\n\r\n\r\n\r\n<p>Takov\u00fdch \u017een bylo hodn\u011b. Z d\u011btstv\u00ed si pamatuju, \u017ee m\u011b hodn\u011b ovlivnila Matka Tereza t\u00edm, \u017ee pom\u00e1hala chud\u00fdm lidem v Indii. Ur\u010dit\u011b m\u011b ovlivnila tak\u00e9 moje babi\u010dka, kter\u00e1 neum\u011bla \u010d\u00edst a ps\u00e1t, p\u0159esto byla velmi inteligentn\u00ed a dok\u00e1zala se postarat o t\u0159in\u00e1ct d\u011bt\u00ed. V dosp\u011blosti m\u011b pak hodn\u011b ovlivnila Ji\u0159ina \u0160iklov\u00e1, Monika Mihali\u010dkov\u00e1, kter\u00e1 byla prvn\u00ed poslankyn\u00ed romsk\u00e9ho p\u016fvodu v\u202f\u010cesku.<\/p>\r\n<p>A samoz\u0159ejm\u011b v\u0161echny romsk\u00e9 \u017eeny, kter\u00e9 jsou aktivn\u00ed a um\u011bj\u00ed p\u0159ekon\u00e1vat r\u016fzn\u00e9 bari\u00e9ry. Nap\u0159\u00edklad L\u00edvia J\u00e1r\u00f3ka, kter\u00e1 byla a je jednou z prvn\u00edch romsk\u00fdch europoslanky\u0148 Evropsk\u00e9ho parlamentu, ur\u010dit\u011b Ida Kellarov\u00e1, v\u00fdznamn\u00e1 um\u011blkyn\u011b, kter\u00e1 motivuje romsk\u00e9 d\u011bti k tomu, aby se zlep\u0161ovaly.<\/p>\r\n\r\n\r\n\r\n<blockquote class=\"wp-block-quote is-layout-flow wp-block-quote-is-layout-flow\">\r\n<p>&nbsp;<\/p>\r\n<cite>\u201e Jsem hrd\u00e1 na to, \u017ee jsem Romka,\u201c \u0159\u00edk\u00e1 Lucie Fukov\u00e1. Pracuje pro vl\u00e1du a pom\u00e1h\u00e1 men\u0161in\u00e1m<\/cite><\/blockquote>\r\n\r\n\r\n\r\n<p>Ale taky bych cht\u011bla zm\u00ednit Oprah Winfrey. Sly\u0161ela jsem jej\u00ed vypr\u00e1v\u011bn\u00ed o tom, jak ji v d\u011btstv\u00ed velmi inspiroval okam\u017eik, kdy jako mal\u00e1 hol\u010di\u010dka z chudinsk\u00e9 \u010dtvrti poprv\u00e9 vid\u011bla v televizi afroamerickou here\u010dku. Motivovalo ji to k tomu, aby \u0161la za sv\u00fdm snem a taky se pokusila zm\u011bnit sv\u011bt.\u202f<\/p>\r\n\r\n\r\n\r\n<figure class=\"wp-block-image size-full\"><img loading=\"lazy\" decoding=\"async\" width=\"1680\" height=\"679\" class=\"wp-image-23882\" src=\"https:\/\/answear.cz\/blog\/wp-content\/uploads\/2023\/11\/1_1680x679px.jpg\" alt=\"\" srcset=\"https:\/\/answear.cz\/blog\/wp-content\/uploads\/2023\/11\/1_1680x679px.jpg 1680w, https:\/\/answear.cz\/blog\/wp-content\/uploads\/2023\/11\/1_1680x679px-768x310.jpg 768w, https:\/\/answear.cz\/blog\/wp-content\/uploads\/2023\/11\/1_1680x679px-1536x621.jpg 1536w\" sizes=\"(max-width: 1680px) 100vw, 1680px\" \/>\r\n<figcaption class=\"wp-element-caption\">Foto: Ad\u00e9la Leinweberov\u00e1\u00a0<\/figcaption>\r\n<\/figure>\r\n\r\n\r\n\r\n<h2 class=\"wp-block-heading\">Kdybyste mohla hned te\u010f zm\u011bnit na sv\u011bt\u011b jedinou v\u011bc, co by to bylo?<\/h2>\r\n\r\n\r\n\r\n<p>Asi aby nebyly v\u00e1lky.<\/p>\r\n\r\n\r\n\r\n<h2 class=\"wp-block-heading\">Co u\u017e se v\u00e1m zm\u011bnit povedlo?<\/h2>\r\n\r\n\r\n\r\n<p>Ur\u010dit\u011b m\u00e1m radost, kdy\u017e potk\u00e1m Romy, kter\u00e9 jsem mohla t\u0159eba p\u0159ed p\u00e1r lety inspirovat, a vid\u00edm, \u017ee dnes maj\u00ed lep\u0161\u00ed vzd\u011bl\u00e1n\u00ed, jsou \u00fasp\u011b\u0161n\u00ed a dovedli se uplatnit v \u017eivot\u011b. Je skv\u011bl\u00e9, \u017ee \u010d\u00edm d\u00e1l v\u00edc Rom\u016f dosahuje lep\u0161\u00edho vzd\u011bl\u00e1n\u00ed, jsou \u00fasp\u011b\u0161n\u00ed ve sv\u00fdch oborech, a\u0165 u\u017e jako \u0159emesln\u00edci, podnikatel\u00e9, l\u00e9ka\u0159i. Jsem hrd\u00e1 na to, \u017ee jsem Romka a \u017ee je mezi Romy a Romkami spousta \u0161ikovn\u00fdch lid\u00ed.\u202f<\/p>\r\n\r\n\r\n\r\n<h2 class=\"wp-block-heading\">Co byste poradila \u017een\u00e1m, kter\u00e9 cht\u011bj\u00ed \u201ezm\u011bnit sv\u011bt\u201c?<\/h2>\r\n\r\n\r\n\r\n<p>A\u0165 se neboj\u00ed p\u0159ek\u00e1\u017eek.<\/p>\r\n\r\n\r\n\r\n<h2 class=\"wp-block-heading\">Jak\u00fd je v\u00e1\u0161 vztah k\u202fm\u00f3d\u011b? Jak to, co m\u00e1te na sob\u011b, ovliv\u0148uje to, jak se c\u00edt\u00edte, p\u0159i sv\u00e9 n\u00e1ro\u010dn\u00e9 pr\u00e1ci?<\/h2>\r\n\r\n\r\n\r\n<p>Sna\u017e\u00edm se z\u016fst\u00e1vat sama sebou a i oble\u010den\u00ed mus\u00ed b\u00fdt otisk m\u00e9 povahy a osobnosti. M\u00e1m r\u00e1da v\u00fdrazn\u00e9 kabelky a \u0161perky.\u202f<\/p>\r\n","protected":false},"excerpt":{"rendered":"<p><span class=\"rt-reading-time\" style=\"display: block;\"><span class=\"rt-label rt-prefix\">\u010cten\u00ed na <\/span> <span class=\"rt-time\">2<\/span> <span class=\"rt-label rt-postfix\">minuty<\/span><\/span> Lucie Fukov\u00e1 se stala historicky prvn\u00ed osobou na pozici vl\u00e1dn\u00ed zmocn\u011bnkyn\u011b pro z\u00e1le\u017eitosti romsk\u00e9 men\u0161iny. \u201eDlouhodob\u011b m\u011b iritovalo, \u017ee n\u011bkter\u00e9 v\u011bci nefunguj\u00ed, jak maj\u00ed, a\u202fbyla p\u0159\u00edle\u017eitost do\u202ftoho j\u00edt a\u202fpokusit se v\u011bci zm\u011bnit,\u201c vysv\u011btluje \u017eena ocen\u011bn\u00e1 titulem Moje Heroine.<\/p>\n","protected":false},"author":41,"featured_media":23924,"comment_status":"closed","ping_status":"closed","sticky":false,"template":"","format":"standard","meta":{"footnotes":""},"categories":[890],"tags":[1158],"yoast_head":"<!-- This site is optimized with the Yoast SEO plugin v22.0 - https:\/\/yoast.com\/wordpress\/plugins\/seo\/ -->\n<title>Ct\u00edt tradice, bourat p\u0159edsudky a\u202fp\u0159itom j\u00edt cestou sm\u00ed\u0159en\u00ed a\u202fsolidarity je posl\u00e1n\u00edm Lucie Fukov\u00e9, kter\u00e1 pom\u00e1h\u00e1 men\u0161in\u00e1m - answear.cz blog<\/title>\n<meta name=\"description\" content=\"Lucie Fukov\u00e1 se stala historicky prvn\u00ed osobou na pozici vl\u00e1dn\u00ed zmocn\u011bnkyn\u011b pro z\u00e1le\u017eitosti romsk\u00e9 men\u0161iny. \u201eDlouhodob\u011b m\u011b iritovalo, \u017ee n\u011bkter\u00e9 v\u011bci nefunguj\u00ed, jak maj\u00ed, a\u202fbyla p\u0159\u00edle\u017eitost do\u202ftoho j\u00edt a\u202fpokusit se v\u011bci zm\u011bnit,\u201c vysv\u011btluje \u017eena ocen\u011bn\u00e1 titulem Moje Heroine.\" \/>\n<meta name=\"robots\" content=\"index, follow, max-snippet:-1, max-image-preview:large, max-video-preview:-1\" \/>\n<link rel=\"canonical\" href=\"https:\/\/answear.cz\/blog\/ctit-tradice-bourat-predsudky-a-pritom-jit-cestou-smireni-a-solidarity-je-poslanim-lucie-fukove-ktera-pomaha-mensinam\/23876\" \/>\n<meta property=\"og:locale\" content=\"cs_CZ\" \/>\n<meta property=\"og:type\" content=\"article\" \/>\n<meta property=\"og:title\" content=\"Ct\u00edt tradice, bourat p\u0159edsudky a\u202fp\u0159itom j\u00edt cestou sm\u00ed\u0159en\u00ed a\u202fsolidarity je posl\u00e1n\u00edm Lucie Fukov\u00e9, kter\u00e1 pom\u00e1h\u00e1 men\u0161in\u00e1m - answear.cz blog\" \/>\n<meta property=\"og:description\" content=\"Lucie Fukov\u00e1 se stala historicky prvn\u00ed osobou na pozici vl\u00e1dn\u00ed zmocn\u011bnkyn\u011b pro z\u00e1le\u017eitosti romsk\u00e9 men\u0161iny. \u201eDlouhodob\u011b m\u011b iritovalo, \u017ee n\u011bkter\u00e9 v\u011bci nefunguj\u00ed, jak maj\u00ed, a\u202fbyla p\u0159\u00edle\u017eitost do\u202ftoho j\u00edt a\u202fpokusit se v\u011bci zm\u011bnit,\u201c vysv\u011btluje \u017eena ocen\u011bn\u00e1 titulem Moje Heroine.\" \/>\n<meta property=\"og:url\" content=\"https:\/\/answear.cz\/blog\/ctit-tradice-bourat-predsudky-a-pritom-jit-cestou-smireni-a-solidarity-je-poslanim-lucie-fukove-ktera-pomaha-mensinam\/23876\" \/>\n<meta property=\"og:site_name\" content=\"answear.cz blog\" \/>\n<meta property=\"article:published_time\" content=\"2023-11-16T14:13:31+00:00\" \/>\n<meta property=\"article:modified_time\" content=\"2023-11-21T15:42:19+00:00\" \/>\n<meta property=\"og:image\" content=\"https:\/\/answear.cz\/blog\/wp-content\/uploads\/2023\/11\/Bez-nazvu-m-1764-x-713-px.png\" \/>\n\t<meta property=\"og:image:width\" content=\"1764\" \/>\n\t<meta property=\"og:image:height\" content=\"713\" \/>\n\t<meta property=\"og:image:type\" content=\"image\/png\" \/>\n<meta name=\"author\" content=\"Katka\" \/>\n<meta name=\"twitter:card\" content=\"summary_large_image\" \/>\n<meta name=\"twitter:label1\" content=\"Napsal(a)\" \/>\n\t<meta name=\"twitter:data1\" content=\"Katka\" \/>\n\t<meta name=\"twitter:label2\" content=\"Odhadovan\u00e1 doba \u010dten\u00ed\" \/>\n\t<meta name=\"twitter:data2\" content=\"2 minuty\" \/>\n<script type=\"application\/ld+json\" class=\"yoast-schema-graph\">{\"@context\":\"https:\/\/schema.org\",\"@graph\":[{\"@type\":\"WebPage\",\"@id\":\"https:\/\/answear.cz\/blog\/ctit-tradice-bourat-predsudky-a-pritom-jit-cestou-smireni-a-solidarity-je-poslanim-lucie-fukove-ktera-pomaha-mensinam\/23876\",\"url\":\"https:\/\/answear.cz\/blog\/ctit-tradice-bourat-predsudky-a-pritom-jit-cestou-smireni-a-solidarity-je-poslanim-lucie-fukove-ktera-pomaha-mensinam\/23876\",\"name\":\"Ct\u00edt tradice, bourat p\u0159edsudky a\u202fp\u0159itom j\u00edt cestou sm\u00ed\u0159en\u00ed a\u202fsolidarity je posl\u00e1n\u00edm Lucie Fukov\u00e9, kter\u00e1 pom\u00e1h\u00e1 men\u0161in\u00e1m - answear.cz blog\",\"isPartOf\":{\"@id\":\"https:\/\/answear.cz\/blog\/#website\"},\"datePublished\":\"2023-11-16T14:13:31+00:00\",\"dateModified\":\"2023-11-21T15:42:19+00:00\",\"author\":{\"@id\":\"https:\/\/answear.cz\/blog\/#\/schema\/person\/a237d4bbd6d13c21edb92080d19f8675\"},\"description\":\"Lucie Fukov\u00e1 se stala historicky prvn\u00ed osobou na pozici vl\u00e1dn\u00ed zmocn\u011bnkyn\u011b pro z\u00e1le\u017eitosti romsk\u00e9 men\u0161iny. \u201eDlouhodob\u011b m\u011b iritovalo, \u017ee n\u011bkter\u00e9 v\u011bci nefunguj\u00ed, jak maj\u00ed, a\u202fbyla p\u0159\u00edle\u017eitost do\u202ftoho j\u00edt a\u202fpokusit se v\u011bci zm\u011bnit,\u201c vysv\u011btluje \u017eena ocen\u011bn\u00e1 titulem Moje Heroine.\",\"breadcrumb\":{\"@id\":\"https:\/\/answear.cz\/blog\/ctit-tradice-bourat-predsudky-a-pritom-jit-cestou-smireni-a-solidarity-je-poslanim-lucie-fukove-ktera-pomaha-mensinam\/23876#breadcrumb\"},\"inLanguage\":\"cs\",\"potentialAction\":[{\"@type\":\"ReadAction\",\"target\":[\"https:\/\/answear.cz\/blog\/ctit-tradice-bourat-predsudky-a-pritom-jit-cestou-smireni-a-solidarity-je-poslanim-lucie-fukove-ktera-pomaha-mensinam\/23876\"]}]},{\"@type\":\"BreadcrumbList\",\"@id\":\"https:\/\/answear.cz\/blog\/ctit-tradice-bourat-predsudky-a-pritom-jit-cestou-smireni-a-solidarity-je-poslanim-lucie-fukove-ktera-pomaha-mensinam\/23876#breadcrumb\",\"itemListElement\":[{\"@type\":\"ListItem\",\"position\":1,\"name\":\"Dom\u016f\",\"item\":\"https:\/\/answear.cz\/blog\/\"},{\"@type\":\"ListItem\",\"position\":2,\"name\":\"Ct\u00edt tradice, bourat p\u0159edsudky a\u202fp\u0159itom j\u00edt cestou sm\u00ed\u0159en\u00ed a\u202fsolidarity je posl\u00e1n\u00edm Lucie Fukov\u00e9, kter\u00e1 pom\u00e1h\u00e1 men\u0161in\u00e1m\"}]},{\"@type\":\"WebSite\",\"@id\":\"https:\/\/answear.cz\/blog\/#website\",\"url\":\"https:\/\/answear.cz\/blog\/\",\"name\":\"answear.cz blog\",\"description\":\"M\u00f3da, trendy, rady a tipy stylist\u016f, novinky ze sv\u011bta m\u00f3dy. We know the ANSWEAR ;-)\",\"potentialAction\":[{\"@type\":\"SearchAction\",\"target\":{\"@type\":\"EntryPoint\",\"urlTemplate\":\"https:\/\/answear.cz\/blog\/?s={search_term_string}\"},\"query-input\":\"required name=search_term_string\"}],\"inLanguage\":\"cs\"},{\"@type\":\"Person\",\"@id\":\"https:\/\/answear.cz\/blog\/#\/schema\/person\/a237d4bbd6d13c21edb92080d19f8675\",\"name\":\"Katka\",\"image\":{\"@type\":\"ImageObject\",\"inLanguage\":\"cs\",\"@id\":\"https:\/\/answear.cz\/blog\/#\/schema\/person\/image\/\",\"url\":\"https:\/\/secure.gravatar.com\/avatar\/1f72f7de7dac65ea0036d63c7c3fa5f3?s=96&d=mm&r=g\",\"contentUrl\":\"https:\/\/secure.gravatar.com\/avatar\/1f72f7de7dac65ea0036d63c7c3fa5f3?s=96&d=mm&r=g\",\"caption\":\"Katka\"},\"url\":\"https:\/\/answear.cz\/blog\/author\/katerina\"}]}<\/script>\n<!-- \/ Yoast SEO plugin. -->","yoast_head_json":{"title":"Ct\u00edt tradice, bourat p\u0159edsudky a\u202fp\u0159itom j\u00edt cestou sm\u00ed\u0159en\u00ed a\u202fsolidarity je posl\u00e1n\u00edm Lucie Fukov\u00e9, kter\u00e1 pom\u00e1h\u00e1 men\u0161in\u00e1m - answear.cz blog","description":"Lucie Fukov\u00e1 se stala historicky prvn\u00ed osobou na pozici vl\u00e1dn\u00ed zmocn\u011bnkyn\u011b pro z\u00e1le\u017eitosti romsk\u00e9 men\u0161iny. \u201eDlouhodob\u011b m\u011b iritovalo, \u017ee n\u011bkter\u00e9 v\u011bci nefunguj\u00ed, jak maj\u00ed, a\u202fbyla p\u0159\u00edle\u017eitost do\u202ftoho j\u00edt a\u202fpokusit se v\u011bci zm\u011bnit,\u201c vysv\u011btluje \u017eena ocen\u011bn\u00e1 titulem Moje Heroine.","robots":{"index":"index","follow":"follow","max-snippet":"max-snippet:-1","max-image-preview":"max-image-preview:large","max-video-preview":"max-video-preview:-1"},"canonical":"https:\/\/answear.cz\/blog\/ctit-tradice-bourat-predsudky-a-pritom-jit-cestou-smireni-a-solidarity-je-poslanim-lucie-fukove-ktera-pomaha-mensinam\/23876","og_locale":"cs_CZ","og_type":"article","og_title":"Ct\u00edt tradice, bourat p\u0159edsudky a\u202fp\u0159itom j\u00edt cestou sm\u00ed\u0159en\u00ed a\u202fsolidarity je posl\u00e1n\u00edm Lucie Fukov\u00e9, kter\u00e1 pom\u00e1h\u00e1 men\u0161in\u00e1m - answear.cz blog","og_description":"Lucie Fukov\u00e1 se stala historicky prvn\u00ed osobou na pozici vl\u00e1dn\u00ed zmocn\u011bnkyn\u011b pro z\u00e1le\u017eitosti romsk\u00e9 men\u0161iny. \u201eDlouhodob\u011b m\u011b iritovalo, \u017ee n\u011bkter\u00e9 v\u011bci nefunguj\u00ed, jak maj\u00ed, a\u202fbyla p\u0159\u00edle\u017eitost do\u202ftoho j\u00edt a\u202fpokusit se v\u011bci zm\u011bnit,\u201c vysv\u011btluje \u017eena ocen\u011bn\u00e1 titulem Moje Heroine.","og_url":"https:\/\/answear.cz\/blog\/ctit-tradice-bourat-predsudky-a-pritom-jit-cestou-smireni-a-solidarity-je-poslanim-lucie-fukove-ktera-pomaha-mensinam\/23876","og_site_name":"answear.cz blog","article_published_time":"2023-11-16T14:13:31+00:00","article_modified_time":"2023-11-21T15:42:19+00:00","og_image":[{"width":1764,"height":713,"url":"https:\/\/answear.cz\/blog\/wp-content\/uploads\/2023\/11\/Bez-nazvu-m-1764-x-713-px.png","type":"image\/png"}],"author":"Katka","twitter_card":"summary_large_image","twitter_misc":{"Napsal(a)":"Katka","Odhadovan\u00e1 doba \u010dten\u00ed":"2 minuty"},"schema":{"@context":"https:\/\/schema.org","@graph":[{"@type":"WebPage","@id":"https:\/\/answear.cz\/blog\/ctit-tradice-bourat-predsudky-a-pritom-jit-cestou-smireni-a-solidarity-je-poslanim-lucie-fukove-ktera-pomaha-mensinam\/23876","url":"https:\/\/answear.cz\/blog\/ctit-tradice-bourat-predsudky-a-pritom-jit-cestou-smireni-a-solidarity-je-poslanim-lucie-fukove-ktera-pomaha-mensinam\/23876","name":"Ct\u00edt tradice, bourat p\u0159edsudky a\u202fp\u0159itom j\u00edt cestou sm\u00ed\u0159en\u00ed a\u202fsolidarity je posl\u00e1n\u00edm Lucie Fukov\u00e9, kter\u00e1 pom\u00e1h\u00e1 men\u0161in\u00e1m - answear.cz blog","isPartOf":{"@id":"https:\/\/answear.cz\/blog\/#website"},"datePublished":"2023-11-16T14:13:31+00:00","dateModified":"2023-11-21T15:42:19+00:00","author":{"@id":"https:\/\/answear.cz\/blog\/#\/schema\/person\/a237d4bbd6d13c21edb92080d19f8675"},"description":"Lucie Fukov\u00e1 se stala historicky prvn\u00ed osobou na pozici vl\u00e1dn\u00ed zmocn\u011bnkyn\u011b pro z\u00e1le\u017eitosti romsk\u00e9 men\u0161iny. \u201eDlouhodob\u011b m\u011b iritovalo, \u017ee n\u011bkter\u00e9 v\u011bci nefunguj\u00ed, jak maj\u00ed, a\u202fbyla p\u0159\u00edle\u017eitost do\u202ftoho j\u00edt a\u202fpokusit se v\u011bci zm\u011bnit,\u201c vysv\u011btluje \u017eena ocen\u011bn\u00e1 titulem Moje Heroine.","breadcrumb":{"@id":"https:\/\/answear.cz\/blog\/ctit-tradice-bourat-predsudky-a-pritom-jit-cestou-smireni-a-solidarity-je-poslanim-lucie-fukove-ktera-pomaha-mensinam\/23876#breadcrumb"},"inLanguage":"cs","potentialAction":[{"@type":"ReadAction","target":["https:\/\/answear.cz\/blog\/ctit-tradice-bourat-predsudky-a-pritom-jit-cestou-smireni-a-solidarity-je-poslanim-lucie-fukove-ktera-pomaha-mensinam\/23876"]}]},{"@type":"BreadcrumbList","@id":"https:\/\/answear.cz\/blog\/ctit-tradice-bourat-predsudky-a-pritom-jit-cestou-smireni-a-solidarity-je-poslanim-lucie-fukove-ktera-pomaha-mensinam\/23876#breadcrumb","itemListElement":[{"@type":"ListItem","position":1,"name":"Dom\u016f","item":"https:\/\/answear.cz\/blog\/"},{"@type":"ListItem","position":2,"name":"Ct\u00edt tradice, bourat p\u0159edsudky a\u202fp\u0159itom j\u00edt cestou sm\u00ed\u0159en\u00ed a\u202fsolidarity je posl\u00e1n\u00edm Lucie Fukov\u00e9, kter\u00e1 pom\u00e1h\u00e1 men\u0161in\u00e1m"}]},{"@type":"WebSite","@id":"https:\/\/answear.cz\/blog\/#website","url":"https:\/\/answear.cz\/blog\/","name":"answear.cz blog","description":"M\u00f3da, trendy, rady a tipy stylist\u016f, novinky ze sv\u011bta m\u00f3dy. We know the ANSWEAR ;-)","potentialAction":[{"@type":"SearchAction","target":{"@type":"EntryPoint","urlTemplate":"https:\/\/answear.cz\/blog\/?s={search_term_string}"},"query-input":"required name=search_term_string"}],"inLanguage":"cs"},{"@type":"Person","@id":"https:\/\/answear.cz\/blog\/#\/schema\/person\/a237d4bbd6d13c21edb92080d19f8675","name":"Katka","image":{"@type":"ImageObject","inLanguage":"cs","@id":"https:\/\/answear.cz\/blog\/#\/schema\/person\/image\/","url":"https:\/\/secure.gravatar.com\/avatar\/1f72f7de7dac65ea0036d63c7c3fa5f3?s=96&d=mm&r=g","contentUrl":"https:\/\/secure.gravatar.com\/avatar\/1f72f7de7dac65ea0036d63c7c3fa5f3?s=96&d=mm&r=g","caption":"Katka"},"url":"https:\/\/answear.cz\/blog\/author\/katerina"}]}},"_links":{"self":[{"href":"https:\/\/answear.cz\/blog\/wp-json\/wp\/v2\/posts\/23876"}],"collection":[{"href":"https:\/\/answear.cz\/blog\/wp-json\/wp\/v2\/posts"}],"about":[{"href":"https:\/\/answear.cz\/blog\/wp-json\/wp\/v2\/types\/post"}],"author":[{"embeddable":true,"href":"https:\/\/answear.cz\/blog\/wp-json\/wp\/v2\/users\/41"}],"replies":[{"embeddable":true,"href":"https:\/\/answear.cz\/blog\/wp-json\/wp\/v2\/comments?post=23876"}],"version-history":[{"count":6,"href":"https:\/\/answear.cz\/blog\/wp-json\/wp\/v2\/posts\/23876\/revisions"}],"predecessor-version":[{"id":23928,"href":"https:\/\/answear.cz\/blog\/wp-json\/wp\/v2\/posts\/23876\/revisions\/23928"}],"wp:featuredmedia":[{"embeddable":true,"href":"https:\/\/answear.cz\/blog\/wp-json\/wp\/v2\/media\/23924"}],"wp:attachment":[{"href":"https:\/\/answear.cz\/blog\/wp-json\/wp\/v2\/media?parent=23876"}],"wp:term":[{"taxonomy":"category","embeddable":true,"href":"https:\/\/answear.cz\/blog\/wp-json\/wp\/v2\/categories?post=23876"},{"taxonomy":"post_tag","embeddable":true,"href":"https:\/\/answear.cz\/blog\/wp-json\/wp\/v2\/tags?post=23876"}],"curies":[{"name":"wp","href":"https:\/\/api.w.org\/{rel}","templated":true}]}}