{"id":23886,"date":"2023-11-20T10:54:10","date_gmt":"2023-11-20T09:54:10","guid":{"rendered":"https:\/\/answear.cz\/blog\/?p=23886"},"modified":"2024-03-05T11:58:02","modified_gmt":"2024-03-05T10:58:02","slug":"black-friday-vybirejte-klasiku-kterou-stoji-za-to-mit-v-satniku","status":"publish","type":"post","link":"https:\/\/answear.cz\/blog\/black-friday-vybirejte-klasiku-kterou-stoji-za-to-mit-v-satniku\/23886","title":{"rendered":"Black Friday: Vyb\u00edrejte klasiku, kterou stoj\u00ed za to m\u00edt v \u0161atn\u00edku"},"content":{"rendered":"<span class=\"rt-reading-time\" style=\"display: block;\"><span class=\"rt-label rt-prefix\">\u010cten\u00ed na <\/span> <span class=\"rt-time\">6<\/span> <span class=\"rt-label rt-postfix\">minuty<\/span><\/span>\r\n<p><strong>Black Friday je ide\u00e1ln\u00edm obdob\u00edm k dopln\u011bn\u00ed z\u00e1kladn\u00edch kousk\u016f oble\u010den\u00ed pro sestaven\u00ed funk\u010dn\u00edho \u0161atn\u00edku, kter\u00fd se hod\u00ed pro ka\u017edou p\u0159\u00edle\u017eitost. Prokousat se v\u0161ak mno\u017estv\u00edm nab\u00eddek nemus\u00ed b\u00fdt snadn\u00fd \u00fakol. Proto se vyplat\u00ed p\u0159istupovat k n\u00e1kup\u016fm strategicky, abyste co nejl\u00e9pe vyu\u017eili v\u00fdjime\u010dn\u00fdch cenov\u00fdch nab\u00eddek a vytvo\u0159ili si nad\u010dasovou kolekci oble\u010den\u00ed pro v\u00edce sez\u00f3n.<\/strong><\/p>\r\n<p><!--more--><\/p>\r\n\r\n\r\n\r\n<h2 class=\"wp-block-heading\">N\u011bkolik slov o p\u016fvodu Black Friday<\/h2>\r\n\r\n\r\n\r\n<p>V\u00fdprodeje, akce a atraktivn\u00ed slevy. Velk\u00fd n\u00e1kupn\u00ed sv\u00e1tek, kter\u00fd si na\u0161el cestu do obchod\u016f po cel\u00e9m sv\u011bt\u011b.<\/p>\r\n\r\n\r\n\r\n<p>\u00dapln\u011b poprv\u00e9 zazn\u011bl nejsp\u00ed\u0161 tento v\u00fdraz ve zcela jin\u00e9m kontextu. A to v souvislosti s propadem americk\u00e9ho trhu se zlatem, a s n\u00edm souvisej\u00edc\u00edm krachem burzy v roce 1869.<\/p>\r\n\r\n\r\n\r\n<p>K dne\u0161n\u00ed podob\u011b tohoto dne je pravd\u011bpodobn\u011bj\u0161\u00ed od\u016fvodn\u011bn\u00ed z 60. let 20. stolet\u00ed, kdy si mnoho Ameri\u010dan\u016f vybralo po Dni d\u00edk\u016fvzd\u00e1n\u00ed den volna a prodlou\u017eili si tak v\u00edkend. Del\u0161\u00ed dovolen\u00e1 zv\u00fd\u0161ila chu\u0165 nakupovat. Podobn\u011b fungovaly i m\u011bstsk\u00e9 pr\u016fvody, kter\u00e9 byly ned\u00edlnou sou\u010d\u00e1st\u00ed oslav Dne d\u00edk\u016fvzd\u00e1n\u00ed. Pr\u00e1v\u011b u p\u0159\u00edle\u017eitosti pr\u016fvod\u016f se objevily prvn\u00ed propaga\u010dn\u00ed akce. Obchody pod\u00e9l trasy pr\u016fvodu vyhla\u0161ovaly v\u00fdprodeje, kter\u00e9 Ameri\u010dany vyb\u00edzely k n\u00e1kupu.<\/p>\r\n\r\n\r\n\r\n<p>Odkud se vzal n\u00e1zev \u201eBlack Friday\u201c? O p\u016fvodu tohoto term\u00ednu koluje mnoho historek. Podle jedn\u00e9 z nich tento v\u00fdraz poprv\u00e9 pou\u017eili v roce 1961 filadelf\u0161t\u00ed policist\u00e9, kte\u0159\u00ed v den vyhl\u00e1\u0161en\u00ed velk\u00fdch slev zasahovali v n\u00e1kupn\u00ed hale a uklid\u0148ovali dav nakupuj\u00edc\u00edch.<\/p>\r\n\r\n\r\n\r\n<p>Jin\u00e1 teorie o p\u016fvodu n\u00e1zvu &#8222;Black Friday&#8220; jej spojuje se syst\u00e9mem ur\u010dov\u00e1n\u00ed tr\u017eeb v americk\u00fdch kamenn\u00fdch obchodech, kter\u00fd byl zalo\u017een na r\u016fzn\u00fdch barv\u00e1ch inkoustu. \u010cern\u00e1 znamenala zisk a \u010derven\u00e1 ztr\u00e1tu. V den v\u00fdprodeje se tr\u017eby obchodn\u00edk\u016f ka\u017edoro\u010dn\u011b zvedaj\u00ed tolik, \u017ee se dost\u00e1vaj\u00ed z \u010derven\u00fdch \u010d\u00edsel do \u010dern\u00fdch.<\/p>\r\n\r\n\r\n\r\n<p>&nbsp;<\/p>\r\n\r\n\r\n\r\n<p>&nbsp;<\/p>\r\n\r\n\r\n\r\n<div class=\"wp-block-buttons is-content-justification-center is-layout-flex wp-container-core-buttons-is-layout-1 wp-block-buttons-is-layout-flex\">\r\n<div class=\"wp-block-button\"><a class=\"wp-block-button__link wp-element-button\" href=\"https:\/\/answear.cz\/s\/black-friday\" target=\"_blank\" rel=\"noreferrer noopener\">Pod\u00edvejte se na na\u0161i nab\u00eddku Black Friday<\/a><\/div>\r\n<\/div>\r\n\r\n\r\n\r\n\r\n\r\n<p>&nbsp;<\/p>\r\n\r\n\r\n\r\n<h2 class=\"wp-block-heading\">Jak pl\u00e1nujete n\u00e1kupy na Black Friday? \u00a0<\/h2>\r\n\r\n\r\n\r\n<p>Black Friday se dnes stal celosv\u011btov\u00fdm sv\u00e1tkem nakupov\u00e1n\u00ed. Mimo jin\u00e9 je i p\u0159\u00edle\u017eitost\u00ed k n\u00e1kup\u016fm v\u00e1no\u010dn\u00edch d\u00e1rk\u016f, ale tak\u00e9 k roz\u0161\u00ed\u0159en\u00ed osobn\u00edho \u0161atn\u00edku. Ne\u017e se vrhnete do nakupov\u00e1n\u00ed, je dobr\u00e9 si nejd\u0159\u00edve sestavit seznam oble\u010den\u00ed a dopl\u0148k\u016f, kter\u00e9 si chcete b\u011bhem v\u00fdprodeje opravdu po\u0159\u00eddit. T\u00edmto zp\u016fsobem udr\u017e\u00edte na uzd\u011b nutk\u00e1n\u00ed koupit si n\u011bkterou z v\u011bc\u00ed, kter\u00e1 se v\u00e1m sice l\u00edb\u00ed, ale kterou v\u016fbec nepot\u0159ebujete.<\/p>\r\n\r\n\r\n\r\n<p>Vyu\u017eijte Black Friday k n\u00e1kupu kvalitn\u00edho oble\u010den\u00ed za skv\u011bl\u00e9 ceny. Zvl\u00e1\u0161t\u011b v dne\u0161n\u00ed dob\u011b, kdy minimalismus v\u00edt\u011bz\u00ed nad maximalismem a kdy se klade d\u016fraz na vytvo\u0159en\u00ed kapsulov\u00e9ho \u0161atn\u00edku, z n\u011bho\u017e lze vytv\u00e1\u0159et r\u016fzn\u00e9 m\u00f3dn\u00ed variace. P\u0159i n\u00e1kupech se proto zam\u011b\u0159me na hled\u00e1n\u00ed oble\u010den\u00ed, kter\u00e9 je univerz\u00e1ln\u00ed, vynik\u00e1 kvalitou, zpracov\u00e1n\u00edm a hod\u00ed se pro ka\u017edou p\u0159\u00edle\u017eitost.<\/p>\r\n\r\n\r\n\r\n<p>&nbsp;<\/p>\r\n\r\n\r\n\r\n<h2 class=\"wp-block-heading\">Dokonale st\u0159i\u017een\u00e9 kab\u00e1ty<\/h2>\r\n\r\n\r\n\r\n<p>Nepostradatelnou sou\u010d\u00e1st\u00ed ka\u017ed\u00e9ho \u0161atn\u00edku je bezesporu elegantn\u00ed kab\u00e1t. P\u0159i v\u00fdb\u011bru va\u0161eho dokonal\u00e9ho kab\u00e1tu v\u011bnujte pozornost jak vzhledu v\u00fdrobku, tak praktick\u00fdm vlastnostem a kvalit\u011b zpracov\u00e1n\u00ed. Zam\u011b\u0159te se na materi\u00e1l, z n\u011bho\u017e je kab\u00e1t vyroben. Nejlep\u0161\u00ed volbou je bezpochyby vlna, proto\u017ee v chladn\u00fdch dnech zvy\u0161uje n\u00e1\u0161 tepeln\u00fd komfort jako \u017e\u00e1dn\u00fd jin\u00fd materi\u00e1l.<\/p>\r\n\r\n\r\n\r\n<p>Sledujte tak\u00e9, zda vlna poch\u00e1z\u00ed z etick\u00fdch zdroj\u016f. P\u0159\u00edkladem takto vyroben\u00e9ho svrchn\u00edho oble\u010den\u00ed je kab\u00e1t z kolekce <a href=\"https:\/\/answear.cz\/p\/vlneny-kabat-herskind-wanda-prechodny-oversize-828010\" target=\"_blank\" rel=\"noreferrer noopener\">Herskind<\/a>. Byl vytvo\u0159en z vlny \u201eMulesing Free Wool\u201c, tedy bez pou\u017eit\u00ed pro ovce bolestiv\u00e9 metody mulesing. Jeho oversize st\u0159ih, kombinace mnoha odst\u00edn\u016f b\u00e9\u017eov\u00e9 a v\u00fdrazn\u00e1 kostka nav\u00edc zajist\u00ed, \u017ee z\u016fstane trendy po mnoho sez\u00f3n.<\/p>\r\n\r\n\r\n\r\n<figure class=\"wp-block-gallery has-nested-images columns-default is-cropped wp-block-gallery-1 is-layout-flex wp-block-gallery-is-layout-flex\">\r\n<figure class=\"wp-block-image size-full\"><img loading=\"lazy\" decoding=\"async\" width=\"855\" height=\"1290\" data-id=\"23892\" class=\"wp-image-23892\" src=\"https:\/\/answear.cz\/blog\/wp-content\/uploads\/2023\/11\/inside.jpg\" alt=\"\" srcset=\"https:\/\/answear.cz\/blog\/wp-content\/uploads\/2023\/11\/inside.jpg 855w, https:\/\/answear.cz\/blog\/wp-content\/uploads\/2023\/11\/inside-461x695.jpg 461w, https:\/\/answear.cz\/blog\/wp-content\/uploads\/2023\/11\/inside-768x1159.jpg 768w\" sizes=\"(max-width: 855px) 100vw, 855px\" \/><\/figure>\r\n\r\n\r\n\r\n<figure class=\"wp-block-image size-full\"><img loading=\"lazy\" decoding=\"async\" width=\"855\" height=\"1290\" data-id=\"23890\" class=\"wp-image-23890\" src=\"https:\/\/answear.cz\/blog\/wp-content\/uploads\/2023\/11\/inside5.jpg\" alt=\"\" srcset=\"https:\/\/answear.cz\/blog\/wp-content\/uploads\/2023\/11\/inside5.jpg 855w, https:\/\/answear.cz\/blog\/wp-content\/uploads\/2023\/11\/inside5-461x695.jpg 461w, https:\/\/answear.cz\/blog\/wp-content\/uploads\/2023\/11\/inside5-768x1159.jpg 768w\" sizes=\"(max-width: 855px) 100vw, 855px\" \/><\/figure>\r\n\r\n\r\n\r\n<figure class=\"wp-block-image size-full\"><img loading=\"lazy\" decoding=\"async\" width=\"855\" height=\"1290\" data-id=\"23891\" class=\"wp-image-23891\" src=\"https:\/\/answear.cz\/blog\/wp-content\/uploads\/2023\/11\/inside6.jpg\" alt=\"\" srcset=\"https:\/\/answear.cz\/blog\/wp-content\/uploads\/2023\/11\/inside6.jpg 855w, https:\/\/answear.cz\/blog\/wp-content\/uploads\/2023\/11\/inside6-461x695.jpg 461w, https:\/\/answear.cz\/blog\/wp-content\/uploads\/2023\/11\/inside6-768x1159.jpg 768w\" sizes=\"(max-width: 855px) 100vw, 855px\" \/><\/figure>\r\n<\/figure>\r\n\r\n\r\n\r\n<p>&nbsp;<\/p>\r\n\r\n\r\n\r\n<p>Stejn\u011b dlouho budou obl\u00edben\u00e9 i nad\u010dasov\u00e9 voln\u00e9 kab\u00e1ty s dvou\u0159ad\u00fdm zap\u00edn\u00e1n\u00edm a spadl\u00fdmi rameny. Takov\u00e9 najdete tak\u00e9 v kolekci <a href=\"https:\/\/answear.cz\/p\/vlneny-kabat-herskind-wanda-cerna-barva-prechodny-oversize-1090100\" target=\"_blank\" rel=\"noreferrer noopener\">Herskind<\/a>. Zna\u010dka navrhla p\u0159echodov\u00fd kab\u00e1t z hladk\u00e9 tkaniny s vysok\u00fdm obsahem vlny. Nab\u00edz\u00ed vynikaj\u00edc\u00ed ochranu p\u0159ed chladem a je odoln\u00fd proti poma\u010dk\u00e1n\u00ed. D\u00edky t\u0159em barevn\u00fdm variant\u00e1m, \u010dern\u00e9 a dv\u011bma odst\u00edn\u016fm b\u00e9\u017eov\u00e9, jej snadno p\u0159izp\u016fsob\u00edte sv\u00fdm preferenc\u00edm a stylu oble\u010den\u00ed. Tento klasick\u00fd kab\u00e1t bude skv\u011bl\u00fdm z\u00e1kladem pro elegantn\u00ed i le\u017e\u00e9rn\u00ed outfity.<\/p>\r\n\r\n\r\n\r\n<p>T\u011bm, kte\u0159\u00ed sleduj\u00ed sv\u011btov\u00e9 trendy, doporu\u010dujeme kab\u00e1t z kolekce Hugo. Zateplen\u00fd model je pod\u0161it\u00fd b\u00edlou ov\u010d\u00ed k\u016f\u017e\u00ed a kr\u00e1sn\u011b kontrastuje s jemn\u00fdm hn\u011bd\u00fdm odst\u00ednem ekologick\u00e9 imitace k\u016f\u017ee, ze kter\u00e9 je vyroben. Kab\u00e1t se bude dob\u0159e hodit p\u0159edev\u0161\u00edm ke ka\u017edodenn\u00edm outfit\u016fm: d\u017e\u00edn\u00e1m, tepl\u00fdm svetr\u016fm a ko\u017een\u00fdm ta\u0161k\u00e1m.<\/p>\r\n\r\n\r\n\r\n<h2 class=\"wp-block-heading\">D\u017e\u00edny pro ka\u017edou p\u0159\u00edle\u017eitost<\/h2>\r\n\r\n\r\n\r\n<p>Jsou nezbytnou sou\u010d\u00e1st\u00ed ka\u017ed\u00e9ho \u0161atn\u00edku. Pohodln\u00e9, vhodn\u00e9 pro ka\u017edodenn\u00ed le\u017e\u00e9rn\u00ed look a r\u016fzn\u00e9 kombinace. D\u017e\u00edny jsou kalhoty, kter\u00e9 nos\u00edme nej\u010dast\u011bji. Jejich n\u00e1kup p\u0159es internetov\u00fd obchod v\u0161ak m\u016f\u017ee b\u00fdt slo\u017eit\u00fd. Bez jejich vyzkou\u0161en\u00ed je t\u011b\u017ek\u00e9 naj\u00edt tu spr\u00e1vnou velikost a st\u0159ih pro va\u0161i postavu. P\u0159i nakupov\u00e1n\u00ed v\u00e1m m\u016f\u017ee pomoci jednoduch\u00fd trik. Projd\u011bte si sv\u016fj \u0161atn\u00edk a vyberte si d\u017e\u00edny, ve kter\u00fdch se c\u00edt\u00edte nejpohodln\u011bji. Ur\u010dete podle nich, jak\u00fd typ kalhot je pro v\u00e1s nejlep\u0161\u00ed, a na z\u00e1klad\u011b toho vyberte ty spr\u00e1vn\u00e9 v obchod\u011b.<\/p>\r\n\r\n\r\n\r\n<p>Pohodlnou a stylovou volbou jsou kalhoty rovn\u00e9ho st\u0159ihu s vysok\u00fdm pasem. Sv\u011bd\u010d\u00ed toti\u017e skoro ka\u017ed\u00e9 postav\u011b. D\u017e\u00edny z kolekce <a href=\"https:\/\/answear.cz\/p\/dziny-abercrombie-fitch-damske-high-waist-891778\" target=\"_blank\" rel=\"noreferrer noopener\">Abercrombie &amp; Fitch<\/a> maj\u00ed nejen spr\u00e1vn\u00fd st\u0159ih, ale jsou tak\u00e9 v sepran\u00e9 decentn\u00ed barv\u011b, kter\u00e1 se bude skv\u011ble kombinovat s tlumen\u00fdmi i intenzivn\u00edmi barvami ostatn\u00edch od\u011bv\u016f.<\/p>\r\n\r\n\r\n\r\n<p>Kalhoty ve st\u0159ihu \u201eMom Carrot\u201d jsou obl\u00edben\u00e9 ji\u017e n\u011bkolik sez\u00f3n. M\u00e1 to sv\u016fj d\u016fvod. D\u017e\u00edny se hod\u00ed k p\u00e1nsk\u00e9mu i d\u00e1msk\u00e9mu oble\u010den\u00ed, zv\u00fdraz\u0148uj\u00ed postavu a zakr\u00fdvaj\u00ed jej\u00ed nedostatky. Vysok\u00fd pas zd\u016frazn\u00ed linii postavy, zat\u00edmco rovn\u00e9, z\u00fa\u017een\u00e9 nohavice ze\u0161t\u00edhluj\u00ed nohy. Takto zv\u00fdrazn\u00ed va\u0161i siluetu nap\u0159\u00edklad d\u017e\u00edny z kolekce zna\u010dky <a href=\"https:\/\/answear.cz\/p\/dziny-pepe-jeans-violet-damske-high-waist-874695\" target=\"_blank\" rel=\"noreferrer noopener\">Pepe Jeans<\/a>. D\u00edky stre\u010dov\u00e9mu denimu se v nich budete c\u00edtit mimo\u0159\u00e1dn\u011b pohodln\u011b. Model je sou\u010d\u00e1st\u00ed \u0159ady Pepe Future, kter\u00e1 zahrnuje v\u00fdrobky vytvo\u0159en\u00e9 v r\u00e1mci udr\u017eiteln\u00e9ho v\u00fdrobn\u00edho procesu.<\/p>\r\n\r\n\r\n\r\n<figure class=\"wp-block-gallery has-nested-images columns-default is-cropped wp-block-gallery-2 is-layout-flex wp-block-gallery-is-layout-flex\">\r\n<figure class=\"wp-block-image size-full\"><img loading=\"lazy\" decoding=\"async\" width=\"855\" height=\"1290\" data-id=\"23893\" class=\"wp-image-23893\" src=\"https:\/\/answear.cz\/blog\/wp-content\/uploads\/2023\/11\/inside1.jpg\" alt=\"\" srcset=\"https:\/\/answear.cz\/blog\/wp-content\/uploads\/2023\/11\/inside1.jpg 855w, https:\/\/answear.cz\/blog\/wp-content\/uploads\/2023\/11\/inside1-461x695.jpg 461w, https:\/\/answear.cz\/blog\/wp-content\/uploads\/2023\/11\/inside1-768x1159.jpg 768w\" sizes=\"(max-width: 855px) 100vw, 855px\" \/><\/figure>\r\n\r\n\r\n\r\n<figure class=\"wp-block-image size-full\"><img loading=\"lazy\" decoding=\"async\" width=\"855\" height=\"1290\" data-id=\"23894\" class=\"wp-image-23894\" src=\"https:\/\/answear.cz\/blog\/wp-content\/uploads\/2023\/11\/inside2.jpg\" alt=\"\" srcset=\"https:\/\/answear.cz\/blog\/wp-content\/uploads\/2023\/11\/inside2.jpg 855w, https:\/\/answear.cz\/blog\/wp-content\/uploads\/2023\/11\/inside2-461x695.jpg 461w, https:\/\/answear.cz\/blog\/wp-content\/uploads\/2023\/11\/inside2-768x1159.jpg 768w\" sizes=\"(max-width: 855px) 100vw, 855px\" \/><\/figure>\r\n<\/figure>\r\n\r\n\r\n\r\n\r\n\r\n<h2 class=\"wp-block-heading\">Klasick\u00e9 dopl\u0148ky<\/h2>\r\n\r\n\r\n\r\n<p>K dokonal\u00e9mu v\u00fdsledku va\u0161eho outfitu pot\u0159ebujete dob\u0159e slad\u011bn\u00e9 dopl\u0148ky. Proto se p\u0159i n\u00e1kupech na Black Friday vyplat\u00ed hledat v\u00fdrobky s nad\u010dasov\u00fdm designem, kter\u00e9 m\u016f\u017eete snadno doplnit k elegantn\u00edmu i ka\u017edodenn\u00edmu vzhledu. P\u0159\u00edkladem takov\u00e9ho nad\u010dasov\u00e9ho dopl\u0148ku je kabelka <a href=\"https:\/\/answear.cz\/p\/kabelka-silvian-heach-cerna-barva-1070723\" target=\"_blank\" rel=\"noreferrer noopener\">Silvian Heach<\/a>, vyroben\u00e1 z \u010dern\u00e9 ekok\u016f\u017ee. D\u00edky dopl\u0148k\u016fm ve zlat\u00e9 barv\u011b a origin\u00e1ln\u00edmu designu skv\u011ble dopln\u00ed ka\u017ed\u00fd styling. Zaj\u00edmavou alternativou m\u016f\u017ee b\u00fdt tak\u00e9 kabelka zna\u010dky <a href=\"https:\/\/answear.cz\/p\/kabelka-guess-cerna-barva-1067865\" target=\"_blank\" rel=\"noreferrer noopener\">Guess <\/a>v podobn\u00e9m barevn\u00e9m proveden\u00ed. Kabelka s dlouh\u00fdm popruhem je ide\u00e1ln\u00ed pro t\u00e9m\u011b\u0159 jak\u00fdkoli styling, a\u0165 u\u017e pro form\u00e1ln\u00ed p\u0159\u00edle\u017eitosti nebo setk\u00e1n\u00ed s p\u0159\u00e1teli. Kabelka bude vypadat skv\u011ble v kombinaci s d\u00e1msk\u00fdm oblekem, ale i s jemn\u00fdm svetrem a d\u017e\u00edny.<\/p>\r\n\r\n\r\n\r\n<figure class=\"wp-block-gallery has-nested-images columns-default is-cropped wp-block-gallery-3 is-layout-flex wp-block-gallery-is-layout-flex\">\r\n<figure class=\"wp-block-image size-full\"><img loading=\"lazy\" decoding=\"async\" width=\"855\" height=\"1290\" data-id=\"23895\" class=\"wp-image-23895\" src=\"https:\/\/answear.cz\/blog\/wp-content\/uploads\/2023\/11\/inside7.jpg\" alt=\"\" srcset=\"https:\/\/answear.cz\/blog\/wp-content\/uploads\/2023\/11\/inside7.jpg 855w, https:\/\/answear.cz\/blog\/wp-content\/uploads\/2023\/11\/inside7-461x695.jpg 461w, https:\/\/answear.cz\/blog\/wp-content\/uploads\/2023\/11\/inside7-768x1159.jpg 768w\" sizes=\"(max-width: 855px) 100vw, 855px\" \/><\/figure>\r\n\r\n\r\n\r\n<figure class=\"wp-block-image size-full\"><img loading=\"lazy\" decoding=\"async\" width=\"855\" height=\"1290\" data-id=\"23896\" class=\"wp-image-23896\" src=\"https:\/\/answear.cz\/blog\/wp-content\/uploads\/2023\/11\/inside8.jpg\" alt=\"\" srcset=\"https:\/\/answear.cz\/blog\/wp-content\/uploads\/2023\/11\/inside8.jpg 855w, https:\/\/answear.cz\/blog\/wp-content\/uploads\/2023\/11\/inside8-461x695.jpg 461w, https:\/\/answear.cz\/blog\/wp-content\/uploads\/2023\/11\/inside8-768x1159.jpg 768w\" sizes=\"(max-width: 855px) 100vw, 855px\" \/><\/figure>\r\n\r\n\r\n\r\n<figure class=\"wp-block-image size-full\"><img loading=\"lazy\" decoding=\"async\" width=\"855\" height=\"1290\" data-id=\"23897\" class=\"wp-image-23897\" src=\"https:\/\/answear.cz\/blog\/wp-content\/uploads\/2023\/11\/inside9.jpg\" alt=\"\" srcset=\"https:\/\/answear.cz\/blog\/wp-content\/uploads\/2023\/11\/inside9.jpg 855w, https:\/\/answear.cz\/blog\/wp-content\/uploads\/2023\/11\/inside9-461x695.jpg 461w, https:\/\/answear.cz\/blog\/wp-content\/uploads\/2023\/11\/inside9-768x1159.jpg 768w\" sizes=\"(max-width: 855px) 100vw, 855px\" \/><\/figure>\r\n<\/figure>\r\n\r\n\r\n\r\n<p>&nbsp;<\/p>\r\n\r\n\r\n\r\n<p>\u010cern\u00fd p\u00e1tek je vhodnou dobou pro zv\u00e1\u017een\u00ed n\u00e1kupu klasick\u00e9 obuvi. P\u00e1r \u010dern\u00fdch jehlov\u00fdch bot se bude hodit do \u0161atn\u00edku ka\u017ed\u00e9 \u017eeny. Tento model od <a href=\"https:\/\/answear.cz\/p\/kozene-lodicky-michael-michael-kors-keke-cerna-barva-40f3kehp1l-1049070\" target=\"_blank\" rel=\"noreferrer noopener\">Michaela Korse<\/a> je vyroben z p\u0159\u00edrodn\u00ed k\u016f\u017ee, m\u00e1 tvarovanou m\u011bkkou st\u00e9lku a polstrovanou \u0161pi\u010dku. Stiletky budou dokonal\u00fdm dopl\u0148kem mnoha outfit\u016f. V chladn\u011bj\u0161\u00edch dnech obstoj\u00ed ikonick\u00e9 koza\u010dky od zna\u010dky <a href=\"https:\/\/answear.cz\/p\/nizke-kozacky-vagabond-shoemakers-dorah-damske-cerna-barva-na-podpatku-5642-502-20-1102991\" target=\"_blank\" rel=\"noreferrer noopener\">Vagabond<\/a>. Boty jsou vyrobeny z kombinace p\u0159\u00edrodn\u00ed k\u016f\u017ee a ekok\u016f\u017ee. Vyzna\u010duj\u00ed se zpevn\u011bnou \u0161pi\u010dkou, podr\u00e1\u017ekou odolnou proti po\u0161kozen\u00ed a pevnou stabilitou. Nad\u010dasov\u00fd design znamen\u00e1, \u017ee jen tak nevyjdou z m\u00f3dy.<\/p>\r\n\r\n\r\n\r\n<h2 class=\"wp-block-heading\">H\u0159ejiv\u00fd \u00faplet<\/h2>\r\n\r\n\r\n\r\n<p>Pleten\u00e9 oble\u010den\u00ed n\u00e1s na podzim a v zim\u011b zah\u0159eje. Proto se vyplat\u00ed po\u0159\u00eddit si b\u011bhem Black Friday n\u011bkolik m\u00f3dn\u00edch kousk\u016f, kter\u00e9 dlouho z\u016fstanou na seznamu nej\u017ehav\u011bj\u0161\u00edch sv\u011btov\u00fdch trend\u016f. Jedn\u00edm z nich je pruhovan\u00fd svetr z kolekce <a href=\"https:\/\/answear.cz\/p\/svetr-notes-du-nord-gaia-damsky-bezova-barva-958615\" target=\"_blank\" rel=\"noreferrer noopener\">Notes du Nord<\/a>, inspirovan\u00fd pa\u0159\u00ed\u017esk\u00fdm stylem. M\u00e1 voln\u00fd st\u0159ih, ragl\u00e1nov\u00e9 ruk\u00e1vy a je z p\u0159\u00edjemn\u00e9ho \u00fapletu.<\/p>\r\n\r\n\r\n\r\n<figure class=\"wp-block-gallery has-nested-images columns-default is-cropped wp-block-gallery-4 is-layout-flex wp-block-gallery-is-layout-flex\">\r\n<figure class=\"wp-block-image size-full\"><img loading=\"lazy\" decoding=\"async\" width=\"855\" height=\"1290\" data-id=\"23898\" class=\"wp-image-23898\" src=\"https:\/\/answear.cz\/blog\/wp-content\/uploads\/2023\/11\/inside3.jpg\" alt=\"\" srcset=\"https:\/\/answear.cz\/blog\/wp-content\/uploads\/2023\/11\/inside3.jpg 855w, https:\/\/answear.cz\/blog\/wp-content\/uploads\/2023\/11\/inside3-461x695.jpg 461w, https:\/\/answear.cz\/blog\/wp-content\/uploads\/2023\/11\/inside3-768x1159.jpg 768w\" sizes=\"(max-width: 855px) 100vw, 855px\" \/><\/figure>\r\n\r\n\r\n\r\n<figure class=\"wp-block-image size-full\"><img loading=\"lazy\" decoding=\"async\" width=\"855\" height=\"1290\" data-id=\"23899\" class=\"wp-image-23899\" src=\"https:\/\/answear.cz\/blog\/wp-content\/uploads\/2023\/11\/inside4.jpg\" alt=\"\" srcset=\"https:\/\/answear.cz\/blog\/wp-content\/uploads\/2023\/11\/inside4.jpg 855w, https:\/\/answear.cz\/blog\/wp-content\/uploads\/2023\/11\/inside4-461x695.jpg 461w, https:\/\/answear.cz\/blog\/wp-content\/uploads\/2023\/11\/inside4-768x1159.jpg 768w\" sizes=\"(max-width: 855px) 100vw, 855px\" \/><\/figure>\r\n<\/figure>\r\n\r\n\r\n\r\n<p>&nbsp;<\/p>\r\n\r\n\r\n\r\n<p>Klasikou, kter\u00e1 se hod\u00ed pro ka\u017edou p\u0159\u00edle\u017eitost a kterou byste m\u011bli m\u00edt ve sv\u00e9m \u0161atn\u00edku, je \u010dern\u00fd rol\u00e1k. Model z kolekce <a href=\"https:\/\/answear.cz\/p\/svetr-artigli-damsky-cerna-barva-lehky-s-pologolfem-1112589\" target=\"_blank\" rel=\"noreferrer noopener\">Artigli<\/a>, vyroben\u00fd z elastick\u00e9ho \u00fapletu, se bude skv\u011ble hodit k sukni, d\u017e\u00edn\u016fm i elegantn\u00edm kalhot\u00e1m. Pro p\u0159\u00edznivce streetwearov\u00e9ho oble\u010den\u00ed doporu\u010dujeme mikinu z kolekce <a href=\"https:\/\/answear.cz\/p\/mikina-levis-damska-bezova-barva-hladka-1083721\" target=\"_blank\" rel=\"noreferrer noopener\">Levi&#8217;s<\/a>. P\u0159\u00edjemn\u00fd a lehce zateplen\u00fd model s polovi\u010dn\u00edm rol\u00e1kem v uvoln\u011bn\u00e9m st\u0159ihu dopln\u00ed ka\u017ed\u00fd le\u017e\u00e9rn\u00ed look.<\/p>\r\n\r\n\r\n\r\n<p>&nbsp;<\/p>\r\n\r\n<div class=\"hidden\">\r\n<figure class=\"wp-block-image size-full\"><img loading=\"lazy\" decoding=\"async\" width=\"564\" height=\"564\" class=\"wp-image-23917\" src=\"https:\/\/answear.cz\/blog\/wp-content\/uploads\/2023\/11\/img123.png\" alt=\"\" srcset=\"https:\/\/answear.cz\/blog\/wp-content\/uploads\/2023\/11\/img123.png 564w, https:\/\/answear.cz\/blog\/wp-content\/uploads\/2023\/11\/img123-45x45.png 45w\" sizes=\"(max-width: 564px) 100vw, 564px\" \/><\/figure>\r\n<\/div>","protected":false},"excerpt":{"rendered":"<p><span class=\"rt-reading-time\" style=\"display: block;\"><span class=\"rt-label rt-prefix\">\u010cten\u00ed na <\/span> <span class=\"rt-time\">6<\/span> <span class=\"rt-label rt-postfix\">minuty<\/span><\/span> Black Friday je ide\u00e1ln\u00edm obdob\u00edm k dopln\u011bn\u00ed z\u00e1kladn\u00edch kousk\u016f oble\u010den\u00ed pro sestaven\u00ed funk\u010dn\u00edho \u0161atn\u00edku, kter\u00fd se hod\u00ed pro ka\u017edou p\u0159\u00edle\u017eitost. Prokousat se v\u0161ak mno\u017estv\u00edm nab\u00eddek nemus\u00ed b\u00fdt snadn\u00fd \u00fakol. Proto se vyplat\u00ed p\u0159istupovat k n\u00e1kup\u016fm strategicky, abyste co nejl\u00e9pe vyu\u017eili v\u00fdjime\u010dn\u00fdch cenov\u00fdch nab\u00eddek a vytvo\u0159ili si nad\u010dasovou kolekci oble\u010den\u00ed pro v\u00edce sez\u00f3n. <\/p>\n","protected":false},"author":41,"featured_media":23887,"comment_status":"closed","ping_status":"closed","sticky":false,"template":"","format":"standard","meta":{"footnotes":""},"categories":[686],"tags":[1159,1073,738,917],"yoast_head":"<!-- This site is optimized with the Yoast SEO plugin v22.0 - https:\/\/yoast.com\/wordpress\/plugins\/seo\/ -->\n<title>Black Friday: Vyb\u00edrejte klasiku, kterou stoj\u00ed za to m\u00edt v \u0161atn\u00edku - answear.cz blog<\/title>\n<meta name=\"description\" content=\"Black Friday je ide\u00e1ln\u00edm obdob\u00edm k dopln\u011bn\u00ed z\u00e1kladn\u00edch kousk\u016f oble\u010den\u00ed pro sestaven\u00ed funk\u010dn\u00edho \u0161atn\u00edku, kter\u00fd se hod\u00ed pro ka\u017edou p\u0159\u00edle\u017eitost. Prokousat se v\u0161ak mno\u017estv\u00edm nab\u00eddek nemus\u00ed b\u00fdt snadn\u00fd \u00fakol. Proto se vyplat\u00ed p\u0159istupovat k n\u00e1kup\u016fm strategicky, abyste co nejl\u00e9pe vyu\u017eili v\u00fdjime\u010dn\u00fdch cenov\u00fdch nab\u00eddek a vytvo\u0159ili si nad\u010dasovou kolekci oble\u010den\u00ed pro v\u00edce sez\u00f3n.\" \/>\n<meta name=\"robots\" content=\"index, follow, max-snippet:-1, max-image-preview:large, max-video-preview:-1\" \/>\n<link rel=\"canonical\" href=\"https:\/\/answear.cz\/blog\/black-friday-vybirejte-klasiku-kterou-stoji-za-to-mit-v-satniku\/23886\" \/>\n<meta property=\"og:locale\" content=\"cs_CZ\" \/>\n<meta property=\"og:type\" content=\"article\" \/>\n<meta property=\"og:title\" content=\"Black Friday: Vyb\u00edrejte klasiku, kterou stoj\u00ed za to m\u00edt v \u0161atn\u00edku - answear.cz blog\" \/>\n<meta property=\"og:description\" content=\"Black Friday je ide\u00e1ln\u00edm obdob\u00edm k dopln\u011bn\u00ed z\u00e1kladn\u00edch kousk\u016f oble\u010den\u00ed pro sestaven\u00ed funk\u010dn\u00edho \u0161atn\u00edku, kter\u00fd se hod\u00ed pro ka\u017edou p\u0159\u00edle\u017eitost. Prokousat se v\u0161ak mno\u017estv\u00edm nab\u00eddek nemus\u00ed b\u00fdt snadn\u00fd \u00fakol. Proto se vyplat\u00ed p\u0159istupovat k n\u00e1kup\u016fm strategicky, abyste co nejl\u00e9pe vyu\u017eili v\u00fdjime\u010dn\u00fdch cenov\u00fdch nab\u00eddek a vytvo\u0159ili si nad\u010dasovou kolekci oble\u010den\u00ed pro v\u00edce sez\u00f3n.\" \/>\n<meta property=\"og:url\" content=\"https:\/\/answear.cz\/blog\/black-friday-vybirejte-klasiku-kterou-stoji-za-to-mit-v-satniku\/23886\" \/>\n<meta property=\"og:site_name\" content=\"answear.cz blog\" \/>\n<meta property=\"article:published_time\" content=\"2023-11-20T09:54:10+00:00\" \/>\n<meta property=\"article:modified_time\" content=\"2024-03-05T10:58:02+00:00\" \/>\n<meta property=\"og:image\" content=\"https:\/\/answear.cz\/blog\/wp-content\/uploads\/2023\/11\/cover-1.jpg\" \/>\n\t<meta property=\"og:image:width\" content=\"1680\" \/>\n\t<meta property=\"og:image:height\" content=\"679\" \/>\n\t<meta property=\"og:image:type\" content=\"image\/jpeg\" \/>\n<meta name=\"author\" content=\"Katka\" \/>\n<meta name=\"twitter:card\" content=\"summary_large_image\" \/>\n<meta name=\"twitter:label1\" content=\"Napsal(a)\" \/>\n\t<meta name=\"twitter:data1\" content=\"Katka\" \/>\n\t<meta name=\"twitter:label2\" content=\"Odhadovan\u00e1 doba \u010dten\u00ed\" \/>\n\t<meta name=\"twitter:data2\" content=\"8 minut\" \/>\n<script type=\"application\/ld+json\" class=\"yoast-schema-graph\">{\"@context\":\"https:\/\/schema.org\",\"@graph\":[{\"@type\":\"WebPage\",\"@id\":\"https:\/\/answear.cz\/blog\/black-friday-vybirejte-klasiku-kterou-stoji-za-to-mit-v-satniku\/23886\",\"url\":\"https:\/\/answear.cz\/blog\/black-friday-vybirejte-klasiku-kterou-stoji-za-to-mit-v-satniku\/23886\",\"name\":\"Black Friday: Vyb\u00edrejte klasiku, kterou stoj\u00ed za to m\u00edt v \u0161atn\u00edku - answear.cz blog\",\"isPartOf\":{\"@id\":\"https:\/\/answear.cz\/blog\/#website\"},\"datePublished\":\"2023-11-20T09:54:10+00:00\",\"dateModified\":\"2024-03-05T10:58:02+00:00\",\"author\":{\"@id\":\"https:\/\/answear.cz\/blog\/#\/schema\/person\/a237d4bbd6d13c21edb92080d19f8675\"},\"description\":\"Black Friday je ide\u00e1ln\u00edm obdob\u00edm k dopln\u011bn\u00ed z\u00e1kladn\u00edch kousk\u016f oble\u010den\u00ed pro sestaven\u00ed funk\u010dn\u00edho \u0161atn\u00edku, kter\u00fd se hod\u00ed pro ka\u017edou p\u0159\u00edle\u017eitost. Prokousat se v\u0161ak mno\u017estv\u00edm nab\u00eddek nemus\u00ed b\u00fdt snadn\u00fd \u00fakol. Proto se vyplat\u00ed p\u0159istupovat k n\u00e1kup\u016fm strategicky, abyste co nejl\u00e9pe vyu\u017eili v\u00fdjime\u010dn\u00fdch cenov\u00fdch nab\u00eddek a vytvo\u0159ili si nad\u010dasovou kolekci oble\u010den\u00ed pro v\u00edce sez\u00f3n.\",\"breadcrumb\":{\"@id\":\"https:\/\/answear.cz\/blog\/black-friday-vybirejte-klasiku-kterou-stoji-za-to-mit-v-satniku\/23886#breadcrumb\"},\"inLanguage\":\"cs\",\"potentialAction\":[{\"@type\":\"ReadAction\",\"target\":[\"https:\/\/answear.cz\/blog\/black-friday-vybirejte-klasiku-kterou-stoji-za-to-mit-v-satniku\/23886\"]}]},{\"@type\":\"BreadcrumbList\",\"@id\":\"https:\/\/answear.cz\/blog\/black-friday-vybirejte-klasiku-kterou-stoji-za-to-mit-v-satniku\/23886#breadcrumb\",\"itemListElement\":[{\"@type\":\"ListItem\",\"position\":1,\"name\":\"Dom\u016f\",\"item\":\"https:\/\/answear.cz\/blog\/\"},{\"@type\":\"ListItem\",\"position\":2,\"name\":\"Black Friday: Vyb\u00edrejte klasiku, kterou stoj\u00ed za to m\u00edt v \u0161atn\u00edku\"}]},{\"@type\":\"WebSite\",\"@id\":\"https:\/\/answear.cz\/blog\/#website\",\"url\":\"https:\/\/answear.cz\/blog\/\",\"name\":\"answear.cz blog\",\"description\":\"M\u00f3da, trendy, rady a tipy stylist\u016f, novinky ze sv\u011bta m\u00f3dy. We know the ANSWEAR ;-)\",\"potentialAction\":[{\"@type\":\"SearchAction\",\"target\":{\"@type\":\"EntryPoint\",\"urlTemplate\":\"https:\/\/answear.cz\/blog\/?s={search_term_string}\"},\"query-input\":\"required name=search_term_string\"}],\"inLanguage\":\"cs\"},{\"@type\":\"Person\",\"@id\":\"https:\/\/answear.cz\/blog\/#\/schema\/person\/a237d4bbd6d13c21edb92080d19f8675\",\"name\":\"Katka\",\"image\":{\"@type\":\"ImageObject\",\"inLanguage\":\"cs\",\"@id\":\"https:\/\/answear.cz\/blog\/#\/schema\/person\/image\/\",\"url\":\"https:\/\/secure.gravatar.com\/avatar\/1f72f7de7dac65ea0036d63c7c3fa5f3?s=96&d=mm&r=g\",\"contentUrl\":\"https:\/\/secure.gravatar.com\/avatar\/1f72f7de7dac65ea0036d63c7c3fa5f3?s=96&d=mm&r=g\",\"caption\":\"Katka\"},\"url\":\"https:\/\/answear.cz\/blog\/author\/katerina\"}]}<\/script>\n<!-- \/ Yoast SEO plugin. -->","yoast_head_json":{"title":"Black Friday: Vyb\u00edrejte klasiku, kterou stoj\u00ed za to m\u00edt v \u0161atn\u00edku - answear.cz blog","description":"Black Friday je ide\u00e1ln\u00edm obdob\u00edm k dopln\u011bn\u00ed z\u00e1kladn\u00edch kousk\u016f oble\u010den\u00ed pro sestaven\u00ed funk\u010dn\u00edho \u0161atn\u00edku, kter\u00fd se hod\u00ed pro ka\u017edou p\u0159\u00edle\u017eitost. Prokousat se v\u0161ak mno\u017estv\u00edm nab\u00eddek nemus\u00ed b\u00fdt snadn\u00fd \u00fakol. Proto se vyplat\u00ed p\u0159istupovat k n\u00e1kup\u016fm strategicky, abyste co nejl\u00e9pe vyu\u017eili v\u00fdjime\u010dn\u00fdch cenov\u00fdch nab\u00eddek a vytvo\u0159ili si nad\u010dasovou kolekci oble\u010den\u00ed pro v\u00edce sez\u00f3n.","robots":{"index":"index","follow":"follow","max-snippet":"max-snippet:-1","max-image-preview":"max-image-preview:large","max-video-preview":"max-video-preview:-1"},"canonical":"https:\/\/answear.cz\/blog\/black-friday-vybirejte-klasiku-kterou-stoji-za-to-mit-v-satniku\/23886","og_locale":"cs_CZ","og_type":"article","og_title":"Black Friday: Vyb\u00edrejte klasiku, kterou stoj\u00ed za to m\u00edt v \u0161atn\u00edku - answear.cz blog","og_description":"Black Friday je ide\u00e1ln\u00edm obdob\u00edm k dopln\u011bn\u00ed z\u00e1kladn\u00edch kousk\u016f oble\u010den\u00ed pro sestaven\u00ed funk\u010dn\u00edho \u0161atn\u00edku, kter\u00fd se hod\u00ed pro ka\u017edou p\u0159\u00edle\u017eitost. Prokousat se v\u0161ak mno\u017estv\u00edm nab\u00eddek nemus\u00ed b\u00fdt snadn\u00fd \u00fakol. Proto se vyplat\u00ed p\u0159istupovat k n\u00e1kup\u016fm strategicky, abyste co nejl\u00e9pe vyu\u017eili v\u00fdjime\u010dn\u00fdch cenov\u00fdch nab\u00eddek a vytvo\u0159ili si nad\u010dasovou kolekci oble\u010den\u00ed pro v\u00edce sez\u00f3n.","og_url":"https:\/\/answear.cz\/blog\/black-friday-vybirejte-klasiku-kterou-stoji-za-to-mit-v-satniku\/23886","og_site_name":"answear.cz blog","article_published_time":"2023-11-20T09:54:10+00:00","article_modified_time":"2024-03-05T10:58:02+00:00","og_image":[{"width":1680,"height":679,"url":"https:\/\/answear.cz\/blog\/wp-content\/uploads\/2023\/11\/cover-1.jpg","type":"image\/jpeg"}],"author":"Katka","twitter_card":"summary_large_image","twitter_misc":{"Napsal(a)":"Katka","Odhadovan\u00e1 doba \u010dten\u00ed":"8 minut"},"schema":{"@context":"https:\/\/schema.org","@graph":[{"@type":"WebPage","@id":"https:\/\/answear.cz\/blog\/black-friday-vybirejte-klasiku-kterou-stoji-za-to-mit-v-satniku\/23886","url":"https:\/\/answear.cz\/blog\/black-friday-vybirejte-klasiku-kterou-stoji-za-to-mit-v-satniku\/23886","name":"Black Friday: Vyb\u00edrejte klasiku, kterou stoj\u00ed za to m\u00edt v \u0161atn\u00edku - answear.cz blog","isPartOf":{"@id":"https:\/\/answear.cz\/blog\/#website"},"datePublished":"2023-11-20T09:54:10+00:00","dateModified":"2024-03-05T10:58:02+00:00","author":{"@id":"https:\/\/answear.cz\/blog\/#\/schema\/person\/a237d4bbd6d13c21edb92080d19f8675"},"description":"Black Friday je ide\u00e1ln\u00edm obdob\u00edm k dopln\u011bn\u00ed z\u00e1kladn\u00edch kousk\u016f oble\u010den\u00ed pro sestaven\u00ed funk\u010dn\u00edho \u0161atn\u00edku, kter\u00fd se hod\u00ed pro ka\u017edou p\u0159\u00edle\u017eitost. Prokousat se v\u0161ak mno\u017estv\u00edm nab\u00eddek nemus\u00ed b\u00fdt snadn\u00fd \u00fakol. Proto se vyplat\u00ed p\u0159istupovat k n\u00e1kup\u016fm strategicky, abyste co nejl\u00e9pe vyu\u017eili v\u00fdjime\u010dn\u00fdch cenov\u00fdch nab\u00eddek a vytvo\u0159ili si nad\u010dasovou kolekci oble\u010den\u00ed pro v\u00edce sez\u00f3n.","breadcrumb":{"@id":"https:\/\/answear.cz\/blog\/black-friday-vybirejte-klasiku-kterou-stoji-za-to-mit-v-satniku\/23886#breadcrumb"},"inLanguage":"cs","potentialAction":[{"@type":"ReadAction","target":["https:\/\/answear.cz\/blog\/black-friday-vybirejte-klasiku-kterou-stoji-za-to-mit-v-satniku\/23886"]}]},{"@type":"BreadcrumbList","@id":"https:\/\/answear.cz\/blog\/black-friday-vybirejte-klasiku-kterou-stoji-za-to-mit-v-satniku\/23886#breadcrumb","itemListElement":[{"@type":"ListItem","position":1,"name":"Dom\u016f","item":"https:\/\/answear.cz\/blog\/"},{"@type":"ListItem","position":2,"name":"Black Friday: Vyb\u00edrejte klasiku, kterou stoj\u00ed za to m\u00edt v \u0161atn\u00edku"}]},{"@type":"WebSite","@id":"https:\/\/answear.cz\/blog\/#website","url":"https:\/\/answear.cz\/blog\/","name":"answear.cz blog","description":"M\u00f3da, trendy, rady a tipy stylist\u016f, novinky ze sv\u011bta m\u00f3dy. We know the ANSWEAR ;-)","potentialAction":[{"@type":"SearchAction","target":{"@type":"EntryPoint","urlTemplate":"https:\/\/answear.cz\/blog\/?s={search_term_string}"},"query-input":"required name=search_term_string"}],"inLanguage":"cs"},{"@type":"Person","@id":"https:\/\/answear.cz\/blog\/#\/schema\/person\/a237d4bbd6d13c21edb92080d19f8675","name":"Katka","image":{"@type":"ImageObject","inLanguage":"cs","@id":"https:\/\/answear.cz\/blog\/#\/schema\/person\/image\/","url":"https:\/\/secure.gravatar.com\/avatar\/1f72f7de7dac65ea0036d63c7c3fa5f3?s=96&d=mm&r=g","contentUrl":"https:\/\/secure.gravatar.com\/avatar\/1f72f7de7dac65ea0036d63c7c3fa5f3?s=96&d=mm&r=g","caption":"Katka"},"url":"https:\/\/answear.cz\/blog\/author\/katerina"}]}},"_links":{"self":[{"href":"https:\/\/answear.cz\/blog\/wp-json\/wp\/v2\/posts\/23886"}],"collection":[{"href":"https:\/\/answear.cz\/blog\/wp-json\/wp\/v2\/posts"}],"about":[{"href":"https:\/\/answear.cz\/blog\/wp-json\/wp\/v2\/types\/post"}],"author":[{"embeddable":true,"href":"https:\/\/answear.cz\/blog\/wp-json\/wp\/v2\/users\/41"}],"replies":[{"embeddable":true,"href":"https:\/\/answear.cz\/blog\/wp-json\/wp\/v2\/comments?post=23886"}],"version-history":[{"count":19,"href":"https:\/\/answear.cz\/blog\/wp-json\/wp\/v2\/posts\/23886\/revisions"}],"predecessor-version":[{"id":23929,"href":"https:\/\/answear.cz\/blog\/wp-json\/wp\/v2\/posts\/23886\/revisions\/23929"}],"wp:featuredmedia":[{"embeddable":true,"href":"https:\/\/answear.cz\/blog\/wp-json\/wp\/v2\/media\/23887"}],"wp:attachment":[{"href":"https:\/\/answear.cz\/blog\/wp-json\/wp\/v2\/media?parent=23886"}],"wp:term":[{"taxonomy":"category","embeddable":true,"href":"https:\/\/answear.cz\/blog\/wp-json\/wp\/v2\/categories?post=23886"},{"taxonomy":"post_tag","embeddable":true,"href":"https:\/\/answear.cz\/blog\/wp-json\/wp\/v2\/tags?post=23886"}],"curies":[{"name":"wp","href":"https:\/\/api.w.org\/{rel}","templated":true}]}}