{"id":24363,"date":"2024-02-21T13:00:27","date_gmt":"2024-02-21T12:00:27","guid":{"rendered":"https:\/\/answear.cz\/blog\/?p=24363"},"modified":"2024-02-17T22:47:26","modified_gmt":"2024-02-17T21:47:26","slug":"petrolejova-barva-inspirace-pro-stylove-kombinace","status":"publish","type":"post","link":"https:\/\/answear.cz\/blog\/petrolejova-barva-inspirace-pro-stylove-kombinace\/24363","title":{"rendered":"Petrolejov\u00e1 barva: Inspirace pro stylov\u00e9 kombinace"},"content":{"rendered":"<span class=\"rt-reading-time\" style=\"display: block;\"><span class=\"rt-label rt-prefix\">\u010cten\u00ed na <\/span> <span class=\"rt-time\">3<\/span> <span class=\"rt-label rt-postfix\">minuty<\/span><\/span>\r\n<p class=\"bigletter\"><strong>Barvy jsou nevy\u010derpateln\u00fdm zdrojem inspirace, kter\u00fd n\u00e1s neust\u00e1le obklopuje. M\u016f\u017eeme je vyu\u017e\u00edt k vyj\u00e1d\u0159en\u00ed na\u0161\u00ed osobnosti i k o\u017eiven\u00ed interi\u00e9r\u016f. Z \u0161irok\u00e9 palety barev \u010derp\u00e1 tak\u00e9 m\u00f3da. Otev\u0159ete sv\u016fj \u0161atn\u00edk nov\u00fdm odst\u00edn\u016fm, jako je t\u0159eba petrolejov\u00e1.<\/strong><\/p>\r\n\r\n\r\n\r\n<p><!--more--><\/p>\r\n\r\n\r\n\r\n<h2 class=\"wp-block-heading\">Tajemstv\u00ed petrolejov\u00e9: Barva s prom\u011bnliv\u00fdm odst\u00ednem a fascinuj\u00edc\u00edm p\u016fvodem\u00a0<\/h2>\r\n\r\n\r\n\r\n<p>N\u011bkter\u00e9 n\u00e1zvy barev jsou z\u0159ejm\u00e9, jin\u00e9 n\u00e1m na prvn\u00ed pohled mnoho ne\u0159eknou. Petrolejov\u00e1 pat\u0159\u00ed sp\u00ed\u0161e do t\u00e9 druh\u00e9 skupiny. Jak vypad\u00e1 nap\u0159\u00edklad zimn\u00ed bunda v tomto odst\u00ednu? Petrolejov\u00e1 je barva, kter\u00e1 je kombinac\u00ed tmav\u011b modr\u00fdch a zelen\u00fdch t\u00f3n\u016f. Je neobvykl\u00e1 v tom, \u017ee jej\u00ed p\u0159esn\u00fd odst\u00edn velmi z\u00e1vis\u00ed na \u00fahlu dopadu sv\u011btla \u2013 jednou m\u016f\u017ee b\u00fdt o n\u011bco v\u00edce modr\u00e1, jindy zase zelen\u00e1.<\/p>\r\n\r\n\r\n\r\n<p>M\u016f\u017ee se zd\u00e1t, \u017ee je prost\u011b tyrkysov\u00e1. Petrolejov\u00e1 v\u0161ak spad\u00e1 do zcela jin\u00fdch t\u00f3n\u016f a m\u00e1 mnohem v\u011bt\u0161\u00ed hloubku barev. Odkud tedy tato barva z\u00edskala sv\u016fj n\u00e1zev? Petrol znamen\u00e1 jednodu\u0161e\u2026 benz\u00edn. Ale co to m\u00e1 spole\u010dn\u00e9ho s tmav\u011b tyrkysovou barvou?<\/p>\r\n\r\n\r\n\r\n<p>Neodkazuje na barvu benzinu, nap\u0159. v l\u00e1hvi nebo kanystru, ale na barvy, kter\u00e9 se z n\u011bj uvol\u0148uj\u00ed na asfaltu zalit\u00e9m slune\u010dn\u00edm sv\u011btlem. Pozorovali jste n\u011bkdy takov\u00fd jev p\u0159i ch\u016fzi? Jist\u011b jste si v\u0161imli modrozelen\u00e9 barvy benzinu.<\/p>\r\n\r\n\r\n\r\n<p>N\u011bkte\u0159\u00ed lid\u00e9 tuto barvu p\u0159irovn\u00e1vaj\u00ed k hlubin\u00e1m rozbou\u0159en\u00e9ho oce\u00e1nu \u2013 a to je spr\u00e1vn\u00e9 p\u0159irovn\u00e1n\u00ed. Jako odst\u00edn tmav\u00e9, t\u011b\u017ek\u00e9 tyrkysov\u00e9 barvy lze petrolejovou za\u0159adit do kategorie mo\u0159sk\u00fdch barev.<\/p>\r\n\r\n\r\n\r\n<h2 class=\"wp-block-heading\">Petrolejov\u00e1 v m\u00f3dn\u00edm sv\u011bt\u011b: Stylov\u00e9 tipy pro chladn\u00e9 ro\u010dn\u00ed obdob\u00ed<\/h2>\r\n\r\n\r\n\r\n<p>Petrolejov\u00e1 je netradi\u010dn\u00ed barva, kter\u00e1 se s oblibou pou\u017e\u00edv\u00e1 v interi\u00e9rech nebo ve sv\u011bt\u011b m\u00f3dy. D\u00edky sv\u00e9 hloubce a t\u011b\u017ekosti se nej\u010dast\u011bji vol\u00ed pro styling na chladn\u011bj\u0161\u00ed ro\u010dn\u00ed obdob\u00ed. Podzim a zima jsou obdob\u00edm, kdy petrolejov\u00e1 v na\u0161ich \u0161atn\u00edc\u00edch kraluje. Vyplat\u00ed se nap\u0159\u00edklad po\u0159\u00eddit si zimn\u00ed \u010depici v tomto odst\u00ednu a k n\u00ed lad\u00edc\u00ed \u0161\u00e1lu a rukavice. Takov\u00e9 v\u00fdrazn\u00e9 dopl\u0148ky se pro toto ro\u010dn\u00ed obdob\u00ed skv\u011ble hod\u00ed.<\/p>\r\n\r\n\r\n\r\n<p>Co je\u0161t\u011b zv\u00e1\u017eit, kdy\u017e se rozhodujete pro oble\u010den\u00ed v petrolejov\u00e9 barv\u011b? Je t\u0159eba m\u00edt na pam\u011bti, \u017ee se bude nejl\u00e9pe hodit k chladn\u00fdm typ\u016fm \u2013 t\u011bm se sv\u011btlou plet\u00ed a o\u010dima bude ur\u010dit\u011b slu\u0161et. A co tepl\u00e9 typy pleti? V jejich p\u0159\u00edpad\u011b bude petrolejov\u00e1 skv\u011bl\u00fdm barevn\u00fdm akcentem.<\/p>\r\n\r\n<div \n   class=\"imh-6310-annotation-box imh-6310-annotation-box-4\" \n   data-id=\"4\"\n   data-image-zoom=\"0\"\n   data-display-type=\"0\"\n   >\n<img decoding=\"async\" src=\"https:\/\/answear.cz\/blog\/wp-content\/uploads\/2024\/02\/inside_petrol.png\" class=\"imh-6310-main-image imh-6310-img\" data-imh-cls=\"imh-6310-main-image imh-6310-img\"  data-imh-value=\"https:\/\/answear.cz\/blog\/wp-content\/uploads\/2024\/02\/inside_petrol.png\"  \/>\n   \n            <div data-id='1' data-always-show='0' data-json='{&quot;iconType&quot;:1,&quot;fontAwesomeIcon&quot;:&quot;fas fa-bullseye&quot;,&quot;fontAwesomeHoverIcon&quot;:&quot;fas fa-map-marker-alt&quot;,&quot;fontAwesomeIconColor&quot;:&quot;rgba(250, 250, 250, 1)&quot;,&quot;fontAwesomeIconHoverColor&quot;:&quot;rgba(255, 255, 255, 1)&quot;,&quot;fontAwesomIconSize&quot;:&quot;10&quot;,&quot;fontAwesomIconSizeInMobile&quot;:&quot;5&quot;,&quot;imgOrIconSize&quot;:&quot;30&quot;,&quot;imgOrIconSizeInMobile&quot;:&quot;20&quot;,&quot;customFirstImg&quot;:&quot;&quot;,&quot;customSecondImg&quot;:&quot;&quot;,&quot;customText&quot;:&quot;Hover here&quot;,&quot;customTextSize&quot;:&quot;16&quot;,&quot;customTextColor&quot;:&quot;rgb(255, 255, 255)&quot;,&quot;customTextBgColor&quot;:&quot;rgba(2, 59, 92, 0.99)&quot;,&quot;blinkTooltip&quot;:&quot;1&quot;,&quot;alwaysShow&quot;:&quot;2&quot;,&quot;glowColor&quot;:&quot;rgba(255, 255, 255, 1)&quot;,&quot;selectedTemplate&quot;:&quot;03&quot;,&quot;linkText&quot;:&quot;Blazer s p\\u0159\\u00edm\\u011bs\\u00ed vlny Remain&quot;,&quot;linkURL&quot;:&quot;https:\\\/\\\/answear.cz\\\/p\\\/blazer-s-primesi-vlny-remain-bezova-barva-1148901&quot;,&quot;openNewTab&quot;:&quot;1&quot;,&quot;openPopup&quot;:&quot;1&quot;,&quot;openDesImg&quot;:&quot;https:\\\/\\\/answear.cz\\\/blog\\\/wp-content\\\/uploads\\\/2024\\\/02\\\/SS24-KZD044-08X_F1.webp&quot;,&quot;openDescription&quot;:&quot;Sako z kolekce Remain. Model vyroben z z jednobarevn\\u00e9 l\\u00e1tky. Model s vysok\\u00fdm obsahem vlny, kter\\u00fd m\\u00e1 p\\u0159irozen\\u00e9 prody\\u0161n\\u00e9 a vlhkost pohlcuj\\u00edc\\u00ed vlastnosti.&quot;,&quot;openDesFontSize&quot;:&quot;16&quot;,&quot;openDesFontColor&quot;:&quot;rgb(0, 0, 0)&quot;,&quot;tempCommonFontSize&quot;:&quot;16&quot;,&quot;tempCommonFontColor&quot;:&quot;rgb(18, 0, 0)&quot;,&quot;tempCommonBgColor&quot;:&quot;rgb(255, 255, 255)&quot;,&quot;tem02EmbeddedLink&quot;:&quot;&quot;,&quot;customeHtmlCode&quot;:&quot;&quot;,&quot;customeCssCode&quot;:&quot;&quot;,&quot;customeCodePopup&quot;:&quot;&quot;,&quot;popupCustomHtml&quot;:&quot;&quot;,&quot;popupCustomCss&quot;:&quot;&quot;,&quot;popupCustomCodeWidth&quot;:&quot;&quot;,&quot;customIconLinkType&quot;:&quot;1&quot;,&quot;elementType&quot;:1,&quot;xPos&quot;:&quot;89.05&quot;,&quot;yPos&quot;:&quot;56.55&quot;,&quot;tWidth&quot;:&quot;1401.39&quot;,&quot;iconWidth&quot;:&quot;7.5&quot;}' class='imh-6310-drag imh-6310-point-4-1' style='display: none' >\n               <div class='imh-6310-point-icons imh-6310-point-icons-4-1'>\n                                            \n                <i class='fas fa-bullseye imh-6310-pin-main-img imh-6310-blinking-4-1'><\/i>\n                <i class='fas fa-map-marker-alt imh-6310-pin-hover-img imh-6310-blinking-hover-4-1'><\/i>              \n              \n               <\/div>\n            <\/div>  \n            \n            <div class='imh-6310-hover-content imh-6310-hover-content-4-1' \n               data-always-show='0' data-imh-6310-id='4-1' style='display:none;'>\n               <a href='https:\/\/answear.cz\/p\/blazer-s-primesi-vlny-remain-bezova-barva-1148901' target='_blank'>\n                  <div class='imh-6310-template-03-hover-content'>\n                     <div class='imh-6310-template-01-hover-content'>\n                        <div class='imh-6310-close-button imh-6310-close-button-mobile'><\/div>\n                        <div class='imh-6310-template-03-tooltip-testimonial'>\n                           <div class='imh-6310-template-03-tooltip-pic'>\n                              <img src='https:\/\/answear.cz\/blog\/wp-content\/uploads\/2024\/02\/SS24-KZD044-08X_F1.webp' alt=''>\n                           <\/div>\n                           <div class='imh-6310-template-03-tooltip-testimonial-content'>\n                              <div class='imh-6310-template-03-tooltip-testimonial-title'>Blazer s p\u0159\u00edm\u011bs\u00ed vlny Remain<\/div>\n                              <div class='imh-6310-template-03-tooltip-description'>\n                                 Sako z kolekce Remain. Model vyroben z z jednobarevn\u00e9 l\u00e1tky. Model s vysok\u00fdm obsahem vlny, kter\u00fd m\u00e1 p\u0159irozen\u00e9 prody\u0161n\u00e9 a vlhkost pohlcuj\u00edc\u00ed vlastnosti.\n                              <\/div>                    \n                           <\/div>\n                        <\/div>\n                     <\/div>\n                  <\/div>\n               <\/a>\n            <\/div>\n            \n            <div data-id='2' data-always-show='0' data-json='{&quot;iconType&quot;:1,&quot;fontAwesomeIcon&quot;:&quot;fas fa-bullseye&quot;,&quot;fontAwesomeHoverIcon&quot;:&quot;fas fa-map-marker-alt&quot;,&quot;fontAwesomeIconColor&quot;:&quot;rgba(250, 250, 250, 1)&quot;,&quot;fontAwesomeIconHoverColor&quot;:&quot;rgba(255, 255, 255, 1)&quot;,&quot;fontAwesomIconSize&quot;:&quot;10&quot;,&quot;fontAwesomIconSizeInMobile&quot;:&quot;5&quot;,&quot;imgOrIconSize&quot;:&quot;30&quot;,&quot;imgOrIconSizeInMobile&quot;:&quot;20&quot;,&quot;customFirstImg&quot;:&quot;&quot;,&quot;customSecondImg&quot;:&quot;&quot;,&quot;customText&quot;:&quot;Hover here&quot;,&quot;customTextSize&quot;:&quot;16&quot;,&quot;customTextColor&quot;:&quot;rgb(255, 255, 255)&quot;,&quot;customTextBgColor&quot;:&quot;rgba(2, 59, 92, 0.99)&quot;,&quot;blinkTooltip&quot;:&quot;1&quot;,&quot;alwaysShow&quot;:&quot;2&quot;,&quot;glowColor&quot;:&quot;rgba(255, 255, 255, 1)&quot;,&quot;selectedTemplate&quot;:&quot;03&quot;,&quot;linkText&quot;:&quot;Bunda Answear Lab&quot;,&quot;linkURL&quot;:&quot;https:\\\/\\\/answear.cz\\\/p\\\/bunda-answear-lab-damska-zelena-barva-zimni-1095751&quot;,&quot;openNewTab&quot;:&quot;1&quot;,&quot;openPopup&quot;:&quot;1&quot;,&quot;openDesImg&quot;:&quot;https:\\\/\\\/answear.cz\\\/blog\\\/wp-content\\\/uploads\\\/2024\\\/02\\\/WZ23-KUD06E-77X_F1.webp&quot;,&quot;openDescription&quot;:&quot;Bunda z kolekce Answear Lab. Zateplen\\u00fd model vyroben z hladk\\u00e9 tkaniny. Pro\\u0161\\u00edvan\\u00fd model se syntetickou izolac\\u00ed, kter\\u00e1 poskytne dodate\\u010dn\\u00e9 pohodl\\u00ed v chladn\\u011bj\\u0161\\u00edch teplot\\u00e1ch.&quot;,&quot;openDesFontSize&quot;:&quot;16&quot;,&quot;openDesFontColor&quot;:&quot;rgb(0, 0, 0)&quot;,&quot;tempCommonFontSize&quot;:&quot;16&quot;,&quot;tempCommonFontColor&quot;:&quot;rgb(18, 0, 0)&quot;,&quot;tempCommonBgColor&quot;:&quot;rgb(255, 255, 255)&quot;,&quot;tem02EmbeddedLink&quot;:&quot;&quot;,&quot;customeHtmlCode&quot;:&quot;&quot;,&quot;customeCssCode&quot;:&quot;&quot;,&quot;customeCodePopup&quot;:&quot;&quot;,&quot;popupCustomHtml&quot;:&quot;&quot;,&quot;popupCustomCss&quot;:&quot;&quot;,&quot;popupCustomCodeWidth&quot;:&quot;&quot;,&quot;customIconLinkType&quot;:&quot;1&quot;,&quot;elementType&quot;:1,&quot;xPos&quot;:&quot;77.99&quot;,&quot;yPos&quot;:&quot;59.87&quot;,&quot;tWidth&quot;:&quot;1401.39&quot;,&quot;iconWidth&quot;:&quot;7.5&quot;}' class='imh-6310-drag imh-6310-point-4-2' style='display: none' >\n               <div class='imh-6310-point-icons imh-6310-point-icons-4-2'>\n                                            \n                <i class='fas fa-bullseye imh-6310-pin-main-img imh-6310-blinking-4-2'><\/i>\n                <i class='fas fa-map-marker-alt imh-6310-pin-hover-img imh-6310-blinking-hover-4-2'><\/i>              \n              \n               <\/div>\n            <\/div>  \n            \n            <div class='imh-6310-hover-content imh-6310-hover-content-4-2' \n               data-always-show='0' data-imh-6310-id='4-2' style='display:none;'>\n               <a href='https:\/\/answear.cz\/p\/bunda-answear-lab-damska-zelena-barva-zimni-1095751' target='_blank'>\n                  <div class='imh-6310-template-03-hover-content'>\n                     <div class='imh-6310-template-01-hover-content'>\n                        <div class='imh-6310-close-button imh-6310-close-button-mobile'><\/div>\n                        <div class='imh-6310-template-03-tooltip-testimonial'>\n                           <div class='imh-6310-template-03-tooltip-pic'>\n                              <img src='https:\/\/answear.cz\/blog\/wp-content\/uploads\/2024\/02\/WZ23-KUD06E-77X_F1.webp' alt=''>\n                           <\/div>\n                           <div class='imh-6310-template-03-tooltip-testimonial-content'>\n                              <div class='imh-6310-template-03-tooltip-testimonial-title'>Bunda Answear Lab<\/div>\n                              <div class='imh-6310-template-03-tooltip-description'>\n                                 Bunda z kolekce Answear Lab. Zateplen\u00fd model vyroben z hladk\u00e9 tkaniny. Pro\u0161\u00edvan\u00fd model se syntetickou izolac\u00ed, kter\u00e1 poskytne dodate\u010dn\u00e9 pohodl\u00ed v chladn\u011bj\u0161\u00edch teplot\u00e1ch.\n                              <\/div>                    \n                           <\/div>\n                        <\/div>\n                     <\/div>\n                  <\/div>\n               <\/a>\n            <\/div>\n            \n            <div data-id='3' data-always-show='0' data-json='{&quot;iconType&quot;:1,&quot;fontAwesomeIcon&quot;:&quot;fas fa-bullseye&quot;,&quot;fontAwesomeHoverIcon&quot;:&quot;fas fa-map-marker-alt&quot;,&quot;fontAwesomeIconColor&quot;:&quot;rgba(255, 255, 255, 1)&quot;,&quot;fontAwesomeIconHoverColor&quot;:&quot;rgba(255, 255, 255, 1)&quot;,&quot;fontAwesomIconSize&quot;:&quot;10&quot;,&quot;fontAwesomIconSizeInMobile&quot;:&quot;5&quot;,&quot;imgOrIconSize&quot;:&quot;30&quot;,&quot;imgOrIconSizeInMobile&quot;:&quot;20&quot;,&quot;customFirstImg&quot;:&quot;&quot;,&quot;customSecondImg&quot;:&quot;&quot;,&quot;customText&quot;:&quot;Hover here&quot;,&quot;customTextSize&quot;:&quot;16&quot;,&quot;customTextColor&quot;:&quot;rgb(255, 255, 255)&quot;,&quot;customTextBgColor&quot;:&quot;rgba(2, 59, 92, 0.99)&quot;,&quot;blinkTooltip&quot;:&quot;1&quot;,&quot;alwaysShow&quot;:&quot;2&quot;,&quot;glowColor&quot;:&quot;rgba(250, 250, 250, 1)&quot;,&quot;selectedTemplate&quot;:&quot;03&quot;,&quot;linkText&quot;:&quot;Bavln\\u011bn\\u00e1 mikina Answear Lab&quot;,&quot;linkURL&quot;:&quot;https:\\\/\\\/answear.cz\\\/p\\\/bavlnena-mikina-answear-lab-damska-zelena-barva-hladka-1124059&quot;,&quot;openNewTab&quot;:&quot;1&quot;,&quot;openPopup&quot;:&quot;1&quot;,&quot;openDesImg&quot;:&quot;https:\\\/\\\/answear.cz\\\/blog\\\/wp-content\\\/uploads\\\/2024\\\/02\\\/WZ23-BLD010-77X_F1.webp&quot;,&quot;openDescription&quot;:&quot;Mikina z kolekce Answear Lab. Model vyroben z z jednobarevn\\u00e9 pleteniny. Model s m\\u011bkce polstrovan\\u00fdm st\\u0159edem pro m\\u011bkkost a extra teplo.&quot;,&quot;openDesFontSize&quot;:&quot;16&quot;,&quot;openDesFontColor&quot;:&quot;rgb(0, 0, 0)&quot;,&quot;tempCommonFontSize&quot;:&quot;16&quot;,&quot;tempCommonFontColor&quot;:&quot;rgb(18, 0, 0)&quot;,&quot;tempCommonBgColor&quot;:&quot;rgb(255, 255, 255)&quot;,&quot;tem02EmbeddedLink&quot;:&quot;&quot;,&quot;customeHtmlCode&quot;:&quot;&quot;,&quot;customeCssCode&quot;:&quot;&quot;,&quot;customeCodePopup&quot;:&quot;&quot;,&quot;popupCustomHtml&quot;:&quot;&quot;,&quot;popupCustomCss&quot;:&quot;&quot;,&quot;popupCustomCodeWidth&quot;:&quot;&quot;,&quot;customIconLinkType&quot;:&quot;1&quot;,&quot;elementType&quot;:1,&quot;xPos&quot;:&quot;32.61&quot;,&quot;yPos&quot;:&quot;54.90&quot;,&quot;tWidth&quot;:&quot;1401.39&quot;,&quot;iconWidth&quot;:&quot;7.5&quot;}' class='imh-6310-drag imh-6310-point-4-3' style='display: none' >\n               <div class='imh-6310-point-icons imh-6310-point-icons-4-3'>\n                                            \n                <i class='fas fa-bullseye imh-6310-pin-main-img imh-6310-blinking-4-3'><\/i>\n                <i class='fas fa-map-marker-alt imh-6310-pin-hover-img imh-6310-blinking-hover-4-3'><\/i>              \n              \n               <\/div>\n            <\/div>  \n            \n            <div class='imh-6310-hover-content imh-6310-hover-content-4-3' \n               data-always-show='0' data-imh-6310-id='4-3' style='display:none;'>\n               <a href='https:\/\/answear.cz\/p\/bavlnena-mikina-answear-lab-damska-zelena-barva-hladka-1124059' target='_blank'>\n                  <div class='imh-6310-template-03-hover-content'>\n                     <div class='imh-6310-template-01-hover-content'>\n                        <div class='imh-6310-close-button imh-6310-close-button-mobile'><\/div>\n                        <div class='imh-6310-template-03-tooltip-testimonial'>\n                           <div class='imh-6310-template-03-tooltip-pic'>\n                              <img src='https:\/\/answear.cz\/blog\/wp-content\/uploads\/2024\/02\/WZ23-BLD010-77X_F1.webp' alt=''>\n                           <\/div>\n                           <div class='imh-6310-template-03-tooltip-testimonial-content'>\n                              <div class='imh-6310-template-03-tooltip-testimonial-title'>Bavln\u011bn\u00e1 mikina Answear Lab<\/div>\n                              <div class='imh-6310-template-03-tooltip-description'>\n                                 Mikina z kolekce Answear Lab. Model vyroben z z jednobarevn\u00e9 pleteniny. Model s m\u011bkce polstrovan\u00fdm st\u0159edem pro m\u011bkkost a extra teplo.\n                              <\/div>                    \n                           <\/div>\n                        <\/div>\n                     <\/div>\n                  <\/div>\n               <\/a>\n            <\/div>\n            <\/div>\n\n\r\n\r\n<p>Vyberte spr\u00e1vn\u00e9 kombinace a sla\u010fte tuto barvu s jin\u00fdmi barvami, kter\u00e9 ji daj\u00ed vyniknout. Velmi dobrou volbou je \u0161vestkov\u011b fialov\u00e1 v p\u0159\u00edpad\u011b, \u017ee m\u00e1te r\u00e1di odv\u00e1\u017en\u00fd vzhled. Pokud v\u0161ak d\u00e1v\u00e1te p\u0159ednost pon\u011bkud tlumen\u011bj\u0161\u00edm barv\u00e1m, sla\u010fte petrolejovou s b\u00edlou nebo b\u00e9\u017eovou barvou. Tato kombinace bude jist\u011b elegantn\u00ed a nad\u010dasovou volbou.<\/p>\r\n\r\n\r\n\r\n<h2 class=\"wp-block-heading\">Nejnov\u011bj\u0161\u00ed trendy petrolejov\u00e9 barvy<\/h2>\r\n\r\n\r\n\r\n<p>Teoreticky nen\u00ed slo\u017eit\u00e9 naj\u00edt ten spr\u00e1vn\u00fd look s v\u00fdrazn\u00fdmi barvami. Jak je to v\u0161ak v praxi? Zde je n\u011bkolik tip\u016f, kter\u00e9 v\u00e1m pomohou sestavit dokonal\u00fd petrolejov\u00fd outfit.<\/p>\r\n\r\n\r\n\r\n<p>Jednobarevn\u00e9 oble\u010den\u00ed: P\u0159ijde v\u00e1m nudn\u00e9 skl\u00e1dat cel\u00fd outfit z kousk\u016f stejn\u00e9 barvy? Nic nem\u016f\u017ee b\u00fdt d\u00e1le od pravdy! Takov\u00e9 outfity maj\u00ed ve sv\u011bt\u011b m\u00f3dy v\u017edy sv\u00e9 m\u00edsto, ale zvolte oble\u010den\u00ed v r\u016fzn\u00fdch odst\u00ednech stejn\u00e9 barvy. Zkombinujte petrolejov\u00e9 sako s tyrkysovou halenkou a tmav\u011b modr\u00fdmi kalhotami. Je to bezpe\u010dn\u00fd a osv\u011bd\u010den\u00fd zp\u016fsob, jak stylizovat elegantn\u00ed vzhled.<\/p>\r\n\r\n\r\n\r\n<p>Kombinujte n\u011bkolik barev dohromady: V\u00fd\u0161e jsme zm\u00ednili, \u017ee petrolejov\u00e1 se dob\u0159e hod\u00ed k fialov\u00e9. Stejn\u011b dob\u0159e v\u0161ak m\u016f\u017ee vypadat i s odst\u00edny r\u016f\u017eov\u00e9 nebo \u017elut\u00e9. Nebojte se experimentovat s barvami.<\/p>\r\n\r\n\r\n\r\n<p>Vsa\u010fte na barevn\u00fd akcent: Nemus\u00edte nutn\u011b nosit v\u0161e v petrolejov\u00e9. Pokud pat\u0159\u00edte k t\u011bm, jejich\u017e \u0161atn\u00edk je pln\u00fd tlumen\u00fdch barev, m\u016f\u017ee se jako netradi\u010dn\u00ed akcent objevit syt\u00e1 a t\u011b\u017ek\u00e1 tyrkysov\u00e1. U \u017een to mohou b\u00fdt nap\u0159\u00edklad boty, u mu\u017e\u016f kravata.<\/p>\r\n\r\n\r\n\r\n<h2 class=\"wp-block-heading\">O\u017eivte sv\u016fj outfit: Petrolejov\u00e9 dopl\u0148ky pro stylov\u00fd vzhled<\/h2>\r\n\r\n\r\n\r\n<p>Co by to bylo za m\u00f3dn\u00ed look bez dopl\u0148k\u016f? Pr\u00e1v\u011b d\u00edky nim se \u010dasto c\u00edt\u00edme jedine\u010dn\u011b a stylov\u011b. Vyu\u017eijte toho a vyberte si dopl\u0148ky v zaj\u00edmav\u00e9 barv\u011b, kter\u00e9 v\u00e1\u0161 outfit zv\u00fdrazn\u00ed a dodaj\u00ed mu charakter.<\/p>\r\n\r\n\r\n\r\n<p>Petrolejov\u00e1 barva zde bude skv\u011blou volbou. M\u016f\u017eete si nap\u0159\u00edklad vybrat trendy kabelku v t\u00e9to barv\u011b a zkombinovat ji se stejn\u011b barevn\u00fdmi botami. Dob\u0159e budou vypadat tak\u00e9 n\u00e1u\u0161nice nebo vlasov\u00e9 dopl\u0148ky v petrolejov\u00e9 barv\u011b. Skv\u011bl\u00fd n\u00e1pad je tak\u00e9 pou\u017e\u00edt tuto barvu p\u0159i l\u00ed\u010den\u00ed nebo na nehty.<\/p>\r\n\r\n\r\n\r\n<p>A co mu\u017ei? Zde by bylo velmi dobr\u00fdm n\u00e1padem zvolit nap\u0159\u00edklad kravatu v jasn\u00e9m odst\u00ednu mo\u0159sk\u00e9 tyrkysov\u00e9. Pro ka\u017edodenn\u00ed no\u0161en\u00ed mohou b\u00fdt zaj\u00edmav\u00fdm \u0159e\u0161en\u00edm sportovn\u00ed boty nebo baseballov\u00e9 \u010depice v petrolejov\u00e9 barv\u011b.<\/p>\r\n\r\n\r\n\r\n<p class=\"kropka\">I kdy\u017e jste p\u0159\u00edznivci klasick\u00fdch a tlumen\u00fdch \u0159e\u0161en\u00ed, m\u016f\u017ee v\u00e1s petrolejov\u00e1 oslovit a dodat va\u0161emu oble\u010den\u00ed n\u00e1dech energie. Pod\u00edvejte se, co tato barva dok\u00e1\u017ee, a z\u00e1sobte sv\u016fj \u0161atn\u00edk kousky v tomto odst\u00ednu.<\/p>\r\n","protected":false},"excerpt":{"rendered":"<p><span class=\"rt-reading-time\" style=\"display: block;\"><span class=\"rt-label rt-prefix\">\u010cten\u00ed na <\/span> <span class=\"rt-time\">3<\/span> <span class=\"rt-label rt-postfix\">minuty<\/span><\/span> Barvy jsou nevy\u010derpateln\u00fdm zdrojem inspirace, kter\u00fd n\u00e1s neust\u00e1le obklopuje. M\u016f\u017eeme je vyu\u017e\u00edt k vyj\u00e1d\u0159en\u00ed na\u0161\u00ed osobnosti i k o\u017eiven\u00ed interi\u00e9r\u016f. Z \u0161irok\u00e9 palety barev \u010derp\u00e1 tak\u00e9 m\u00f3da. Otev\u0159ete sv\u016fj \u0161atn\u00edk nov\u00fdm odst\u00edn\u016fm, jako je t\u0159eba petrolejov\u00e1.<\/p>\n","protected":false},"author":41,"featured_media":24364,"comment_status":"closed","ping_status":"closed","sticky":false,"template":"","format":"standard","meta":{"footnotes":""},"categories":[686],"tags":[1079],"yoast_head":"<!-- This site is optimized with the Yoast SEO plugin v22.0 - https:\/\/yoast.com\/wordpress\/plugins\/seo\/ -->\n<title>Petrolejov\u00e1 barva: Inspirace pro stylov\u00e9 kombinace - answear.cz blog<\/title>\n<meta name=\"description\" content=\"Barvy jsou nevy\u010derpateln\u00fdm zdrojem inspirace. Otev\u0159ete sv\u016fj \u0161atn\u00edk nov\u00fdm odst\u00edn\u016fm, jako je t\u0159eba petrolejov\u00e1 barva.\" \/>\n<meta name=\"robots\" content=\"index, follow, max-snippet:-1, max-image-preview:large, max-video-preview:-1\" \/>\n<link rel=\"canonical\" href=\"https:\/\/answear.cz\/blog\/petrolejova-barva-inspirace-pro-stylove-kombinace\/24363\" \/>\n<meta property=\"og:locale\" content=\"cs_CZ\" \/>\n<meta property=\"og:type\" content=\"article\" \/>\n<meta property=\"og:title\" content=\"Petrolejov\u00e1 barva: Inspirace pro stylov\u00e9 kombinace - answear.cz blog\" \/>\n<meta property=\"og:description\" content=\"Barvy jsou nevy\u010derpateln\u00fdm zdrojem inspirace. Otev\u0159ete sv\u016fj \u0161atn\u00edk nov\u00fdm odst\u00edn\u016fm, jako je t\u0159eba petrolejov\u00e1 barva.\" \/>\n<meta property=\"og:url\" content=\"https:\/\/answear.cz\/blog\/petrolejova-barva-inspirace-pro-stylove-kombinace\/24363\" \/>\n<meta property=\"og:site_name\" content=\"answear.cz blog\" \/>\n<meta property=\"article:published_time\" content=\"2024-02-21T12:00:27+00:00\" \/>\n<meta property=\"article:modified_time\" content=\"2024-02-17T21:47:26+00:00\" \/>\n<meta property=\"og:image\" content=\"https:\/\/answear.cz\/blog\/wp-content\/uploads\/2024\/02\/cover_petrol.jpg\" \/>\n\t<meta property=\"og:image:width\" content=\"1695\" \/>\n\t<meta property=\"og:image:height\" content=\"679\" \/>\n\t<meta property=\"og:image:type\" content=\"image\/jpeg\" \/>\n<meta name=\"author\" content=\"Katka\" \/>\n<meta name=\"twitter:card\" content=\"summary_large_image\" \/>\n<meta name=\"twitter:label1\" content=\"Napsal(a)\" \/>\n\t<meta name=\"twitter:data1\" content=\"Katka\" \/>\n\t<meta name=\"twitter:label2\" content=\"Odhadovan\u00e1 doba \u010dten\u00ed\" \/>\n\t<meta name=\"twitter:data2\" content=\"4 minuty\" \/>\n<script type=\"application\/ld+json\" class=\"yoast-schema-graph\">{\"@context\":\"https:\/\/schema.org\",\"@graph\":[{\"@type\":\"WebPage\",\"@id\":\"https:\/\/answear.cz\/blog\/petrolejova-barva-inspirace-pro-stylove-kombinace\/24363\",\"url\":\"https:\/\/answear.cz\/blog\/petrolejova-barva-inspirace-pro-stylove-kombinace\/24363\",\"name\":\"Petrolejov\u00e1 barva: Inspirace pro stylov\u00e9 kombinace - answear.cz blog\",\"isPartOf\":{\"@id\":\"https:\/\/answear.cz\/blog\/#website\"},\"datePublished\":\"2024-02-21T12:00:27+00:00\",\"dateModified\":\"2024-02-17T21:47:26+00:00\",\"author\":{\"@id\":\"https:\/\/answear.cz\/blog\/#\/schema\/person\/a237d4bbd6d13c21edb92080d19f8675\"},\"description\":\"Barvy jsou nevy\u010derpateln\u00fdm zdrojem inspirace. Otev\u0159ete sv\u016fj \u0161atn\u00edk nov\u00fdm odst\u00edn\u016fm, jako je t\u0159eba petrolejov\u00e1 barva.\",\"breadcrumb\":{\"@id\":\"https:\/\/answear.cz\/blog\/petrolejova-barva-inspirace-pro-stylove-kombinace\/24363#breadcrumb\"},\"inLanguage\":\"cs\",\"potentialAction\":[{\"@type\":\"ReadAction\",\"target\":[\"https:\/\/answear.cz\/blog\/petrolejova-barva-inspirace-pro-stylove-kombinace\/24363\"]}]},{\"@type\":\"BreadcrumbList\",\"@id\":\"https:\/\/answear.cz\/blog\/petrolejova-barva-inspirace-pro-stylove-kombinace\/24363#breadcrumb\",\"itemListElement\":[{\"@type\":\"ListItem\",\"position\":1,\"name\":\"Dom\u016f\",\"item\":\"https:\/\/answear.cz\/blog\/\"},{\"@type\":\"ListItem\",\"position\":2,\"name\":\"Petrolejov\u00e1 barva: Inspirace pro stylov\u00e9 kombinace\"}]},{\"@type\":\"WebSite\",\"@id\":\"https:\/\/answear.cz\/blog\/#website\",\"url\":\"https:\/\/answear.cz\/blog\/\",\"name\":\"answear.cz blog\",\"description\":\"M\u00f3da, trendy, rady a tipy stylist\u016f, novinky ze sv\u011bta m\u00f3dy. We know the ANSWEAR ;-)\",\"potentialAction\":[{\"@type\":\"SearchAction\",\"target\":{\"@type\":\"EntryPoint\",\"urlTemplate\":\"https:\/\/answear.cz\/blog\/?s={search_term_string}\"},\"query-input\":\"required name=search_term_string\"}],\"inLanguage\":\"cs\"},{\"@type\":\"Person\",\"@id\":\"https:\/\/answear.cz\/blog\/#\/schema\/person\/a237d4bbd6d13c21edb92080d19f8675\",\"name\":\"Katka\",\"image\":{\"@type\":\"ImageObject\",\"inLanguage\":\"cs\",\"@id\":\"https:\/\/answear.cz\/blog\/#\/schema\/person\/image\/\",\"url\":\"https:\/\/secure.gravatar.com\/avatar\/1f72f7de7dac65ea0036d63c7c3fa5f3?s=96&d=mm&r=g\",\"contentUrl\":\"https:\/\/secure.gravatar.com\/avatar\/1f72f7de7dac65ea0036d63c7c3fa5f3?s=96&d=mm&r=g\",\"caption\":\"Katka\"},\"url\":\"https:\/\/answear.cz\/blog\/author\/katerina\"}]}<\/script>\n<!-- \/ Yoast SEO plugin. -->","yoast_head_json":{"title":"Petrolejov\u00e1 barva: Inspirace pro stylov\u00e9 kombinace - answear.cz blog","description":"Barvy jsou nevy\u010derpateln\u00fdm zdrojem inspirace. Otev\u0159ete sv\u016fj \u0161atn\u00edk nov\u00fdm odst\u00edn\u016fm, jako je t\u0159eba petrolejov\u00e1 barva.","robots":{"index":"index","follow":"follow","max-snippet":"max-snippet:-1","max-image-preview":"max-image-preview:large","max-video-preview":"max-video-preview:-1"},"canonical":"https:\/\/answear.cz\/blog\/petrolejova-barva-inspirace-pro-stylove-kombinace\/24363","og_locale":"cs_CZ","og_type":"article","og_title":"Petrolejov\u00e1 barva: Inspirace pro stylov\u00e9 kombinace - answear.cz blog","og_description":"Barvy jsou nevy\u010derpateln\u00fdm zdrojem inspirace. Otev\u0159ete sv\u016fj \u0161atn\u00edk nov\u00fdm odst\u00edn\u016fm, jako je t\u0159eba petrolejov\u00e1 barva.","og_url":"https:\/\/answear.cz\/blog\/petrolejova-barva-inspirace-pro-stylove-kombinace\/24363","og_site_name":"answear.cz blog","article_published_time":"2024-02-21T12:00:27+00:00","article_modified_time":"2024-02-17T21:47:26+00:00","og_image":[{"width":1695,"height":679,"url":"https:\/\/answear.cz\/blog\/wp-content\/uploads\/2024\/02\/cover_petrol.jpg","type":"image\/jpeg"}],"author":"Katka","twitter_card":"summary_large_image","twitter_misc":{"Napsal(a)":"Katka","Odhadovan\u00e1 doba \u010dten\u00ed":"4 minuty"},"schema":{"@context":"https:\/\/schema.org","@graph":[{"@type":"WebPage","@id":"https:\/\/answear.cz\/blog\/petrolejova-barva-inspirace-pro-stylove-kombinace\/24363","url":"https:\/\/answear.cz\/blog\/petrolejova-barva-inspirace-pro-stylove-kombinace\/24363","name":"Petrolejov\u00e1 barva: Inspirace pro stylov\u00e9 kombinace - answear.cz blog","isPartOf":{"@id":"https:\/\/answear.cz\/blog\/#website"},"datePublished":"2024-02-21T12:00:27+00:00","dateModified":"2024-02-17T21:47:26+00:00","author":{"@id":"https:\/\/answear.cz\/blog\/#\/schema\/person\/a237d4bbd6d13c21edb92080d19f8675"},"description":"Barvy jsou nevy\u010derpateln\u00fdm zdrojem inspirace. Otev\u0159ete sv\u016fj \u0161atn\u00edk nov\u00fdm odst\u00edn\u016fm, jako je t\u0159eba petrolejov\u00e1 barva.","breadcrumb":{"@id":"https:\/\/answear.cz\/blog\/petrolejova-barva-inspirace-pro-stylove-kombinace\/24363#breadcrumb"},"inLanguage":"cs","potentialAction":[{"@type":"ReadAction","target":["https:\/\/answear.cz\/blog\/petrolejova-barva-inspirace-pro-stylove-kombinace\/24363"]}]},{"@type":"BreadcrumbList","@id":"https:\/\/answear.cz\/blog\/petrolejova-barva-inspirace-pro-stylove-kombinace\/24363#breadcrumb","itemListElement":[{"@type":"ListItem","position":1,"name":"Dom\u016f","item":"https:\/\/answear.cz\/blog\/"},{"@type":"ListItem","position":2,"name":"Petrolejov\u00e1 barva: Inspirace pro stylov\u00e9 kombinace"}]},{"@type":"WebSite","@id":"https:\/\/answear.cz\/blog\/#website","url":"https:\/\/answear.cz\/blog\/","name":"answear.cz blog","description":"M\u00f3da, trendy, rady a tipy stylist\u016f, novinky ze sv\u011bta m\u00f3dy. We know the ANSWEAR ;-)","potentialAction":[{"@type":"SearchAction","target":{"@type":"EntryPoint","urlTemplate":"https:\/\/answear.cz\/blog\/?s={search_term_string}"},"query-input":"required name=search_term_string"}],"inLanguage":"cs"},{"@type":"Person","@id":"https:\/\/answear.cz\/blog\/#\/schema\/person\/a237d4bbd6d13c21edb92080d19f8675","name":"Katka","image":{"@type":"ImageObject","inLanguage":"cs","@id":"https:\/\/answear.cz\/blog\/#\/schema\/person\/image\/","url":"https:\/\/secure.gravatar.com\/avatar\/1f72f7de7dac65ea0036d63c7c3fa5f3?s=96&d=mm&r=g","contentUrl":"https:\/\/secure.gravatar.com\/avatar\/1f72f7de7dac65ea0036d63c7c3fa5f3?s=96&d=mm&r=g","caption":"Katka"},"url":"https:\/\/answear.cz\/blog\/author\/katerina"}]}},"_links":{"self":[{"href":"https:\/\/answear.cz\/blog\/wp-json\/wp\/v2\/posts\/24363"}],"collection":[{"href":"https:\/\/answear.cz\/blog\/wp-json\/wp\/v2\/posts"}],"about":[{"href":"https:\/\/answear.cz\/blog\/wp-json\/wp\/v2\/types\/post"}],"author":[{"embeddable":true,"href":"https:\/\/answear.cz\/blog\/wp-json\/wp\/v2\/users\/41"}],"replies":[{"embeddable":true,"href":"https:\/\/answear.cz\/blog\/wp-json\/wp\/v2\/comments?post=24363"}],"version-history":[{"count":4,"href":"https:\/\/answear.cz\/blog\/wp-json\/wp\/v2\/posts\/24363\/revisions"}],"predecessor-version":[{"id":24371,"href":"https:\/\/answear.cz\/blog\/wp-json\/wp\/v2\/posts\/24363\/revisions\/24371"}],"wp:featuredmedia":[{"embeddable":true,"href":"https:\/\/answear.cz\/blog\/wp-json\/wp\/v2\/media\/24364"}],"wp:attachment":[{"href":"https:\/\/answear.cz\/blog\/wp-json\/wp\/v2\/media?parent=24363"}],"wp:term":[{"taxonomy":"category","embeddable":true,"href":"https:\/\/answear.cz\/blog\/wp-json\/wp\/v2\/categories?post=24363"},{"taxonomy":"post_tag","embeddable":true,"href":"https:\/\/answear.cz\/blog\/wp-json\/wp\/v2\/tags?post=24363"}],"curies":[{"name":"wp","href":"https:\/\/api.w.org\/{rel}","templated":true}]}}