{"id":24373,"date":"2024-02-27T19:48:30","date_gmt":"2024-02-27T18:48:30","guid":{"rendered":"https:\/\/answear.cz\/blog\/?p=24373"},"modified":"2024-03-05T11:54:47","modified_gmt":"2024-03-05T10:54:47","slug":"versace-jeans-couture-znacka-pro-modni-individualisty","status":"publish","type":"post","link":"https:\/\/answear.cz\/blog\/versace-jeans-couture-znacka-pro-modni-individualisty\/24373","title":{"rendered":"Versace Jeans Couture. Zna\u010dka pro m\u00f3dn\u00ed individualisty."},"content":{"rendered":"<span class=\"rt-reading-time\" style=\"display: block;\"><span class=\"rt-label rt-prefix\">\u010cten\u00ed na <\/span> <span class=\"rt-time\">3<\/span> <span class=\"rt-label rt-postfix\">minuty<\/span><\/span>\r\n<p class=\"bigletter\"><strong>Zna\u010dka Versace Jeans Couture, kterou koncem 80. let minul\u00e9ho stolet\u00ed vytvo\u0159ili Gianni a Donatella Versace, se neust\u00e1le vyv\u00edj\u00ed, p\u0159ekvapuje a odol\u00e1v\u00e1 do\u010dasn\u00fdm trend\u016fm. D\u00edky tomu stoj\u00ed na vrcholu seznamu zna\u010dek, kter\u00e9 definuj\u00ed modern\u00ed m\u00f3du. P\u0159ipojte se k energick\u00e9mu sv\u011btu kolekc\u00ed od Versace Jeans Couture.<\/strong><\/p>\r\n\r\n\r\n\r\n<p><!--more--><\/p>\r\n\r\n\r\n\r\n<blockquote class=\"wp-block-quote is-layout-flow wp-block-quote-is-layout-flow\">\r\n<p>\u201eNebu\u010fte z\u00e1visl\u00ed na trendech. Nedovolte m\u00f3dn\u00edmu pr\u016fmyslu, aby ovl\u00e1dal va\u0161e rozhodnut\u00ed. Vy rozhodujete, kdo jste, co chcete vyjad\u0159ovat zp\u016fsobem, jak\u00fdm se obl\u00e9k\u00e1te a \u017eijete,\u201c radil Gianni Versace.<\/p>\r\n<\/blockquote>\r\n\r\n\r\n\r\n<p>Jeho v\u00e1\u0161e\u0148 pro tvorbu inovativn\u00edch, \u0161pi\u010dkov\u00fdch m\u00f3dn\u00edch n\u00e1vrh\u016f p\u0159isp\u011bla k vytvo\u0159en\u00ed zna\u010dky Versace Jeans Couture, kter\u00e1 jako jedna z prvn\u00edch spojila na p\u0159ehl\u00eddkov\u00e9m mole vysokou m\u00f3du s m\u011bstsk\u00fdm stylem. Jej\u00ed modely se vyzna\u010duj\u00ed vysoce kvalitn\u00ed l\u00e1tkou, st\u0159ihem, detaily a modern\u00edm a origin\u00e1ln\u00edm designem.<\/p>\r\n\r\n\r\n\r\n<figure class=\"wp-block-image aligncenter size-full\"><a href=\"https:\/\/answear.cz\/m\/versace-jeans-couture\" target=\"_blank\" rel=\"noreferrer noopener\"><img loading=\"lazy\" decoding=\"async\" width=\"2560\" height=\"1707\" class=\"wp-image-24376\" src=\"https:\/\/answear.cz\/blog\/wp-content\/uploads\/2024\/02\/Inside_VJC_1-scaled.jpg\" alt=\"\" srcset=\"https:\/\/answear.cz\/blog\/wp-content\/uploads\/2024\/02\/Inside_VJC_1-scaled.jpg 2560w, https:\/\/answear.cz\/blog\/wp-content\/uploads\/2024\/02\/Inside_VJC_1-1042x695.jpg 1042w, https:\/\/answear.cz\/blog\/wp-content\/uploads\/2024\/02\/Inside_VJC_1-768x512.jpg 768w, https:\/\/answear.cz\/blog\/wp-content\/uploads\/2024\/02\/Inside_VJC_1-1536x1024.jpg 1536w, https:\/\/answear.cz\/blog\/wp-content\/uploads\/2024\/02\/Inside_VJC_1-2048x1365.jpg 2048w, https:\/\/answear.cz\/blog\/wp-content\/uploads\/2024\/02\/Inside_VJC_1-272x182.jpg 272w\" sizes=\"(max-width: 2560px) 100vw, 2560px\" \/><\/a>\r\n<figcaption class=\"wp-element-caption\">Objevte zna\u010dku Vesace Jeans Couture na <a href=\"https:\/\/answear.cz\/m\/versace-jeans-couture\" target=\"_blank\" rel=\"noopener\"><strong>Answear.cz<\/strong><\/a><\/figcaption>\r\n<\/figure>\r\n\r\n\r\n\r\n<h2 class=\"wp-block-heading\">Versace Jeans Couture: kreativita a origin\u00e1ln\u00ed styl<\/h2>\r\n\r\n\r\n\r\n<p>Z\u00e1kladem cel\u00e9ho designu Versace Jeans Couture je d\u017e\u00ednovina. S ohledem na tento materi\u00e1l vytv\u00e1\u0159\u00ed zna\u010dka kolekce, kter\u00e9 oslavuj\u00ed ml\u00e1d\u00ed, modernost a kreativitu. Odv\u00e1\u017en\u011b vstupuje do sv\u011bta m\u00f3dy a p\u0159itahuje ty, kte\u0159\u00ed nejen\u017ee nepodl\u00e9haj\u00ed ur\u010dit\u00fdm trend\u016fm, ale cht\u011bj\u00ed sv\u00fdm stylem d\u00e1t najevo sv\u00e9 jasn\u00e9 stanovisko.<\/p>\r\n\r\n\r\n\r\n<p>Versace Jeans Couture navrhuje oble\u010den\u00ed a dopl\u0148ky pro skute\u010dn\u00e9 m\u00f3dn\u00ed individualisty, db\u00e1 na detaily, dod\u00e1v\u00e1 v\u00fdrobk\u016fm jedine\u010dn\u00fd charakter a um\u011bleck\u00fd n\u00e1dech. D\u017e\u00edny jsou obohaceny barevn\u00fdm nebo zlat\u00fdm pro\u0161\u00edv\u00e1n\u00edm. Halenky, svetry, ko\u0161ile nebo \u0161aty jsou zdobeny potisky a vol\u00e1nky.<\/p>\r\n\r\n\r\n\r\n<p>Velmi obl\u00edben\u00e1 je tak\u00e9 kolekce n\u00e1padn\u00fdch bot a kabelek, kter\u00e9 jsou obl\u00edben\u00e9 pro sv\u00e9 zlat\u00e9, bohat\u011b zdoben\u00e9 zap\u00edn\u00e1n\u00ed. Dopl\u0148ky zaujmou origin\u00e1ln\u00edm designem a vysokou kvalitou v\u00fdroby. Kdy\u017e se obl\u00e9knete do model\u016f Versace Jeans Couture, zaru\u010den\u011b vystoup\u00edte z davu.<\/p>\r\n\r\n\r\n\r\n<figure class=\"wp-block-gallery has-nested-images columns-default is-cropped wp-block-gallery-1 is-layout-flex wp-block-gallery-is-layout-flex\">\r\n<figure class=\"wp-block-image size-full\"><img loading=\"lazy\" decoding=\"async\" width=\"1707\" height=\"2560\" data-id=\"24377\" class=\"wp-image-24377\" src=\"https:\/\/answear.cz\/blog\/wp-content\/uploads\/2024\/02\/Inside_VJC_2-scaled.jpg\" alt=\"\" srcset=\"https:\/\/answear.cz\/blog\/wp-content\/uploads\/2024\/02\/Inside_VJC_2-scaled.jpg 1707w, https:\/\/answear.cz\/blog\/wp-content\/uploads\/2024\/02\/Inside_VJC_2-463x695.jpg 463w, https:\/\/answear.cz\/blog\/wp-content\/uploads\/2024\/02\/Inside_VJC_2-768x1152.jpg 768w, https:\/\/answear.cz\/blog\/wp-content\/uploads\/2024\/02\/Inside_VJC_2-1024x1536.jpg 1024w, https:\/\/answear.cz\/blog\/wp-content\/uploads\/2024\/02\/Inside_VJC_2-1365x2048.jpg 1365w\" sizes=\"(max-width: 1707px) 100vw, 1707px\" \/><\/figure>\r\n\r\n\r\n\r\n<figure class=\"wp-block-image size-full\"><img loading=\"lazy\" decoding=\"async\" width=\"1707\" height=\"2560\" data-id=\"24378\" class=\"wp-image-24378\" src=\"https:\/\/answear.cz\/blog\/wp-content\/uploads\/2024\/02\/Inside_VJC_3-scaled.jpg\" alt=\"\" srcset=\"https:\/\/answear.cz\/blog\/wp-content\/uploads\/2024\/02\/Inside_VJC_3-scaled.jpg 1707w, https:\/\/answear.cz\/blog\/wp-content\/uploads\/2024\/02\/Inside_VJC_3-463x695.jpg 463w, https:\/\/answear.cz\/blog\/wp-content\/uploads\/2024\/02\/Inside_VJC_3-768x1152.jpg 768w, https:\/\/answear.cz\/blog\/wp-content\/uploads\/2024\/02\/Inside_VJC_3-1024x1536.jpg 1024w, https:\/\/answear.cz\/blog\/wp-content\/uploads\/2024\/02\/Inside_VJC_3-1365x2048.jpg 1365w\" sizes=\"(max-width: 1707px) 100vw, 1707px\" \/><\/figure>\r\n<\/figure>\r\n\r\n\r\n\r\n<h2 class=\"wp-block-heading\">\u201eNeon Pop Romance\u201c: n\u00e1vrat k estetice roku Y2K<\/h2>\r\n\r\n\r\n\r\n<p>V kolekci na jaro a l\u00e9to 2024 Versace Jeans Couture odkazuje na estetiku Y2K a vzd\u00e1v\u00e1 hold ikonick\u00fdm styl\u016fm z roku 2000. \u201eNeon Pop Romance\u201c je exploz\u00ed z\u00e1\u0159iv\u00fdch barev, um\u011bleck\u00fdch potisk\u016f a charakteristick\u00fdch detail\u016f zna\u010dky, jako jsou l\u00edmce ve westernov\u00e9m stylu nebo zlat\u00e9 p\u0159ezky. Potisky na oble\u010den\u00ed p\u0159ipom\u00ednaj\u00ed barokn\u00ed motivy, tentokr\u00e1t v\u0161ak dopln\u011bn\u00e9 malbou akvarelov\u00fdm \u0161t\u011btcem.<\/p>\r\n\r\n\r\n\r\n<p>St\u0159edobodem cel\u00e9 kolekce je denim, ale zna\u010dka s t\u00edmto materi\u00e1lem experimentuje, kombinuje ho v patchworkov\u00fdch vzorech na topech, tri\u010dk\u00e1ch, leg\u00edn\u00e1ch, tenisk\u00e1ch nebo bund\u00e1ch a oble\u010den\u00ed opat\u0159uje zlat\u00fdm, st\u0159\u00edbrn\u00fdm a bronzov\u00fdm lakem. D\u017e\u00ednovinu dopl\u0148uj\u00ed i dal\u0161\u00ed l\u00e1tky, v\u010detn\u011b \u0161ifonu a nylonu.<\/p>\r\n\r\n\r\n\r\n<p class=\"kropka\">\u201eNeon Pop Romance\u201c se vyzna\u010duje prvot\u0159\u00eddn\u00edm krej\u010dovsk\u00fdm zpracov\u00e1n\u00edm a kombinac\u00ed popov\u00e9ho a romantick\u00e9ho stylu, kter\u00fd p\u0159ipom\u00edn\u00e1 po\u010d\u00e1te\u010dn\u00ed kousky zna\u010dky. Tento styl dokonale reflektuje rebelsk\u00fd charakter zna\u010dky a pulzuje mladistvou energi\u00ed.<\/p>\r\n","protected":false},"excerpt":{"rendered":"<p><span class=\"rt-reading-time\" style=\"display: block;\"><span class=\"rt-label rt-prefix\">\u010cten\u00ed na <\/span> <span class=\"rt-time\">3<\/span> <span class=\"rt-label rt-postfix\">minuty<\/span><\/span> Zna\u010dka Versace Jeans Couture, kterou koncem 80. let minul\u00e9ho stolet\u00ed vytvo\u0159ili Gianni a Donatella Versace, se neust\u00e1le vyv\u00edj\u00ed, p\u0159ekvapuje a odol\u00e1v\u00e1 do\u010dasn\u00fdm trend\u016fm. D\u00edky tomu stoj\u00ed na vrcholu seznamu zna\u010dek, kter\u00e9 definuj\u00ed modern\u00ed m\u00f3du. P\u0159ipojte se k energick\u00e9mu sv\u011btu kolekc\u00ed od Versace Jeans Couture.<\/p>\n","protected":false},"author":41,"featured_media":24374,"comment_status":"closed","ping_status":"closed","sticky":false,"template":"","format":"standard","meta":{"footnotes":""},"categories":[686],"tags":[1006,1017],"yoast_head":"<!-- This site is optimized with the Yoast SEO plugin v22.0 - https:\/\/yoast.com\/wordpress\/plugins\/seo\/ -->\n<title>Versace Jeans Couture. Zna\u010dka pro m\u00f3dn\u00ed individualisty. - answear.cz blog<\/title>\n<meta name=\"description\" content=\"Zna\u010dka Versace Jeans Couture, kterou koncem 80. let minul\u00e9ho stolet\u00ed vytvo\u0159ili Gianni a Donatella Versace, p\u0159ekvapuje a odol\u00e1v\u00e1 do\u010dasn\u00fdm trend\u016fm.\" \/>\n<meta name=\"robots\" content=\"index, follow, max-snippet:-1, max-image-preview:large, max-video-preview:-1\" \/>\n<link rel=\"canonical\" href=\"https:\/\/answear.cz\/blog\/versace-jeans-couture-znacka-pro-modni-individualisty\/24373\" \/>\n<meta property=\"og:locale\" content=\"cs_CZ\" \/>\n<meta property=\"og:type\" content=\"article\" \/>\n<meta property=\"og:title\" content=\"Versace Jeans Couture. Zna\u010dka pro m\u00f3dn\u00ed individualisty. - answear.cz blog\" \/>\n<meta property=\"og:description\" content=\"Zna\u010dka Versace Jeans Couture, kterou koncem 80. let minul\u00e9ho stolet\u00ed vytvo\u0159ili Gianni a Donatella Versace, p\u0159ekvapuje a odol\u00e1v\u00e1 do\u010dasn\u00fdm trend\u016fm.\" \/>\n<meta property=\"og:url\" content=\"https:\/\/answear.cz\/blog\/versace-jeans-couture-znacka-pro-modni-individualisty\/24373\" \/>\n<meta property=\"og:site_name\" content=\"answear.cz blog\" \/>\n<meta property=\"article:published_time\" content=\"2024-02-27T18:48:30+00:00\" \/>\n<meta property=\"article:modified_time\" content=\"2024-03-05T10:54:47+00:00\" \/>\n<meta property=\"og:image\" content=\"https:\/\/answear.cz\/blog\/wp-content\/uploads\/2024\/02\/main-photo_VJC.jpg\" \/>\n\t<meta property=\"og:image:width\" content=\"1681\" \/>\n\t<meta property=\"og:image:height\" content=\"680\" \/>\n\t<meta property=\"og:image:type\" content=\"image\/jpeg\" \/>\n<meta name=\"author\" content=\"Katka\" \/>\n<meta name=\"twitter:card\" content=\"summary_large_image\" \/>\n<meta name=\"twitter:label1\" content=\"Napsal(a)\" \/>\n\t<meta name=\"twitter:data1\" content=\"Katka\" \/>\n\t<meta name=\"twitter:label2\" content=\"Odhadovan\u00e1 doba \u010dten\u00ed\" \/>\n\t<meta name=\"twitter:data2\" content=\"3 minuty\" \/>\n<script type=\"application\/ld+json\" class=\"yoast-schema-graph\">{\"@context\":\"https:\/\/schema.org\",\"@graph\":[{\"@type\":\"WebPage\",\"@id\":\"https:\/\/answear.cz\/blog\/versace-jeans-couture-znacka-pro-modni-individualisty\/24373\",\"url\":\"https:\/\/answear.cz\/blog\/versace-jeans-couture-znacka-pro-modni-individualisty\/24373\",\"name\":\"Versace Jeans Couture. Zna\u010dka pro m\u00f3dn\u00ed individualisty. - answear.cz blog\",\"isPartOf\":{\"@id\":\"https:\/\/answear.cz\/blog\/#website\"},\"datePublished\":\"2024-02-27T18:48:30+00:00\",\"dateModified\":\"2024-03-05T10:54:47+00:00\",\"author\":{\"@id\":\"https:\/\/answear.cz\/blog\/#\/schema\/person\/a237d4bbd6d13c21edb92080d19f8675\"},\"description\":\"Zna\u010dka Versace Jeans Couture, kterou koncem 80. let minul\u00e9ho stolet\u00ed vytvo\u0159ili Gianni a Donatella Versace, p\u0159ekvapuje a odol\u00e1v\u00e1 do\u010dasn\u00fdm trend\u016fm.\",\"breadcrumb\":{\"@id\":\"https:\/\/answear.cz\/blog\/versace-jeans-couture-znacka-pro-modni-individualisty\/24373#breadcrumb\"},\"inLanguage\":\"cs\",\"potentialAction\":[{\"@type\":\"ReadAction\",\"target\":[\"https:\/\/answear.cz\/blog\/versace-jeans-couture-znacka-pro-modni-individualisty\/24373\"]}]},{\"@type\":\"BreadcrumbList\",\"@id\":\"https:\/\/answear.cz\/blog\/versace-jeans-couture-znacka-pro-modni-individualisty\/24373#breadcrumb\",\"itemListElement\":[{\"@type\":\"ListItem\",\"position\":1,\"name\":\"Dom\u016f\",\"item\":\"https:\/\/answear.cz\/blog\/\"},{\"@type\":\"ListItem\",\"position\":2,\"name\":\"Versace Jeans Couture. Zna\u010dka pro m\u00f3dn\u00ed individualisty.\"}]},{\"@type\":\"WebSite\",\"@id\":\"https:\/\/answear.cz\/blog\/#website\",\"url\":\"https:\/\/answear.cz\/blog\/\",\"name\":\"answear.cz blog\",\"description\":\"M\u00f3da, trendy, rady a tipy stylist\u016f, novinky ze sv\u011bta m\u00f3dy. We know the ANSWEAR ;-)\",\"potentialAction\":[{\"@type\":\"SearchAction\",\"target\":{\"@type\":\"EntryPoint\",\"urlTemplate\":\"https:\/\/answear.cz\/blog\/?s={search_term_string}\"},\"query-input\":\"required name=search_term_string\"}],\"inLanguage\":\"cs\"},{\"@type\":\"Person\",\"@id\":\"https:\/\/answear.cz\/blog\/#\/schema\/person\/a237d4bbd6d13c21edb92080d19f8675\",\"name\":\"Katka\",\"image\":{\"@type\":\"ImageObject\",\"inLanguage\":\"cs\",\"@id\":\"https:\/\/answear.cz\/blog\/#\/schema\/person\/image\/\",\"url\":\"https:\/\/secure.gravatar.com\/avatar\/1f72f7de7dac65ea0036d63c7c3fa5f3?s=96&d=mm&r=g\",\"contentUrl\":\"https:\/\/secure.gravatar.com\/avatar\/1f72f7de7dac65ea0036d63c7c3fa5f3?s=96&d=mm&r=g\",\"caption\":\"Katka\"},\"url\":\"https:\/\/answear.cz\/blog\/author\/katerina\"}]}<\/script>\n<!-- \/ Yoast SEO plugin. -->","yoast_head_json":{"title":"Versace Jeans Couture. Zna\u010dka pro m\u00f3dn\u00ed individualisty. - answear.cz blog","description":"Zna\u010dka Versace Jeans Couture, kterou koncem 80. let minul\u00e9ho stolet\u00ed vytvo\u0159ili Gianni a Donatella Versace, p\u0159ekvapuje a odol\u00e1v\u00e1 do\u010dasn\u00fdm trend\u016fm.","robots":{"index":"index","follow":"follow","max-snippet":"max-snippet:-1","max-image-preview":"max-image-preview:large","max-video-preview":"max-video-preview:-1"},"canonical":"https:\/\/answear.cz\/blog\/versace-jeans-couture-znacka-pro-modni-individualisty\/24373","og_locale":"cs_CZ","og_type":"article","og_title":"Versace Jeans Couture. Zna\u010dka pro m\u00f3dn\u00ed individualisty. - answear.cz blog","og_description":"Zna\u010dka Versace Jeans Couture, kterou koncem 80. let minul\u00e9ho stolet\u00ed vytvo\u0159ili Gianni a Donatella Versace, p\u0159ekvapuje a odol\u00e1v\u00e1 do\u010dasn\u00fdm trend\u016fm.","og_url":"https:\/\/answear.cz\/blog\/versace-jeans-couture-znacka-pro-modni-individualisty\/24373","og_site_name":"answear.cz blog","article_published_time":"2024-02-27T18:48:30+00:00","article_modified_time":"2024-03-05T10:54:47+00:00","og_image":[{"width":1681,"height":680,"url":"https:\/\/answear.cz\/blog\/wp-content\/uploads\/2024\/02\/main-photo_VJC.jpg","type":"image\/jpeg"}],"author":"Katka","twitter_card":"summary_large_image","twitter_misc":{"Napsal(a)":"Katka","Odhadovan\u00e1 doba \u010dten\u00ed":"3 minuty"},"schema":{"@context":"https:\/\/schema.org","@graph":[{"@type":"WebPage","@id":"https:\/\/answear.cz\/blog\/versace-jeans-couture-znacka-pro-modni-individualisty\/24373","url":"https:\/\/answear.cz\/blog\/versace-jeans-couture-znacka-pro-modni-individualisty\/24373","name":"Versace Jeans Couture. Zna\u010dka pro m\u00f3dn\u00ed individualisty. - answear.cz blog","isPartOf":{"@id":"https:\/\/answear.cz\/blog\/#website"},"datePublished":"2024-02-27T18:48:30+00:00","dateModified":"2024-03-05T10:54:47+00:00","author":{"@id":"https:\/\/answear.cz\/blog\/#\/schema\/person\/a237d4bbd6d13c21edb92080d19f8675"},"description":"Zna\u010dka Versace Jeans Couture, kterou koncem 80. let minul\u00e9ho stolet\u00ed vytvo\u0159ili Gianni a Donatella Versace, p\u0159ekvapuje a odol\u00e1v\u00e1 do\u010dasn\u00fdm trend\u016fm.","breadcrumb":{"@id":"https:\/\/answear.cz\/blog\/versace-jeans-couture-znacka-pro-modni-individualisty\/24373#breadcrumb"},"inLanguage":"cs","potentialAction":[{"@type":"ReadAction","target":["https:\/\/answear.cz\/blog\/versace-jeans-couture-znacka-pro-modni-individualisty\/24373"]}]},{"@type":"BreadcrumbList","@id":"https:\/\/answear.cz\/blog\/versace-jeans-couture-znacka-pro-modni-individualisty\/24373#breadcrumb","itemListElement":[{"@type":"ListItem","position":1,"name":"Dom\u016f","item":"https:\/\/answear.cz\/blog\/"},{"@type":"ListItem","position":2,"name":"Versace Jeans Couture. Zna\u010dka pro m\u00f3dn\u00ed individualisty."}]},{"@type":"WebSite","@id":"https:\/\/answear.cz\/blog\/#website","url":"https:\/\/answear.cz\/blog\/","name":"answear.cz blog","description":"M\u00f3da, trendy, rady a tipy stylist\u016f, novinky ze sv\u011bta m\u00f3dy. We know the ANSWEAR ;-)","potentialAction":[{"@type":"SearchAction","target":{"@type":"EntryPoint","urlTemplate":"https:\/\/answear.cz\/blog\/?s={search_term_string}"},"query-input":"required name=search_term_string"}],"inLanguage":"cs"},{"@type":"Person","@id":"https:\/\/answear.cz\/blog\/#\/schema\/person\/a237d4bbd6d13c21edb92080d19f8675","name":"Katka","image":{"@type":"ImageObject","inLanguage":"cs","@id":"https:\/\/answear.cz\/blog\/#\/schema\/person\/image\/","url":"https:\/\/secure.gravatar.com\/avatar\/1f72f7de7dac65ea0036d63c7c3fa5f3?s=96&d=mm&r=g","contentUrl":"https:\/\/secure.gravatar.com\/avatar\/1f72f7de7dac65ea0036d63c7c3fa5f3?s=96&d=mm&r=g","caption":"Katka"},"url":"https:\/\/answear.cz\/blog\/author\/katerina"}]}},"_links":{"self":[{"href":"https:\/\/answear.cz\/blog\/wp-json\/wp\/v2\/posts\/24373"}],"collection":[{"href":"https:\/\/answear.cz\/blog\/wp-json\/wp\/v2\/posts"}],"about":[{"href":"https:\/\/answear.cz\/blog\/wp-json\/wp\/v2\/types\/post"}],"author":[{"embeddable":true,"href":"https:\/\/answear.cz\/blog\/wp-json\/wp\/v2\/users\/41"}],"replies":[{"embeddable":true,"href":"https:\/\/answear.cz\/blog\/wp-json\/wp\/v2\/comments?post=24373"}],"version-history":[{"count":6,"href":"https:\/\/answear.cz\/blog\/wp-json\/wp\/v2\/posts\/24373\/revisions"}],"predecessor-version":[{"id":24383,"href":"https:\/\/answear.cz\/blog\/wp-json\/wp\/v2\/posts\/24373\/revisions\/24383"}],"wp:featuredmedia":[{"embeddable":true,"href":"https:\/\/answear.cz\/blog\/wp-json\/wp\/v2\/media\/24374"}],"wp:attachment":[{"href":"https:\/\/answear.cz\/blog\/wp-json\/wp\/v2\/media?parent=24373"}],"wp:term":[{"taxonomy":"category","embeddable":true,"href":"https:\/\/answear.cz\/blog\/wp-json\/wp\/v2\/categories?post=24373"},{"taxonomy":"post_tag","embeddable":true,"href":"https:\/\/answear.cz\/blog\/wp-json\/wp\/v2\/tags?post=24373"}],"curies":[{"name":"wp","href":"https:\/\/api.w.org\/{rel}","templated":true}]}}