{"id":24400,"date":"2024-02-29T13:22:22","date_gmt":"2024-02-29T12:22:22","guid":{"rendered":"https:\/\/answear.cz\/blog\/?p=24400"},"modified":"2024-02-29T13:25:48","modified_gmt":"2024-02-29T12:25:48","slug":"milansky-tyden-mody-s-answear-cz","status":"publish","type":"post","link":"https:\/\/answear.cz\/blog\/milansky-tyden-mody-s-answear-cz\/24400","title":{"rendered":"Mil\u00e1nsk\u00fd t\u00fdden m\u00f3dy s\u00a0Answear.cz"},"content":{"rendered":"<span class=\"rt-reading-time\" style=\"display: block;\"><span class=\"rt-label rt-prefix\">\u010cten\u00ed na <\/span> <span class=\"rt-time\">4<\/span> <span class=\"rt-label rt-postfix\">minuty<\/span><\/span>\r\n<p class=\"bigletter\"> <strong>Mil\u00e1nsk\u00fd t\u00fdden m\u00f3dy je skute\u010dnou oslavou m\u00f3dn\u00edch trend\u016f a p\u0159ehl\u00eddkou inspirace. Na m\u00f3dn\u00edch molech se p\u0159edstavuj\u00ed ty nejv\u00fdznamn\u011bj\u0161\u00ed kolekce od renomovan\u00fdch n\u00e1vrh\u00e1\u0159\u016f a ulice m\u011bsta zaplavuj\u00ed origin\u00e1ln\u00ed outfity \u00fa\u010dastn\u00edk\u016f italsk\u00e9ho t\u00fddne m\u00f3dy. Nechte se un\u00e9st jedine\u010dnou atmosf\u00e9rou t\u00e9to ud\u00e1losti a inspirujte se pro sez\u00f3nu podzim-zima 2024. <\/strong><\/p>\r\n\r\n\r\n\r\n<!--more-->\r\n\r\n\r\n\r\n<p>Cel\u00e1 ud\u00e1lost p\u0159inesla v\u0161em z\u00fa\u010dastn\u011bn\u00fdm nep\u0159ebern\u00e9 mno\u017estv\u00ed m\u00f3dn\u00edch senzac\u00ed. Sv\u00e9 nejnov\u011bj\u0161\u00ed modely p\u0159edstavily renomovan\u00e9 m\u00f3dn\u00ed domy v\u010detn\u011b zna\u010dek Gucci, Emporio Armani, Versace, Dolce&amp;Gabbana, Twinset a Elisabetta Franchi. Jak\u00e9 kousky by v\u00e1m nem\u011bly pro nadch\u00e1zej\u00edc\u00ed sez\u00f3nu uniknout?<\/p>\r\n\r\n\r\n\r\n<h2 class=\"wp-block-heading\">Twinset: \u010cernob\u00edl\u00e1 hra<\/h2>\r\n\r\n\r\n\r\n<p>Mil\u00e1nsk\u00fd t\u00fdden m\u00f3dy zah\u00e1jila p\u0159ehl\u00eddka zna\u010dky Twinset, na n\u00ed\u017e se p\u0159edstavily topmodelky, kter\u00e9 se zna\u010dkou spolupracuj\u00ed ji\u017e \u0159adu let, z\u00fa\u010dastnila se nap\u0159\u00edklad Natasha Poly Amber Valletta nebo Franziska Jetzek. M\u00f3dn\u00ed p\u0159ehl\u00eddka p\u0159edstavila typick\u00fd styl zna\u010dky Twinset a propojila um\u011bleck\u00e9ho ducha s v\u00fdrazn\u00fdm rockov\u00fdm stylem. T\u00e9to origin\u00e1ln\u00ed f\u00faze bylo dosa\u017eeno nap\u0159\u00edklad kombinac\u00ed motork\u00e1\u0159sk\u00fdch bot s dlouh\u00fdmi plisovan\u00fdmi \u0161aty nebo kreacemi s n\u00e1prsn\u00edmi vsadkami.<\/p>\r\n\r\n\r\n<div class=\"wp-block-image\">\r\n<figure class=\"aligncenter size-full is-resized\"><img loading=\"lazy\" decoding=\"async\" width=\"4500\" height=\"2400\" src=\"https:\/\/answear.cz\/blog\/wp-content\/uploads\/2024\/02\/milan_4.png\" alt=\"\" class=\"wp-image-24405\" style=\"width:840px;height:auto\" srcset=\"https:\/\/answear.cz\/blog\/wp-content\/uploads\/2024\/02\/milan_4.png 4500w, https:\/\/answear.cz\/blog\/wp-content\/uploads\/2024\/02\/milan_4-1303x695.png 1303w, https:\/\/answear.cz\/blog\/wp-content\/uploads\/2024\/02\/milan_4-768x410.png 768w, https:\/\/answear.cz\/blog\/wp-content\/uploads\/2024\/02\/milan_4-1536x819.png 1536w, https:\/\/answear.cz\/blog\/wp-content\/uploads\/2024\/02\/milan_4-2048x1092.png 2048w\" sizes=\"(max-width: 4500px) 100vw, 4500px\" \/><figcaption class=\"wp-element-caption\"><a href=\"https:\/\/answear.cz\/m\/twinset\" target=\"_blank\" rel=\"noreferrer noopener\"><strong>Objevte zna\u010dku Twinset na Answear.cz<\/strong><\/a><\/figcaption><\/figure><\/div>\r\n\r\n\r\n<p>Kolekci podzim\/zima 2024 dominuj\u00ed \u00faplety pou\u017eit\u00e9 v barevn\u00fdch souprav\u00e1ch, krajkov\u00e9 \u0161aty a svetry z hrub\u00fdch \u00faplet\u016f. Twinset si ve sv\u00fdch stylizac\u00edch pohr\u00e1v\u00e1 s kontrastem \u010dern\u00e9 a b\u00edl\u00e9 a p\u0159id\u00e1v\u00e1 neutr\u00e1ln\u00ed barevnou paletu s p\u0159\u00eddavkem jasn\u011b \u010derven\u00e9 a \u017elut\u00e9. Siluety jsou naopak monochromatick\u00e9 a minimalistick\u00e9.<\/p>\r\n\r\n\r\n\r\n<blockquote class=\"wp-block-quote is-layout-flow wp-block-quote-is-layout-flow\">\r\n<p>\u201eV nov\u00e9 kolekci Twinset p\u0159evl\u00e1d\u00e1 \u010dern\u00e1 a b\u00edl\u00e1 barva s brilantn\u011b vetkan\u00fdmi \u010derven\u00fdmi, \u017elut\u00fdmi a zlat\u00fdmi siluetami. Co je rozhodn\u011b ohromuj\u00edc\u00ed, jsou v\u0161echny textury, kter\u00e9 se na molu objevily: krajky, \u00faplety, v\u00fd\u0161ivky a bi\u017eutern\u00ed lemy. Co je tak\u00e9 vid\u011bt na prvn\u00ed pohled, \u017ee pokud je\u0161t\u011b nem\u00e1te ve sv\u00e9m \u0161atn\u00edku motork\u00e1\u0159sk\u00e9 boty, je nejvy\u0161\u0161\u00ed \u010das si je do sv\u00e9ho \u0161atn\u00edku po\u0159\u00eddit,\u201c \u0159\u00edk\u00e1 \u0141ukasz Witek, hlavn\u00ed stylista Answear.<\/p>\r\n<\/blockquote>\r\n\r\n\r\n\r\n<h2 class=\"wp-block-heading\">Emporio Armani: Z\u00e1\u0159 ve\u010dern\u00edch model\u016f na Mil\u00e1nsk\u00e9m t\u00fddnu m\u00f3dy<\/h2>\r\n\r\n\r\n\r\n<p>Od flitrov\u00fdch ve\u010dern\u00edch sak, p\u0159es leskl\u00e9 obleky a\u017e po ve\u010dern\u00ed \u0161aty zv\u00fdraz\u0148uj\u00edc\u00ed postavu, na p\u0159ehl\u00eddce Emporio Armani jsme vid\u011bli variace pro ve\u010dern\u00ed p\u0159\u00edle\u017eitosti. Modely z kolekce &#8222;Night Glow&#8220;, p\u0159edstaven\u00e9 na mil\u00e1nsk\u00e9m t\u00fddnu m\u00f3dy, dokonale odr\u00e1\u017eely no\u010dn\u00ed oblohu plnou hv\u011bzd. Toto t\u00e9ma se objevilo nejen ve flitrov\u00e9m zdoben\u00ed, ale tak\u00e9 v barv\u00e1ch, st\u0159\u00edbrn\u00e9, syt\u011b \u010dern\u00e9, fialov\u00e9 nebo nefritov\u011b zelen\u00e9.<\/p>\r\n\r\n\r\n\r\n<p>Vybran\u00e9 materi\u00e1ly, spl\u00fdvav\u00e9 kalhoty s na\u0159asen\u00fdmi lemy, pr\u016fsvitn\u00e9 organzov\u00e9 sukn\u011b a odv\u00e1\u017en\u00e9 barevn\u00e9 um\u011bl\u00e9 ko\u017ee\u0161iny dokonale vyjad\u0159uj\u00ed volnost a svobodu, kter\u00e9 si Emporio Armani p\u0159i navrhov\u00e1n\u00ed tolik cen\u00ed.<\/p>\r\n\r\n\r\n<div class=\"wp-block-image\">\r\n<figure class=\"aligncenter size-full\"><img loading=\"lazy\" decoding=\"async\" width=\"4500\" height=\"2400\" src=\"https:\/\/answear.cz\/blog\/wp-content\/uploads\/2024\/02\/milan_2.png\" alt=\"\" class=\"wp-image-24406\" srcset=\"https:\/\/answear.cz\/blog\/wp-content\/uploads\/2024\/02\/milan_2.png 4500w, https:\/\/answear.cz\/blog\/wp-content\/uploads\/2024\/02\/milan_2-1303x695.png 1303w, https:\/\/answear.cz\/blog\/wp-content\/uploads\/2024\/02\/milan_2-768x410.png 768w, https:\/\/answear.cz\/blog\/wp-content\/uploads\/2024\/02\/milan_2-1536x819.png 1536w, https:\/\/answear.cz\/blog\/wp-content\/uploads\/2024\/02\/milan_2-2048x1092.png 2048w\" sizes=\"(max-width: 4500px) 100vw, 4500px\" \/><figcaption class=\"wp-element-caption\"><a href=\"https:\/\/answear.cz\/m\/emporio-armani\" target=\"_blank\" rel=\"noreferrer noopener\"><strong>Inspirujte se kolekc\u00ed Emporio Armani<\/strong><\/a><\/figcaption><\/figure><\/div>\r\n\r\n\r\n<p>Emporio Armani zakon\u010dil p\u0159ehl\u00eddku neobvykl\u00fdm zp\u016fsobem. Na molo jemn\u011b dopadal sn\u00edh a modelky oble\u010den\u00e9 do ve\u010dern\u00edch \u0161at\u016f se proch\u00e1zely mezi div\u00e1ky s de\u0161tn\u00edky nad hlavou. \u00da\u010dastn\u00edci t\u00fddne m\u00f3dy budou na tuto ud\u00e1lost jist\u011b je\u0161t\u011b dlouho vzpom\u00ednat.<\/p>\r\n\r\n\r\n\r\n<h2 class=\"wp-block-heading\">Elisabetta Franchi: Nad\u010dasov\u00e1 estetika univerzitn\u00edch uniforem na Mil\u00e1nsk\u00e9m t\u00fddnu m\u00f3dy<\/h2>\r\n\r\n\r\n\r\n<p>Zna\u010dka Elisabetta Franchi se p\u0159i tvorb\u011b kolekce na podzim a zimu 2024 inspirovala nad\u010dasovou estetikou anglick\u00fdch univerzitn\u00edch uniforem. Zna\u010dka p\u0159edstavila sv\u00e9 modely b\u011bhem mil\u00e1nsk\u00e9ho t\u00fddne m\u00f3dy a div\u00e1k\u016fm p\u0159edvedla portr\u00e9t osvobozen\u00e9 sou\u010dasn\u00e9 \u017eeny. Modelky proch\u00e1zej\u00edc\u00ed se po molu doprov\u00e1zela energick\u00e1 hudba a jedine\u010dn\u00e1 sc\u00e9nografie kop\u00edruj\u00edc\u00ed interi\u00e9r knihovny.<\/p>\r\n\r\n\r\n\r\n<p>Div\u00e1ci m\u00f3dn\u00ed p\u0159ehl\u00eddky mohli obdivovat nov\u00e9, modern\u00ed pojet\u00ed akademick\u00e9ho stylu v podob\u011b plisovan\u00fdch sukn\u00ed, kardigan\u016f, pulovr\u016f kombinovan\u00fdch s ko\u0161ilemi, ale i sak a kab\u00e1t\u016f v typicky mu\u017esk\u00fdch st\u0159iz\u00edch. Hlavn\u00edm vzorem, kter\u00fd proch\u00e1z\u00ed celou kolekc\u00ed Elisabetty Franchi je tartan v barv\u00e1ch rouge noir, oxford a ocelov\u011b \u0161ed\u00e9. Nov\u00e1 kolekce zna\u010dky je elegantn\u00ed sm\u011bs\u00ed vintage, glamouru a modern\u00edch forem.<\/p>\r\n\r\n\r\n\r\n<h2 class=\"wp-block-heading\">MSGM a m\u00f3dn\u00ed trendy v kostce<\/h2>\r\n\r\n\r\n\r\n<p>Zna\u010dka MSGM se vyzna\u010duje minimalistick\u00fdm designem, kter\u00fd je zdoben\u00fd barevn\u00fdmi potisky. N\u00e1vrh\u00e1\u0159 Massimo Giorgetti, kter\u00fd stoj\u00ed v \u010dele zna\u010dky, se inspiruje um\u011bn\u00edm, hudbou a aktu\u00e1ln\u00edmi sv\u011btov\u00fdmi m\u00f3dn\u00edmi trendy. Nejinak je tomu i v kolekci MSGM pro podzim-zimu 2024, kdy Giorgetti na mil\u00e1nsk\u00e9m t\u00fddnu m\u00f3dy p\u0159edstavil d\u00e1msk\u00e9 konfek\u010dn\u00ed modely r\u016fzn\u00fdch st\u0159ih\u016f, textur a barev.<\/p>\r\n\r\n\r\n<div class=\"wp-block-image\">\r\n<figure class=\"aligncenter size-full\"><img loading=\"lazy\" decoding=\"async\" width=\"4500\" height=\"2400\" src=\"https:\/\/answear.cz\/blog\/wp-content\/uploads\/2024\/02\/milan_1.png\" alt=\"\" class=\"wp-image-24404\" srcset=\"https:\/\/answear.cz\/blog\/wp-content\/uploads\/2024\/02\/milan_1.png 4500w, https:\/\/answear.cz\/blog\/wp-content\/uploads\/2024\/02\/milan_1-1303x695.png 1303w, https:\/\/answear.cz\/blog\/wp-content\/uploads\/2024\/02\/milan_1-768x410.png 768w, https:\/\/answear.cz\/blog\/wp-content\/uploads\/2024\/02\/milan_1-1536x819.png 1536w, https:\/\/answear.cz\/blog\/wp-content\/uploads\/2024\/02\/milan_1-2048x1092.png 2048w\" sizes=\"(max-width: 4500px) 100vw, 4500px\" \/><figcaption class=\"wp-element-caption\"><a href=\"https:\/\/answear.cz\/m\/msgm\" target=\"_blank\" rel=\"noreferrer noopener\"><strong>Vytvo\u0159te si jedine\u010dn\u00fd look se zna\u010dkou MSGM<\/strong><\/a><\/figcaption><\/figure><\/div>\r\n\r\n\r\n<blockquote class=\"wp-block-quote is-layout-flow wp-block-quote-is-layout-flow\">\r\n<p class=\"kropka\">\u201eMSGM uk\u00e1zala trendy p\u0159\u00ed\u0161t\u00ed sezony v kostce, leskl\u00e9 k\u016f\u017ee, \u0161perky, m\u011bkk\u00e9 textury nebo takzvan\u00e9 hot pants (mini \u0161ortky), kter\u00e9 se objevuj\u00ed ve v\u011bt\u0161in\u011b kolekc\u00ed na molech pro AW24. M\u00fdm obl\u00edben\u00fdm prvkem byly rozhodn\u011b ko\u017ee\u0161inov\u00e9 kalhoty a dopl\u0148ky. Vypadalo to velmi p\u016fsobiv\u011b,\u201c uv\u00e1d\u00ed \u0141ukasz Witek, hlavn\u00ed stylista Answear.<\/p>\r\n<\/blockquote>\r\n","protected":false},"excerpt":{"rendered":"<p><span class=\"rt-reading-time\" style=\"display: block;\"><span class=\"rt-label rt-prefix\">\u010cten\u00ed na <\/span> <span class=\"rt-time\">4<\/span> <span class=\"rt-label rt-postfix\">minuty<\/span><\/span> Mil\u00e1nsk\u00fd t\u00fdden m\u00f3dy je skute\u010dnou oslavou m\u00f3dn\u00edch trend\u016f a p\u0159ehl\u00eddkou inspirace. Na m\u00f3dn\u00edch molech se p\u0159edstavuj\u00ed ty nejv\u00fdznamn\u011bj\u0161\u00ed kolekce od renomovan\u00fdch n\u00e1vrh\u00e1\u0159\u016f a ulice m\u011bsta zaplavuj\u00ed origin\u00e1ln\u00ed outfity \u00fa\u010dastn\u00edk\u016f italsk\u00e9ho t\u00fddne m\u00f3dy. Nechte se un\u00e9st jedine\u010dnou atmosf\u00e9rou t\u00e9to ud\u00e1losti a inspirujte se pro sez\u00f3nu podzim-zima 2024.<\/p>\n","protected":false},"author":41,"featured_media":24401,"comment_status":"closed","ping_status":"closed","sticky":false,"template":"","format":"standard","meta":{"footnotes":""},"categories":[686],"tags":[1143,999,1165,1035],"yoast_head":"<!-- This site is optimized with the Yoast SEO plugin v22.0 - https:\/\/yoast.com\/wordpress\/plugins\/seo\/ -->\n<title>Mil\u00e1nsk\u00fd t\u00fdden m\u00f3dy s\u00a0Answear.cz - answear.cz blog<\/title>\n<meta name=\"description\" content=\"Mil\u00e1nsk\u00fd t\u00fdden m\u00f3dy je skute\u010dnou oslavou m\u00f3dn\u00edch trend\u016f a p\u0159ehl\u00eddkou inspirace. Na m\u00f3dn\u00edch molech se p\u0159edstavuj\u00ed ty nejv\u00fdznamn\u011bj\u0161\u00ed kolekce od renomovan\u00fdch n\u00e1vrh\u00e1\u0159\u016f a ulice m\u011bsta zaplavuj\u00ed origin\u00e1ln\u00ed outfity \u00fa\u010dastn\u00edk\u016f italsk\u00e9ho t\u00fddne m\u00f3dy. Nechte se un\u00e9st jedine\u010dnou atmosf\u00e9rou t\u00e9to ud\u00e1losti a inspirujte se pro sez\u00f3nu podzim-zima 2024.\" \/>\n<meta name=\"robots\" content=\"index, follow, max-snippet:-1, max-image-preview:large, max-video-preview:-1\" \/>\n<link rel=\"canonical\" href=\"https:\/\/answear.cz\/blog\/milansky-tyden-mody-s-answear-cz\/24400\" \/>\n<meta property=\"og:locale\" content=\"cs_CZ\" \/>\n<meta property=\"og:type\" content=\"article\" \/>\n<meta property=\"og:title\" content=\"Mil\u00e1nsk\u00fd t\u00fdden m\u00f3dy s\u00a0Answear.cz - answear.cz blog\" \/>\n<meta property=\"og:description\" content=\"Mil\u00e1nsk\u00fd t\u00fdden m\u00f3dy je skute\u010dnou oslavou m\u00f3dn\u00edch trend\u016f a p\u0159ehl\u00eddkou inspirace. Na m\u00f3dn\u00edch molech se p\u0159edstavuj\u00ed ty nejv\u00fdznamn\u011bj\u0161\u00ed kolekce od renomovan\u00fdch n\u00e1vrh\u00e1\u0159\u016f a ulice m\u011bsta zaplavuj\u00ed origin\u00e1ln\u00ed outfity \u00fa\u010dastn\u00edk\u016f italsk\u00e9ho t\u00fddne m\u00f3dy. Nechte se un\u00e9st jedine\u010dnou atmosf\u00e9rou t\u00e9to ud\u00e1losti a inspirujte se pro sez\u00f3nu podzim-zima 2024.\" \/>\n<meta property=\"og:url\" content=\"https:\/\/answear.cz\/blog\/milansky-tyden-mody-s-answear-cz\/24400\" \/>\n<meta property=\"og:site_name\" content=\"answear.cz blog\" \/>\n<meta property=\"article:published_time\" content=\"2024-02-29T12:22:22+00:00\" \/>\n<meta property=\"article:modified_time\" content=\"2024-02-29T12:25:48+00:00\" \/>\n<meta property=\"og:image\" content=\"https:\/\/answear.cz\/blog\/wp-content\/uploads\/2024\/02\/milan_FW_Main-photot.png\" \/>\n\t<meta property=\"og:image:width\" content=\"1672\" \/>\n\t<meta property=\"og:image:height\" content=\"680\" \/>\n\t<meta property=\"og:image:type\" content=\"image\/png\" \/>\n<meta name=\"author\" content=\"Katka\" \/>\n<meta name=\"twitter:card\" content=\"summary_large_image\" \/>\n<meta name=\"twitter:label1\" content=\"Napsal(a)\" \/>\n\t<meta name=\"twitter:data1\" content=\"Katka\" \/>\n\t<meta name=\"twitter:label2\" content=\"Odhadovan\u00e1 doba \u010dten\u00ed\" \/>\n\t<meta name=\"twitter:data2\" content=\"4 minuty\" \/>\n<script type=\"application\/ld+json\" class=\"yoast-schema-graph\">{\"@context\":\"https:\/\/schema.org\",\"@graph\":[{\"@type\":\"WebPage\",\"@id\":\"https:\/\/answear.cz\/blog\/milansky-tyden-mody-s-answear-cz\/24400\",\"url\":\"https:\/\/answear.cz\/blog\/milansky-tyden-mody-s-answear-cz\/24400\",\"name\":\"Mil\u00e1nsk\u00fd t\u00fdden m\u00f3dy s\u00a0Answear.cz - answear.cz blog\",\"isPartOf\":{\"@id\":\"https:\/\/answear.cz\/blog\/#website\"},\"datePublished\":\"2024-02-29T12:22:22+00:00\",\"dateModified\":\"2024-02-29T12:25:48+00:00\",\"author\":{\"@id\":\"https:\/\/answear.cz\/blog\/#\/schema\/person\/a237d4bbd6d13c21edb92080d19f8675\"},\"description\":\"Mil\u00e1nsk\u00fd t\u00fdden m\u00f3dy je skute\u010dnou oslavou m\u00f3dn\u00edch trend\u016f a p\u0159ehl\u00eddkou inspirace. Na m\u00f3dn\u00edch molech se p\u0159edstavuj\u00ed ty nejv\u00fdznamn\u011bj\u0161\u00ed kolekce od renomovan\u00fdch n\u00e1vrh\u00e1\u0159\u016f a ulice m\u011bsta zaplavuj\u00ed origin\u00e1ln\u00ed outfity \u00fa\u010dastn\u00edk\u016f italsk\u00e9ho t\u00fddne m\u00f3dy. Nechte se un\u00e9st jedine\u010dnou atmosf\u00e9rou t\u00e9to ud\u00e1losti a inspirujte se pro sez\u00f3nu podzim-zima 2024.\",\"breadcrumb\":{\"@id\":\"https:\/\/answear.cz\/blog\/milansky-tyden-mody-s-answear-cz\/24400#breadcrumb\"},\"inLanguage\":\"cs\",\"potentialAction\":[{\"@type\":\"ReadAction\",\"target\":[\"https:\/\/answear.cz\/blog\/milansky-tyden-mody-s-answear-cz\/24400\"]}]},{\"@type\":\"BreadcrumbList\",\"@id\":\"https:\/\/answear.cz\/blog\/milansky-tyden-mody-s-answear-cz\/24400#breadcrumb\",\"itemListElement\":[{\"@type\":\"ListItem\",\"position\":1,\"name\":\"Dom\u016f\",\"item\":\"https:\/\/answear.cz\/blog\/\"},{\"@type\":\"ListItem\",\"position\":2,\"name\":\"Mil\u00e1nsk\u00fd t\u00fdden m\u00f3dy s\u00a0Answear.cz\"}]},{\"@type\":\"WebSite\",\"@id\":\"https:\/\/answear.cz\/blog\/#website\",\"url\":\"https:\/\/answear.cz\/blog\/\",\"name\":\"answear.cz blog\",\"description\":\"M\u00f3da, trendy, rady a tipy stylist\u016f, novinky ze sv\u011bta m\u00f3dy. We know the ANSWEAR ;-)\",\"potentialAction\":[{\"@type\":\"SearchAction\",\"target\":{\"@type\":\"EntryPoint\",\"urlTemplate\":\"https:\/\/answear.cz\/blog\/?s={search_term_string}\"},\"query-input\":\"required name=search_term_string\"}],\"inLanguage\":\"cs\"},{\"@type\":\"Person\",\"@id\":\"https:\/\/answear.cz\/blog\/#\/schema\/person\/a237d4bbd6d13c21edb92080d19f8675\",\"name\":\"Katka\",\"image\":{\"@type\":\"ImageObject\",\"inLanguage\":\"cs\",\"@id\":\"https:\/\/answear.cz\/blog\/#\/schema\/person\/image\/\",\"url\":\"https:\/\/secure.gravatar.com\/avatar\/1f72f7de7dac65ea0036d63c7c3fa5f3?s=96&d=mm&r=g\",\"contentUrl\":\"https:\/\/secure.gravatar.com\/avatar\/1f72f7de7dac65ea0036d63c7c3fa5f3?s=96&d=mm&r=g\",\"caption\":\"Katka\"},\"url\":\"https:\/\/answear.cz\/blog\/author\/katerina\"}]}<\/script>\n<!-- \/ Yoast SEO plugin. -->","yoast_head_json":{"title":"Mil\u00e1nsk\u00fd t\u00fdden m\u00f3dy s\u00a0Answear.cz - answear.cz blog","description":"Mil\u00e1nsk\u00fd t\u00fdden m\u00f3dy je skute\u010dnou oslavou m\u00f3dn\u00edch trend\u016f a p\u0159ehl\u00eddkou inspirace. Na m\u00f3dn\u00edch molech se p\u0159edstavuj\u00ed ty nejv\u00fdznamn\u011bj\u0161\u00ed kolekce od renomovan\u00fdch n\u00e1vrh\u00e1\u0159\u016f a ulice m\u011bsta zaplavuj\u00ed origin\u00e1ln\u00ed outfity \u00fa\u010dastn\u00edk\u016f italsk\u00e9ho t\u00fddne m\u00f3dy. Nechte se un\u00e9st jedine\u010dnou atmosf\u00e9rou t\u00e9to ud\u00e1losti a inspirujte se pro sez\u00f3nu podzim-zima 2024.","robots":{"index":"index","follow":"follow","max-snippet":"max-snippet:-1","max-image-preview":"max-image-preview:large","max-video-preview":"max-video-preview:-1"},"canonical":"https:\/\/answear.cz\/blog\/milansky-tyden-mody-s-answear-cz\/24400","og_locale":"cs_CZ","og_type":"article","og_title":"Mil\u00e1nsk\u00fd t\u00fdden m\u00f3dy s\u00a0Answear.cz - answear.cz blog","og_description":"Mil\u00e1nsk\u00fd t\u00fdden m\u00f3dy je skute\u010dnou oslavou m\u00f3dn\u00edch trend\u016f a p\u0159ehl\u00eddkou inspirace. Na m\u00f3dn\u00edch molech se p\u0159edstavuj\u00ed ty nejv\u00fdznamn\u011bj\u0161\u00ed kolekce od renomovan\u00fdch n\u00e1vrh\u00e1\u0159\u016f a ulice m\u011bsta zaplavuj\u00ed origin\u00e1ln\u00ed outfity \u00fa\u010dastn\u00edk\u016f italsk\u00e9ho t\u00fddne m\u00f3dy. Nechte se un\u00e9st jedine\u010dnou atmosf\u00e9rou t\u00e9to ud\u00e1losti a inspirujte se pro sez\u00f3nu podzim-zima 2024.","og_url":"https:\/\/answear.cz\/blog\/milansky-tyden-mody-s-answear-cz\/24400","og_site_name":"answear.cz blog","article_published_time":"2024-02-29T12:22:22+00:00","article_modified_time":"2024-02-29T12:25:48+00:00","og_image":[{"width":1672,"height":680,"url":"https:\/\/answear.cz\/blog\/wp-content\/uploads\/2024\/02\/milan_FW_Main-photot.png","type":"image\/png"}],"author":"Katka","twitter_card":"summary_large_image","twitter_misc":{"Napsal(a)":"Katka","Odhadovan\u00e1 doba \u010dten\u00ed":"4 minuty"},"schema":{"@context":"https:\/\/schema.org","@graph":[{"@type":"WebPage","@id":"https:\/\/answear.cz\/blog\/milansky-tyden-mody-s-answear-cz\/24400","url":"https:\/\/answear.cz\/blog\/milansky-tyden-mody-s-answear-cz\/24400","name":"Mil\u00e1nsk\u00fd t\u00fdden m\u00f3dy s\u00a0Answear.cz - answear.cz blog","isPartOf":{"@id":"https:\/\/answear.cz\/blog\/#website"},"datePublished":"2024-02-29T12:22:22+00:00","dateModified":"2024-02-29T12:25:48+00:00","author":{"@id":"https:\/\/answear.cz\/blog\/#\/schema\/person\/a237d4bbd6d13c21edb92080d19f8675"},"description":"Mil\u00e1nsk\u00fd t\u00fdden m\u00f3dy je skute\u010dnou oslavou m\u00f3dn\u00edch trend\u016f a p\u0159ehl\u00eddkou inspirace. Na m\u00f3dn\u00edch molech se p\u0159edstavuj\u00ed ty nejv\u00fdznamn\u011bj\u0161\u00ed kolekce od renomovan\u00fdch n\u00e1vrh\u00e1\u0159\u016f a ulice m\u011bsta zaplavuj\u00ed origin\u00e1ln\u00ed outfity \u00fa\u010dastn\u00edk\u016f italsk\u00e9ho t\u00fddne m\u00f3dy. Nechte se un\u00e9st jedine\u010dnou atmosf\u00e9rou t\u00e9to ud\u00e1losti a inspirujte se pro sez\u00f3nu podzim-zima 2024.","breadcrumb":{"@id":"https:\/\/answear.cz\/blog\/milansky-tyden-mody-s-answear-cz\/24400#breadcrumb"},"inLanguage":"cs","potentialAction":[{"@type":"ReadAction","target":["https:\/\/answear.cz\/blog\/milansky-tyden-mody-s-answear-cz\/24400"]}]},{"@type":"BreadcrumbList","@id":"https:\/\/answear.cz\/blog\/milansky-tyden-mody-s-answear-cz\/24400#breadcrumb","itemListElement":[{"@type":"ListItem","position":1,"name":"Dom\u016f","item":"https:\/\/answear.cz\/blog\/"},{"@type":"ListItem","position":2,"name":"Mil\u00e1nsk\u00fd t\u00fdden m\u00f3dy s\u00a0Answear.cz"}]},{"@type":"WebSite","@id":"https:\/\/answear.cz\/blog\/#website","url":"https:\/\/answear.cz\/blog\/","name":"answear.cz blog","description":"M\u00f3da, trendy, rady a tipy stylist\u016f, novinky ze sv\u011bta m\u00f3dy. We know the ANSWEAR ;-)","potentialAction":[{"@type":"SearchAction","target":{"@type":"EntryPoint","urlTemplate":"https:\/\/answear.cz\/blog\/?s={search_term_string}"},"query-input":"required name=search_term_string"}],"inLanguage":"cs"},{"@type":"Person","@id":"https:\/\/answear.cz\/blog\/#\/schema\/person\/a237d4bbd6d13c21edb92080d19f8675","name":"Katka","image":{"@type":"ImageObject","inLanguage":"cs","@id":"https:\/\/answear.cz\/blog\/#\/schema\/person\/image\/","url":"https:\/\/secure.gravatar.com\/avatar\/1f72f7de7dac65ea0036d63c7c3fa5f3?s=96&d=mm&r=g","contentUrl":"https:\/\/secure.gravatar.com\/avatar\/1f72f7de7dac65ea0036d63c7c3fa5f3?s=96&d=mm&r=g","caption":"Katka"},"url":"https:\/\/answear.cz\/blog\/author\/katerina"}]}},"_links":{"self":[{"href":"https:\/\/answear.cz\/blog\/wp-json\/wp\/v2\/posts\/24400"}],"collection":[{"href":"https:\/\/answear.cz\/blog\/wp-json\/wp\/v2\/posts"}],"about":[{"href":"https:\/\/answear.cz\/blog\/wp-json\/wp\/v2\/types\/post"}],"author":[{"embeddable":true,"href":"https:\/\/answear.cz\/blog\/wp-json\/wp\/v2\/users\/41"}],"replies":[{"embeddable":true,"href":"https:\/\/answear.cz\/blog\/wp-json\/wp\/v2\/comments?post=24400"}],"version-history":[{"count":7,"href":"https:\/\/answear.cz\/blog\/wp-json\/wp\/v2\/posts\/24400\/revisions"}],"predecessor-version":[{"id":24411,"href":"https:\/\/answear.cz\/blog\/wp-json\/wp\/v2\/posts\/24400\/revisions\/24411"}],"wp:featuredmedia":[{"embeddable":true,"href":"https:\/\/answear.cz\/blog\/wp-json\/wp\/v2\/media\/24401"}],"wp:attachment":[{"href":"https:\/\/answear.cz\/blog\/wp-json\/wp\/v2\/media?parent=24400"}],"wp:term":[{"taxonomy":"category","embeddable":true,"href":"https:\/\/answear.cz\/blog\/wp-json\/wp\/v2\/categories?post=24400"},{"taxonomy":"post_tag","embeddable":true,"href":"https:\/\/answear.cz\/blog\/wp-json\/wp\/v2\/tags?post=24400"}],"curies":[{"name":"wp","href":"https:\/\/api.w.org\/{rel}","templated":true}]}}