{"id":24457,"date":"2024-03-07T15:56:30","date_gmt":"2024-03-07T14:56:30","guid":{"rendered":"https:\/\/answear.cz\/blog\/?p=24457"},"modified":"2024-03-07T15:56:30","modified_gmt":"2024-03-07T14:56:30","slug":"jarni-inspirace-stylove-bundy-pro-jaro-2024","status":"publish","type":"post","link":"https:\/\/answear.cz\/blog\/jarni-inspirace-stylove-bundy-pro-jaro-2024\/24457","title":{"rendered":"Jarn\u00ed inspirace: Stylov\u00e9 bundy pro jaro 2024"},"content":{"rendered":"<span class=\"rt-reading-time\" style=\"display: block;\"><span class=\"rt-label rt-prefix\">\u010cten\u00ed na <\/span> <span class=\"rt-time\">4<\/span> <span class=\"rt-label rt-postfix\">minuty<\/span><\/span>\r\n<p><strong>Bundy a tren\u010dkoty jsou nepostradatelnou sou\u010d\u00e1st\u00ed na\u0161ich ka\u017edodenn\u00edch outfit\u016f. Zaj\u00edm\u00e1 v\u00e1s, kter\u00e9 trendy budou dominovat v jarn\u00ed sez\u00f3n\u011b 2024?\u00a0<\/strong><\/p>\r\n\r\n\r\n\r\n<p><!--more--><\/p>\r\n\r\n\r\n\r\n<p class=\"bigletter\">Nab\u00eddka je \u0161irok\u00e1, od osv\u011bd\u010den\u00fdch klasik a\u017e po \u00fapln\u00e9 novinky. V na\u0161em \u017eeb\u0159\u00ed\u010dku jsme prozkoumali modely, do kter\u00fdch se vyplat\u00ed letos investovat.<\/p>\r\n<h2 class=\"wp-block-heading\">Objevte nov\u00e9 jarn\u00ed trendy<\/h2>\r\n\r\n\r\n\r\n<p>Ka\u017ed\u00e1 zm\u011bna ro\u010dn\u00edho obdob\u00ed s sebou nese nov\u00e9 m\u00f3dn\u00ed trendy, p\u0159esto\u017ee n\u011bkter\u00e9 z nich s n\u00e1mi z\u016fst\u00e1vaj\u00ed d\u00e9le. To plat\u00ed i pro obl\u00edbenou barvu bord\u00f3, na kterou m\u016f\u017eete s klidem vsadit i pro nadch\u00e1zej\u00edc\u00ed obdob\u00ed. Co se t\u00fd\u010de venkovn\u00edho oble\u010den\u00ed, voln\u011b st\u0159i\u017een\u00fd tren\u010dkot dominuje v kolekc\u00edch mnoha m\u00f3dn\u00edch dom\u016f. Jak\u00e9 trendy bundy n\u00e1m tedy jaro p\u0159inese? Zna\u010dky n\u00e1m te\u010f d\u00e1vaj\u00ed volnou ruku, nab\u00edzej\u00ed \u0161irok\u00fd v\u00fdb\u011br st\u0159ih\u016f, d\u00e9lek a barev.<\/p>\r\n\r\n\r\n\r\n<p>N\u011bkter\u00e9 styly maj\u00ed potenci\u00e1l st\u00e1t se skute\u010dn\u00fdm hitem. Jarn\u00ed bunda m\u016f\u017ee b\u00fdt jak z d\u017e\u00ednoviny, k\u016f\u017ee nebo tenk\u00fdch materi\u00e1l\u016f. Zvl\u00e1\u0161t\u011b prvn\u00ed dva materi\u00e1ly pat\u0159\u00ed mezi favority. Catana m\u016f\u017ee b\u00fdt dlouh\u00e1, kr\u00e1tk\u00e1, voln\u00e1 nebo dokonce extr\u00e9mn\u011b p\u0159il\u00e9hav\u00e1 v pasu. D\u017e\u00ednov\u00e1 varianta nikdy nevyjde z m\u00f3dy, tak\u017ee p\u0159edstavuje dlouhodobou investici. Motork\u00e1\u0159sk\u00e9 bundy jsou st\u00e1le popul\u00e1rn\u00ed, a jak ukazuje nap\u0159\u00edklad Prada. Nepat\u0159\u00edte mezi milovn\u00edky tohoto trendu? Pak si po\u0159i\u010fte nad\u010dasovou ramonesku v \u010dern\u00e9 barv\u011b, proto\u017ee i ta bude letos op\u011bt velmi popul\u00e1rn\u00ed.\u00a0<\/p>\r\n\r\n\r\n\r\n<figure class=\"wp-block-gallery aligncenter has-nested-images columns-default is-cropped wp-block-gallery-1 is-layout-flex wp-block-gallery-is-layout-flex\">\r\n<figure class=\"wp-block-image size-full\"><img loading=\"lazy\" decoding=\"async\" width=\"860\" height=\"1290\" data-id=\"24460\" class=\"wp-image-24460\" src=\"https:\/\/answear.cz\/blog\/wp-content\/uploads\/2024\/03\/inside_1.jpg\" alt=\"\" srcset=\"https:\/\/answear.cz\/blog\/wp-content\/uploads\/2024\/03\/inside_1.jpg 860w, https:\/\/answear.cz\/blog\/wp-content\/uploads\/2024\/03\/inside_1-463x695.jpg 463w, https:\/\/answear.cz\/blog\/wp-content\/uploads\/2024\/03\/inside_1-768x1152.jpg 768w\" sizes=\"(max-width: 860px) 100vw, 860px\" \/><\/figure>\r\n\r\n\r\n\r\n<figure class=\"wp-block-image size-full\"><img loading=\"lazy\" decoding=\"async\" width=\"860\" height=\"1290\" data-id=\"24461\" class=\"wp-image-24461\" src=\"https:\/\/answear.cz\/blog\/wp-content\/uploads\/2024\/03\/inside_2-2.jpg\" alt=\"\" srcset=\"https:\/\/answear.cz\/blog\/wp-content\/uploads\/2024\/03\/inside_2-2.jpg 860w, https:\/\/answear.cz\/blog\/wp-content\/uploads\/2024\/03\/inside_2-2-463x695.jpg 463w, https:\/\/answear.cz\/blog\/wp-content\/uploads\/2024\/03\/inside_2-2-768x1152.jpg 768w\" sizes=\"(max-width: 860px) 100vw, 860px\" \/><\/figure>\r\n\r\n<figcaption class=\"blocks-gallery-caption wp-element-caption\"><span style=\"text-decoration: underline;\"><a href=\"https:\/\/answear.cz\/k\/ona?q=tren%C4%8Dkot\" target=\"_blank\" rel=\"noreferrer noopener\"><strong>M\u00f3dn\u00ed tren\u010dkoty na Answear.cz<\/strong><\/a><\/span><\/figcaption>\r\n<\/figure>\r\n\r\n\r\n\r\n<p>M\u00f3dn\u00ed bundy pro jaro 2024 jsou poctou minimalismu, p\u0159i\u010dem\u017e design\u00e9\u0159i vol\u00ed jednoduch\u00e9 st\u0159ihy a tlumen\u00e9 barvy. Nechyb\u00ed v\u0161ak odv\u00e1\u017en\u00e9 tvary a v\u00fdrazn\u00e9 odst\u00edny, kter\u00e9 ur\u010dit\u011b o\u017eiv\u00ed jarn\u00ed look. Dlouh\u00e9 st\u0159apce na bomber bund\u00e1ch nap\u0159\u00edklad ovl\u00e1dly m\u00f3dn\u00ed molo zna\u010dky Rotate.<\/p>\r\n\r\n\r\n\r\n<h2 class=\"wp-block-heading\">M\u00f3dn\u00ed jarn\u00ed bundy: jak si vybrat tu pravou?<\/h2>\r\n\r\n\r\n\r\n<p>N\u00e1kup nov\u00e9 bundy nebo kab\u00e1tu m\u016f\u017ee b\u00fdt velkou v\u00fdzvou. Velk\u00fd v\u00fdb\u011br st\u0159ih\u016f, barev a vzor\u016f n\u00e1m to moc neuleh\u010duje. Nejprve se \u0159i\u010fte va\u0161\u00edm stylem a t\u00edm co v\u00e1m slu\u0161\u00ed, potom jsou na \u0159ad\u011b va\u0161e pot\u0159eby, a tak\u00e9 zva\u017ete, s \u010d\u00edm chcete bundu nej\u010dast\u011bji kombinovat. Na\u0161t\u011bst\u00ed m\u00e1te pro jarn\u00ed sez\u00f3nu na v\u00fdb\u011br jak dlouh\u00e9, tak kr\u00e1tk\u00e9 bundy, tak\u017ee je snadno slad\u00edte s va\u0161\u00ed siluetou, stejn\u011b jako s konkr\u00e9tn\u00edm stylem.<\/p>\r\n\r\n\r\n\r\n<p>Inspirace z 70. let, 80. let a 90. let siln\u011b ovlivnila modely bund pro jaro-l\u00e9to 2024, p\u0159i\u010dem\u017e retro motivy jsou patrn\u00e9 jak v barv\u00e1ch, tak \u00faprav\u00e1ch a p\u0159edev\u0161\u00edm ve st\u0159iz\u00edch. Louis Vuitton nab\u00edz\u00ed nap\u0159\u00edklad \u0161irok\u00e9, sportovn\u00ed bundy v leskl\u00fdch l\u00e1tk\u00e1ch a pon\u011bkud zapomenut\u00e9m ortalionu. Tyto modely jsou ide\u00e1ln\u00ed volbou, pokud chcete zakr\u00fdt sv\u00e9 pln\u011bj\u0161\u00ed k\u0159ivky nebo p\u0159idat trochu nedbalosti k va\u0161emu outfitu.<\/p>\r\n\r\n\r\n\r\n<p>Nejbezpe\u010dn\u011bj\u0161\u00ed volbou je kr\u00e1tk\u00e1 nebo dlouh\u00e1 ramoneska v \u010dern\u00e9 barv\u011b, stejn\u011b jako sportovn\u00ed bomber z hladk\u00e9ho materi\u00e1lu. Tyto modely jsou hitem kolekc\u00ed od Stelly McCartney. Zna\u010dka Miu Miu vsadila na druh\u00e9 stran\u011b na ko\u0161ile, kter\u00e9 jsou neuv\u011b\u0159iteln\u011b v\u0161estrann\u00e9, voln\u00e9 a p\u0159esto \u0161ik. St\u0159ih funguje dob\u0159e jak s \u0161aty, tak s d\u017e\u00edny a tepl\u00e1kov\u00fdmi soupravami, tak\u017ee je m\u016f\u017eete kombinovat mnoha r\u016fzn\u00fdmi zp\u016fsoby.<\/p>\r\n\r\n\r\n\r\n<figure class=\"wp-block-gallery aligncenter has-nested-images columns-default is-cropped wp-block-gallery-2 is-layout-flex wp-block-gallery-is-layout-flex\">\r\n<figure class=\"wp-block-image size-full\"><img loading=\"lazy\" decoding=\"async\" width=\"860\" height=\"1290\" data-id=\"24463\" class=\"wp-image-24463\" src=\"https:\/\/answear.cz\/blog\/wp-content\/uploads\/2024\/03\/inside.jpg\" alt=\"\" srcset=\"https:\/\/answear.cz\/blog\/wp-content\/uploads\/2024\/03\/inside.jpg 860w, https:\/\/answear.cz\/blog\/wp-content\/uploads\/2024\/03\/inside-463x695.jpg 463w, https:\/\/answear.cz\/blog\/wp-content\/uploads\/2024\/03\/inside-768x1152.jpg 768w\" sizes=\"(max-width: 860px) 100vw, 860px\" \/><\/figure>\r\n\r\n\r\n\r\n<figure class=\"wp-block-image size-full\"><img loading=\"lazy\" decoding=\"async\" width=\"860\" height=\"1290\" data-id=\"24462\" class=\"wp-image-24462\" src=\"https:\/\/answear.cz\/blog\/wp-content\/uploads\/2024\/03\/inside_3.jpg\" alt=\"\" srcset=\"https:\/\/answear.cz\/blog\/wp-content\/uploads\/2024\/03\/inside_3.jpg 860w, https:\/\/answear.cz\/blog\/wp-content\/uploads\/2024\/03\/inside_3-463x695.jpg 463w, https:\/\/answear.cz\/blog\/wp-content\/uploads\/2024\/03\/inside_3-768x1152.jpg 768w\" sizes=\"(max-width: 860px) 100vw, 860px\" \/><\/figure>\r\n\r\n<figcaption class=\"blocks-gallery-caption wp-element-caption\"><strong>Objevte stylov\u00e9 <span style=\"text-decoration: underline;\"><a href=\"https:\/\/answear.cz\/k\/ona?q=ramones\" target=\"_blank\" rel=\"noreferrer noopener\">ramonesky<\/a><\/span><\/strong><\/figcaption>\r\n<\/figure>\r\n\r\n\r\n\r\n<p>Pokud se neboj\u00edte v\u00fdrazn\u00fdch outfit\u016f, ur\u010dit\u011b si vyberete z mnoha trendy vzor\u016f. Na k\u016f\u017ei vedou had\u00ed potisky a skvrny (skute\u010dn\u00fd hit sez\u00f3ny jaro-l\u00e9to 2024), kter\u00e9 propaguje mimo jin\u00e9 i Nina Ricci. M\u00f3dn\u00ed jarn\u00ed bundy mohou b\u00fdt velmi \u017eensk\u00e9. Kr\u00e1tk\u00e9 crop topy n\u00e1dhern\u011b zd\u016fraz\u0148uj\u00ed pas a odhaluj\u00ed b\u0159icho. N\u011bkter\u00e9 t\u00e9m\u011b\u0159 nezakr\u00fdvaj\u00ed prsa, jako ty od Atlein. Nejsou p\u0159\u00edli\u0161 praktick\u00e9, ale zaru\u010duj\u00ed elektrizuj\u00edc\u00ed efekt bez ohledu na oble\u010den\u00ed a dopl\u0148ky, kter\u00e9 si vyberete.<\/p>\r\n\r\n\r\n\r\n<h2 class=\"wp-block-heading\">Jak sladit jarn\u00ed bundu s dal\u0161\u00edmi kousky oble\u010den\u00ed?<\/h2>\r\n\r\n\r\n\r\n<p>Trendov\u00e9 bundy o\u017eiv\u00ed v\u00e1\u0161 outfit a z\u00e1rove\u0148 chyt\u0159e &#8222;vpl\u00ed\u017e\u00ed&#8220; trochu aktu\u00e1ln\u00edch trend\u016f do va\u0161eho \u0161atn\u00edku, i kdy\u017e jinka preferujete klasiku. V\u00fdrazn\u00fd kab\u00e1t skv\u011ble lad\u00ed s ka\u017edodenn\u00edmi kousky, od tmav\u00fdch d\u017e\u00edn\u016f po lehkou ko\u0161ili. \u010cern\u00e1 a b\u00edl\u00e1 jsou dvojic\u00ed, kter\u00e1 zajist\u00e9 vytvo\u0159\u00ed spektakul\u00e1rn\u00ed kombinaci, stejn\u011b jako celkov\u00fd vzhled z d\u017e\u00ednoviny.<\/p>\r\n\r\n\r\n\r\n<p>M\u00f3dn\u00ed mola jsou skute\u010dn\u00fdm zdrojem inspirace, kdy\u017e nev\u00edme, co si obl\u00e9knout. Khaki vojensk\u00e1 bomber bunda, dopln\u011bn\u00e1 ko\u017een\u00fdmi kalhoty a objemn\u00fdmi mokas\u00ednami s pono\u017ekami, to je model ze show Celine. Kontrasty jsou \u017e\u00e1douc\u00ed, nebojte se kombinovat vzdu\u0161nou maxi nebo metalickou sukni se v\u0161emi mo\u017en\u00fdmi st\u0159ihy bund.<\/p>\r\n\r\n\r\n\r\n<h2 class=\"wp-block-heading\">Praktick\u00e9 a stylov\u00e9 tipy<\/h2>\r\n\r\n\r\n\r\n<p>Bunda na jaro mus\u00ed b\u00fdt nejen stylov\u00e1, ale tak\u00e9 praktick\u00e1. Po\u010das\u00ed m\u016f\u017ee b\u00fdt v tomto obdob\u00ed nep\u0159edv\u00eddateln\u00e9, tak\u017ee r\u016fzn\u00e9 varianty oble\u010den\u00ed v\u00e1m p\u0159ijdou vhod.<\/p>\r\n\r\n\r\n\r\n<p class=\"kropka\">V de\u0161tiv\u00fdch dnech zvolte parku s kapuc\u00ed nebo jin\u00fd model vyroben\u00fd z vod\u011bodoln\u00e9ho materi\u00e1lu. Jakmile p\u0159ijdou teplej\u0161\u00ed dny, m\u016f\u017eete s jistotou nosit leh\u010d\u00ed typy, jako jsou katany a &#8222;v\u011btrovky&#8220;. Oble\u010dte je p\u0159ehozen\u00e9 p\u0159es tri\u010dka, \u0161aty a mikiny. Trendov\u00e9 bundy pro jaro jsou jak stylov\u00e9, tak funk\u010dn\u00ed, a nov\u00e1 sez\u00f3na n\u00e1m d\u00e1v\u00e1 p\u0159\u00edle\u017eitost pro dopln\u011bn\u00ed na\u0161eho \u0161atn\u00edku.<\/p>\r\n","protected":false},"excerpt":{"rendered":"<p><span class=\"rt-reading-time\" style=\"display: block;\"><span class=\"rt-label rt-prefix\">\u010cten\u00ed na <\/span> <span class=\"rt-time\">4<\/span> <span class=\"rt-label rt-postfix\">minuty<\/span><\/span> Bundy a tren\u010dkoty jsou nepostradatelnou sou\u010d\u00e1st\u00ed na\u0161ich ka\u017edodenn\u00edch outfit\u016f. Zaj\u00edm\u00e1 v\u00e1s, kter\u00e9 trendy budou dominovat v jarn\u00ed sez\u00f3n\u011b 2024? Nab\u00eddka je \u0161irok\u00e1, od osv\u011bd\u010den\u00fdch klasik a\u017e po \u00fapln\u00e9 novinky. V na\u0161em \u017eeb\u0159\u00ed\u010dku jsme prozkoumali modely, do kter\u00fdch se vyplat\u00ed letos investovat.<\/p>\n","protected":false},"author":41,"featured_media":24458,"comment_status":"closed","ping_status":"closed","sticky":false,"template":"","format":"standard","meta":{"footnotes":""},"categories":[686],"tags":[675],"yoast_head":"<!-- This site is optimized with the Yoast SEO plugin v22.0 - https:\/\/yoast.com\/wordpress\/plugins\/seo\/ -->\n<title>Jarn\u00ed inspirace: Stylov\u00e9 bundy pro jaro 2024 - answear.cz blog<\/title>\n<meta name=\"description\" content=\"Jarn\u00ed bundy a tren\u010dkoty jsou nepostradatelnou sou\u010d\u00e1st\u00ed na\u0161ich outfit\u016f. Zaj\u00edm\u00e1 v\u00e1s, kter\u00e9 trendy budou dominovat v jarn\u00ed sez\u00f3n\u011b 2024?\" \/>\n<meta name=\"robots\" content=\"index, follow, max-snippet:-1, max-image-preview:large, max-video-preview:-1\" \/>\n<link rel=\"canonical\" href=\"https:\/\/answear.cz\/blog\/jarni-inspirace-stylove-bundy-pro-jaro-2024\/24457\" \/>\n<meta property=\"og:locale\" content=\"cs_CZ\" \/>\n<meta property=\"og:type\" content=\"article\" \/>\n<meta property=\"og:title\" content=\"Jarn\u00ed inspirace: Stylov\u00e9 bundy pro jaro 2024 - answear.cz blog\" \/>\n<meta property=\"og:description\" content=\"Jarn\u00ed bundy a tren\u010dkoty jsou nepostradatelnou sou\u010d\u00e1st\u00ed na\u0161ich outfit\u016f. Zaj\u00edm\u00e1 v\u00e1s, kter\u00e9 trendy budou dominovat v jarn\u00ed sez\u00f3n\u011b 2024?\" \/>\n<meta property=\"og:url\" content=\"https:\/\/answear.cz\/blog\/jarni-inspirace-stylove-bundy-pro-jaro-2024\/24457\" \/>\n<meta property=\"og:site_name\" content=\"answear.cz blog\" \/>\n<meta property=\"article:published_time\" content=\"2024-03-07T14:56:30+00:00\" \/>\n<meta property=\"og:image\" content=\"https:\/\/answear.cz\/blog\/wp-content\/uploads\/2024\/03\/main-photo.jpg\" \/>\n\t<meta property=\"og:image:width\" content=\"1680\" \/>\n\t<meta property=\"og:image:height\" content=\"680\" \/>\n\t<meta property=\"og:image:type\" content=\"image\/jpeg\" \/>\n<meta name=\"author\" content=\"Katka\" \/>\n<meta name=\"twitter:card\" content=\"summary_large_image\" \/>\n<meta name=\"twitter:label1\" content=\"Napsal(a)\" \/>\n\t<meta name=\"twitter:data1\" content=\"Katka\" \/>\n\t<meta name=\"twitter:label2\" content=\"Odhadovan\u00e1 doba \u010dten\u00ed\" \/>\n\t<meta name=\"twitter:data2\" content=\"5 minut\" \/>\n<script type=\"application\/ld+json\" class=\"yoast-schema-graph\">{\"@context\":\"https:\/\/schema.org\",\"@graph\":[{\"@type\":\"WebPage\",\"@id\":\"https:\/\/answear.cz\/blog\/jarni-inspirace-stylove-bundy-pro-jaro-2024\/24457\",\"url\":\"https:\/\/answear.cz\/blog\/jarni-inspirace-stylove-bundy-pro-jaro-2024\/24457\",\"name\":\"Jarn\u00ed inspirace: Stylov\u00e9 bundy pro jaro 2024 - answear.cz blog\",\"isPartOf\":{\"@id\":\"https:\/\/answear.cz\/blog\/#website\"},\"datePublished\":\"2024-03-07T14:56:30+00:00\",\"dateModified\":\"2024-03-07T14:56:30+00:00\",\"author\":{\"@id\":\"https:\/\/answear.cz\/blog\/#\/schema\/person\/a237d4bbd6d13c21edb92080d19f8675\"},\"description\":\"Jarn\u00ed bundy a tren\u010dkoty jsou nepostradatelnou sou\u010d\u00e1st\u00ed na\u0161ich outfit\u016f. Zaj\u00edm\u00e1 v\u00e1s, kter\u00e9 trendy budou dominovat v jarn\u00ed sez\u00f3n\u011b 2024?\",\"breadcrumb\":{\"@id\":\"https:\/\/answear.cz\/blog\/jarni-inspirace-stylove-bundy-pro-jaro-2024\/24457#breadcrumb\"},\"inLanguage\":\"cs\",\"potentialAction\":[{\"@type\":\"ReadAction\",\"target\":[\"https:\/\/answear.cz\/blog\/jarni-inspirace-stylove-bundy-pro-jaro-2024\/24457\"]}]},{\"@type\":\"BreadcrumbList\",\"@id\":\"https:\/\/answear.cz\/blog\/jarni-inspirace-stylove-bundy-pro-jaro-2024\/24457#breadcrumb\",\"itemListElement\":[{\"@type\":\"ListItem\",\"position\":1,\"name\":\"Dom\u016f\",\"item\":\"https:\/\/answear.cz\/blog\/\"},{\"@type\":\"ListItem\",\"position\":2,\"name\":\"Jarn\u00ed inspirace: Stylov\u00e9 bundy pro jaro 2024\"}]},{\"@type\":\"WebSite\",\"@id\":\"https:\/\/answear.cz\/blog\/#website\",\"url\":\"https:\/\/answear.cz\/blog\/\",\"name\":\"answear.cz blog\",\"description\":\"M\u00f3da, trendy, rady a tipy stylist\u016f, novinky ze sv\u011bta m\u00f3dy. We know the ANSWEAR ;-)\",\"potentialAction\":[{\"@type\":\"SearchAction\",\"target\":{\"@type\":\"EntryPoint\",\"urlTemplate\":\"https:\/\/answear.cz\/blog\/?s={search_term_string}\"},\"query-input\":\"required name=search_term_string\"}],\"inLanguage\":\"cs\"},{\"@type\":\"Person\",\"@id\":\"https:\/\/answear.cz\/blog\/#\/schema\/person\/a237d4bbd6d13c21edb92080d19f8675\",\"name\":\"Katka\",\"image\":{\"@type\":\"ImageObject\",\"inLanguage\":\"cs\",\"@id\":\"https:\/\/answear.cz\/blog\/#\/schema\/person\/image\/\",\"url\":\"https:\/\/secure.gravatar.com\/avatar\/1f72f7de7dac65ea0036d63c7c3fa5f3?s=96&d=mm&r=g\",\"contentUrl\":\"https:\/\/secure.gravatar.com\/avatar\/1f72f7de7dac65ea0036d63c7c3fa5f3?s=96&d=mm&r=g\",\"caption\":\"Katka\"},\"url\":\"https:\/\/answear.cz\/blog\/author\/katerina\"}]}<\/script>\n<!-- \/ Yoast SEO plugin. -->","yoast_head_json":{"title":"Jarn\u00ed inspirace: Stylov\u00e9 bundy pro jaro 2024 - answear.cz blog","description":"Jarn\u00ed bundy a tren\u010dkoty jsou nepostradatelnou sou\u010d\u00e1st\u00ed na\u0161ich outfit\u016f. Zaj\u00edm\u00e1 v\u00e1s, kter\u00e9 trendy budou dominovat v jarn\u00ed sez\u00f3n\u011b 2024?","robots":{"index":"index","follow":"follow","max-snippet":"max-snippet:-1","max-image-preview":"max-image-preview:large","max-video-preview":"max-video-preview:-1"},"canonical":"https:\/\/answear.cz\/blog\/jarni-inspirace-stylove-bundy-pro-jaro-2024\/24457","og_locale":"cs_CZ","og_type":"article","og_title":"Jarn\u00ed inspirace: Stylov\u00e9 bundy pro jaro 2024 - answear.cz blog","og_description":"Jarn\u00ed bundy a tren\u010dkoty jsou nepostradatelnou sou\u010d\u00e1st\u00ed na\u0161ich outfit\u016f. Zaj\u00edm\u00e1 v\u00e1s, kter\u00e9 trendy budou dominovat v jarn\u00ed sez\u00f3n\u011b 2024?","og_url":"https:\/\/answear.cz\/blog\/jarni-inspirace-stylove-bundy-pro-jaro-2024\/24457","og_site_name":"answear.cz blog","article_published_time":"2024-03-07T14:56:30+00:00","og_image":[{"width":1680,"height":680,"url":"https:\/\/answear.cz\/blog\/wp-content\/uploads\/2024\/03\/main-photo.jpg","type":"image\/jpeg"}],"author":"Katka","twitter_card":"summary_large_image","twitter_misc":{"Napsal(a)":"Katka","Odhadovan\u00e1 doba \u010dten\u00ed":"5 minut"},"schema":{"@context":"https:\/\/schema.org","@graph":[{"@type":"WebPage","@id":"https:\/\/answear.cz\/blog\/jarni-inspirace-stylove-bundy-pro-jaro-2024\/24457","url":"https:\/\/answear.cz\/blog\/jarni-inspirace-stylove-bundy-pro-jaro-2024\/24457","name":"Jarn\u00ed inspirace: Stylov\u00e9 bundy pro jaro 2024 - answear.cz blog","isPartOf":{"@id":"https:\/\/answear.cz\/blog\/#website"},"datePublished":"2024-03-07T14:56:30+00:00","dateModified":"2024-03-07T14:56:30+00:00","author":{"@id":"https:\/\/answear.cz\/blog\/#\/schema\/person\/a237d4bbd6d13c21edb92080d19f8675"},"description":"Jarn\u00ed bundy a tren\u010dkoty jsou nepostradatelnou sou\u010d\u00e1st\u00ed na\u0161ich outfit\u016f. Zaj\u00edm\u00e1 v\u00e1s, kter\u00e9 trendy budou dominovat v jarn\u00ed sez\u00f3n\u011b 2024?","breadcrumb":{"@id":"https:\/\/answear.cz\/blog\/jarni-inspirace-stylove-bundy-pro-jaro-2024\/24457#breadcrumb"},"inLanguage":"cs","potentialAction":[{"@type":"ReadAction","target":["https:\/\/answear.cz\/blog\/jarni-inspirace-stylove-bundy-pro-jaro-2024\/24457"]}]},{"@type":"BreadcrumbList","@id":"https:\/\/answear.cz\/blog\/jarni-inspirace-stylove-bundy-pro-jaro-2024\/24457#breadcrumb","itemListElement":[{"@type":"ListItem","position":1,"name":"Dom\u016f","item":"https:\/\/answear.cz\/blog\/"},{"@type":"ListItem","position":2,"name":"Jarn\u00ed inspirace: Stylov\u00e9 bundy pro jaro 2024"}]},{"@type":"WebSite","@id":"https:\/\/answear.cz\/blog\/#website","url":"https:\/\/answear.cz\/blog\/","name":"answear.cz blog","description":"M\u00f3da, trendy, rady a tipy stylist\u016f, novinky ze sv\u011bta m\u00f3dy. We know the ANSWEAR ;-)","potentialAction":[{"@type":"SearchAction","target":{"@type":"EntryPoint","urlTemplate":"https:\/\/answear.cz\/blog\/?s={search_term_string}"},"query-input":"required name=search_term_string"}],"inLanguage":"cs"},{"@type":"Person","@id":"https:\/\/answear.cz\/blog\/#\/schema\/person\/a237d4bbd6d13c21edb92080d19f8675","name":"Katka","image":{"@type":"ImageObject","inLanguage":"cs","@id":"https:\/\/answear.cz\/blog\/#\/schema\/person\/image\/","url":"https:\/\/secure.gravatar.com\/avatar\/1f72f7de7dac65ea0036d63c7c3fa5f3?s=96&d=mm&r=g","contentUrl":"https:\/\/secure.gravatar.com\/avatar\/1f72f7de7dac65ea0036d63c7c3fa5f3?s=96&d=mm&r=g","caption":"Katka"},"url":"https:\/\/answear.cz\/blog\/author\/katerina"}]}},"_links":{"self":[{"href":"https:\/\/answear.cz\/blog\/wp-json\/wp\/v2\/posts\/24457"}],"collection":[{"href":"https:\/\/answear.cz\/blog\/wp-json\/wp\/v2\/posts"}],"about":[{"href":"https:\/\/answear.cz\/blog\/wp-json\/wp\/v2\/types\/post"}],"author":[{"embeddable":true,"href":"https:\/\/answear.cz\/blog\/wp-json\/wp\/v2\/users\/41"}],"replies":[{"embeddable":true,"href":"https:\/\/answear.cz\/blog\/wp-json\/wp\/v2\/comments?post=24457"}],"version-history":[{"count":5,"href":"https:\/\/answear.cz\/blog\/wp-json\/wp\/v2\/posts\/24457\/revisions"}],"predecessor-version":[{"id":24467,"href":"https:\/\/answear.cz\/blog\/wp-json\/wp\/v2\/posts\/24457\/revisions\/24467"}],"wp:featuredmedia":[{"embeddable":true,"href":"https:\/\/answear.cz\/blog\/wp-json\/wp\/v2\/media\/24458"}],"wp:attachment":[{"href":"https:\/\/answear.cz\/blog\/wp-json\/wp\/v2\/media?parent=24457"}],"wp:term":[{"taxonomy":"category","embeddable":true,"href":"https:\/\/answear.cz\/blog\/wp-json\/wp\/v2\/categories?post=24457"},{"taxonomy":"post_tag","embeddable":true,"href":"https:\/\/answear.cz\/blog\/wp-json\/wp\/v2\/tags?post=24457"}],"curies":[{"name":"wp","href":"https:\/\/api.w.org\/{rel}","templated":true}]}}