{"id":24479,"date":"2024-03-14T13:53:54","date_gmt":"2024-03-14T12:53:54","guid":{"rendered":"https:\/\/answear.cz\/blog\/?p=24479"},"modified":"2024-03-14T13:53:54","modified_gmt":"2024-03-14T12:53:54","slug":"modni-panske-trendy-pro-jaro-a-leto-2024","status":"publish","type":"post","link":"https:\/\/answear.cz\/blog\/modni-panske-trendy-pro-jaro-a-leto-2024\/24479","title":{"rendered":"M\u00f3dn\u00ed p\u00e1nsk\u00e9 trendy pro jaro a l\u00e9to 2024"},"content":{"rendered":"<span class=\"rt-reading-time\" style=\"display: block;\"><span class=\"rt-label rt-prefix\">\u010cten\u00ed na <\/span> <span class=\"rt-time\">3<\/span> <span class=\"rt-label rt-postfix\">minuty<\/span><\/span>\r\n<p><strong>Jak\u00e9 jsou trendy, inspirace a must-have kousky, kter\u00e9 byste si nem\u011bli nechat uj\u00edt v nadch\u00e1zej\u00edc\u00ed sez\u00f3n\u011b? M\u00f3dn\u00ed p\u00e1nsk\u00e9 trendy se m\u011bn\u00ed ka\u017edou sez\u00f3nu a my zn\u00e1me ty nejnov\u011bj\u0161\u00ed. M\u00e1me o\u010dek\u00e1vat pokra\u010dov\u00e1n\u00ed n\u00e1vratu stylu 90. Let, nebo se budou trendy ub\u00edrat jin\u00fdm stylem? <\/strong><\/p>\r\n\r\n\r\n\r\n<p><!--more--><\/p>\r\n\r\n\r\n\r\n<p class=\"bigletter\"> P\u0159edev\u0161\u00edm m\u016f\u017eeme o\u010dek\u00e1vat n\u00e1vrat k elegantn\u00edmu a minimalistick\u00e9mu stylu. Takzvan\u00fd tich\u00fd luxus nab\u00edz\u00ed mnoho mo\u017enost\u00ed pro milovn\u00edky p\u00e1nsk\u00e9 m\u00f3dy. Rok 2024 je rokem, kdy vyu\u017eijete dob\u0159e padnouc\u00ed oblek nebo dokonce jenom sako. S\u00e1zkou na jistotu je oble\u010den\u00ed vyroben\u00e9 z kvalitn\u00edch materi\u00e1l\u016f. V trendu budou jak \u00fazk\u00e9 siluety, tak oversized obleky pro mu\u017ee. Ty jsou te\u010f mimochodem mimo\u0159\u00e1dn\u011b m\u00f3dn\u00ed.<\/p>\r\n\r\n\r\n\r\n<p>Mezi nejnov\u011bj\u0161\u00ed trendy v p\u00e1nsk\u00e9 m\u00f3d\u011b pat\u0159\u00ed tak\u00e9 op\u011bt m\u00f3da z 90. let. Grungecore \u2013 ko\u017een\u00e9 bundy, pracovn\u00ed oble\u010den\u00ed, \u0161irok\u00e9 mikiny nebo flanelov\u00e9 ko\u0161ile \u2013 jsou skv\u011blou volbou, pokud preferujete uvoln\u011bn\u011bj\u0161\u00ed styl. Nemus\u00edte se b\u00e1t experimentovat, a co v\u00edc, v takov\u00e9m oble\u010den\u00ed budete vypadat stylov\u011b. Je dost mo\u017en\u00e9, \u017ee u\u017e m\u00e1te n\u011bkter\u00e9 z t\u011bchto kousk\u016f d\u00e1vno ve sv\u00e9m \u0161atn\u00edku.<\/p>\r\n\r\n\r\n\r\n<h2 class=\"wp-block-heading\">N\u00e1vrat k retro stylu: Kl\u00ed\u010dov\u00e9 trendy pro p\u00e1nskou m\u00f3du jarn\u00ed sez\u00f3ny<\/h2>\r\n\r\n\r\n\r\n<p>Co letos m\u00f3du pro mu\u017ee v jarn\u00ed sez\u00f3n\u011b vyzna\u010duje? Je to skv\u011bl\u00e1 p\u0159\u00edle\u017eitost pro n\u00e1vrat k retro stylu. P\u00e1nsk\u00e9 kab\u00e1ty a bundy, evokuj\u00edc\u00ed kultivovan\u00fd \u0161arm anglick\u00e9ho gentlemana, z\u00edsk\u00e1vaj\u00ed na v\u00fdznamu a budou se letos t\u011b\u0161it obrovsk\u00e9 popularit\u011b. B\u00e9\u017eov\u00fd britsk\u00fd kostkovan\u00fd kab\u00e1t je vynikaj\u00edc\u00ed volbou, kter\u00e1 dokonale lad\u00ed s jakoukoliv kombinac\u00ed. \u010c\u00edm jednodu\u0161\u0161\u00ed a klasi\u010dt\u011bj\u0161\u00ed vzor, t\u00edm v\u011bt\u0161\u00ed eleganci a sofistikovanost v sob\u011b skr\u00fdv\u00e1. Jednoduchost a vkus jsou kl\u00ed\u010dov\u00fdmi prvky pro nadch\u00e1zej\u00edc\u00ed sez\u00f3nu.<\/p>\r\n\r\n\r\n\r\n<figure class=\"wp-block-image aligncenter size-large\"><img loading=\"lazy\" decoding=\"async\" width=\"1291\" height=\"695\" class=\"wp-image-24484\" src=\"https:\/\/answear.cz\/blog\/wp-content\/uploads\/2024\/03\/inside-1291x695.png\" alt=\"\" srcset=\"https:\/\/answear.cz\/blog\/wp-content\/uploads\/2024\/03\/inside-1291x695.png 1291w, https:\/\/answear.cz\/blog\/wp-content\/uploads\/2024\/03\/inside-768x414.png 768w, https:\/\/answear.cz\/blog\/wp-content\/uploads\/2024\/03\/inside-1536x827.png 1536w, https:\/\/answear.cz\/blog\/wp-content\/uploads\/2024\/03\/inside-2048x1103.png 2048w\" sizes=\"(max-width: 1291px) 100vw, 1291px\" \/>\r\n<figcaption class=\"wp-element-caption\"><a href=\"https:\/\/answear.cz\/c\/on\" target=\"_blank\" rel=\"noreferrer noopener\"><strong>Objevte p\u00e1nskou m\u00f3du na Answear.cz<\/strong><\/a><\/figcaption>\r\n<\/figure>\r\n\r\n\r\n\r\n<p>Pokud hled\u00e1te kalhoty, vyberte si z n\u011bkolika z\u00e1kladn\u00edch model\u016f. Budou trendy \u0161irok\u00e9 baggy d\u017e\u00edny v r\u016fznorod\u00fdch materi\u00e1lech. Ty, kter\u00fdm se zu\u017euj\u00ed nohavice jsou te\u010f obzvl\u00e1\u0161t\u011b m\u00f3dn\u00ed. M\u016f\u017eete se rozhodnout pro vy\u0161\u0161\u00ed pas, kter\u00fd se hod\u00ed zejm\u00e9na k r\u016fzn\u00fdm model\u016fm pl\u00e1t\u011bn\u00fdch kalhot. V tomto p\u0159\u00edpad\u011b je zkombinujte s elegantn\u00edm p\u00e1skem.<\/p>\r\n\r\n\r\n\r\n<h2 class=\"wp-block-heading\">Nad\u010dasov\u00e9 vs. trendy: Volba mezi klasikou a neonov\u00fdmi barvami v p\u00e1nsk\u00e9 m\u00f3d\u011b<\/h2>\r\n\r\n\r\n\r\n<p>Ide\u00e1ln\u00ed volbou budou klasick\u00e9 barvy, kter\u00e9 se skv\u011ble hod\u00ed do ka\u017ed\u00e9ho outfitu. Nechte se inspirovat \u010dernou, \u0161edou a tmav\u011b modrou, kter\u00e9 jsou v\u017edy elegantn\u00ed a nad\u010dasov\u00e9. S\u00e1zka na tradi\u010dn\u00ed vzory a st\u0159ihy v\u00e1m umo\u017en\u00ed snadno kombinovat takov\u00e9 oble\u010den\u00ed s prakticky jak\u00fdmkoli kouskem ve va\u0161em \u0161atn\u00edku, v\u010detn\u011b t\u011bch z minul\u00fdch sez\u00f3n.<\/p>\r\n\r\n\r\n\r\n<p>Nud\u00ed v\u00e1s klasika? Pak se nebojte neonov\u00fdch barev, kter\u00e9 budou hitem sez\u00f3ny. V\u00fdrazn\u00e9 a oslniv\u00e9 barvy, zejm\u00e9na \u017elut\u00e1 a zelen\u00e1, skv\u011ble lad\u00ed s tradi\u010dn\u00edmi dopl\u0148ky a mohou dodat va\u0161emu outfitu nezapomenuteln\u00fd n\u00e1dech. P\u00e1nsk\u00e9 ko\u0161ile nebo voln\u011bj\u0161\u00ed svetry v t\u011bchto trendy barv\u00e1ch lze skv\u011ble zkombinovat s baggy d\u017e\u00edny nebo oble\u010den\u00edm v pracovn\u00edm stylu, kter\u00e9 je moment\u00e1ln\u011b velmi popul\u00e1rn\u00ed.<\/p>\r\n\r\n\r\n\r\n<p>Nebojte se experimentovat! Sm\u00edch\u00e1n\u00ed tradi\u010dn\u00edch barev s neonov\u00fdmi je jedna v\u011bc. Kombinace dob\u0159e padnouc\u00edch kalhot s volnou flanelovou ko\u0161il\u00ed nebo ko\u017eenou bundou p\u0159in\u00e1\u0161\u00ed dal\u0161\u00ed mo\u017enosti pro zaj\u00edmav\u00e9 outfitov\u00e9 kombinace. Pokud se c\u00edt\u00edte trochu nejist\u011b ohledn\u011b t\u011bchto stylov\u00fdch experiment\u016f, v\u017edy m\u016f\u017eete vsadit na spolehliv\u00fd smart casual look.<\/p>\r\n\r\n\r\n\r\n<p>Elegantn\u00ed a pohodln\u00e9 oble\u010den\u00ed ve voln\u011bj\u0161\u00edm stylu je skv\u011blou volbou jak pro ka\u017edodenn\u00ed no\u0161en\u00ed, tak i pro speci\u00e1ln\u00ed p\u0159\u00edle\u017eitosti, jako jsou pracovn\u00ed sch\u016fzky. V tomto sm\u011bru p\u00e1nsk\u00e1 m\u00f3da oslov\u00ed jak p\u0159\u00edznivce netradi\u010dn\u00edch kombinac\u00ed, tak ty, kte\u0159\u00ed d\u00e1vaj\u00ed p\u0159ednost klasick\u00e9mu stylu.<\/p>\r\n\r\n\r\n\r\n<h2 class=\"wp-block-heading\">P\u00e1nsk\u00e1 m\u00f3da 2024: must-have nadch\u00e1zej\u00edc\u00ed sez\u00f3ny<\/h2>\r\n\r\n\r\n\r\n<p>Ur\u010dit\u011b se vyplat\u00ed investovat do ko\u017een\u00e9 bundy, kter\u00e1 dokonale zapad\u00e1 do stylu grungecore z 90. let. Krom\u011b toho budou skv\u011blou volbou p\u00e1nsk\u00e9 flanelov\u00e9 ko\u0161ile, zejm\u00e9na ty s klasick\u00fdmi vzory, kter\u00e9 p\u016fsob\u00ed velmi zaj\u00edmav\u011b ve spojen\u00ed se sv\u011btl\u00fdmi d\u017e\u00edny. Tyto kousky m\u016f\u017eete vyb\u00edrat jak v tlumen\u00fdch barv\u00e1ch, tak i v z\u00e1\u0159iv\u00fdch odst\u00ednech, av\u0161ak bez pastelov\u00fdch t\u00f3n\u016f.<\/p>\r\n\r\n\r\n\r\n<p>Pokud preferujete elegantn\u00ed styl, rozhodn\u011b vsa\u010fte na p\u00e1nsk\u00fd kab\u00e1t. Model s lehce prodlou\u017een\u00fdm st\u0159ihem, vyroben\u00fd z kvalitn\u00edch materi\u00e1l\u016f a s minimem syntetick\u00fdch vl\u00e1ken, bude fungovat skv\u011ble. Tento kab\u00e1t m\u016f\u017ee m\u00edt jak\u00fdkoli tlumen\u00fd odst\u00edn, av\u0161ak nejlep\u0161\u00ed volbou jsou odst\u00edny \u0161ed\u00e9 a tmav\u011b modr\u00e9, kter\u00e9 skv\u011ble lad\u00ed s prakticky ka\u017ed\u00fdm outfitem.<\/p>\r\n\r\n\r\n\r\n<p class=\"kropka\">Pro v\u0161echny, kte\u0159\u00ed si p\u0159ej\u00ed vypadat stylov\u011b, m\u016f\u017ee b\u00fdt p\u00e1nsk\u00e1 m\u00f3da p\u0159\u00edmo z p\u0159ehl\u00eddkov\u00fdch mol inspirativn\u00ed. Rok 2024 p\u0159in\u00e1\u0161\u00ed n\u00e1vrat mnoha klasick\u00fdch styl\u016f, ale tak\u00e9 n\u011bkolik nov\u00fdch trend\u016f. S tak \u0161irok\u00fdm v\u00fdb\u011brem je snadn\u00e9 naj\u00edt to spr\u00e1vn\u00e9 \u0159e\u0161en\u00ed p\u0159\u00edmo pro v\u00e1s a vytvo\u0159it jedine\u010dn\u00fd outfit.<\/p>\r\n","protected":false},"excerpt":{"rendered":"<p><span class=\"rt-reading-time\" style=\"display: block;\"><span class=\"rt-label rt-prefix\">\u010cten\u00ed na <\/span> <span class=\"rt-time\">3<\/span> <span class=\"rt-label rt-postfix\">minuty<\/span><\/span> Jak\u00e9 jsou trendy, inspirace a must-have kousky, kter\u00e9 byste si nem\u011bli nechat uj\u00edt v nadch\u00e1zej\u00edc\u00ed sez\u00f3n\u011b? M\u00f3dn\u00ed p\u00e1nsk\u00e9 trendy se m\u011bn\u00ed ka\u017edou sez\u00f3nu a my zn\u00e1me ty nejnov\u011bj\u0161\u00ed. M\u00e1me o\u010dek\u00e1vat pokra\u010dov\u00e1n\u00ed n\u00e1vratu stylu 90. Let, nebo se budou trendy ub\u00edrat jin\u00fdm stylem?<\/p>\n","protected":false},"author":41,"featured_media":24482,"comment_status":"closed","ping_status":"closed","sticky":false,"template":"","format":"standard","meta":{"footnotes":""},"categories":[686],"tags":[1073,1025],"yoast_head":"<!-- This site is optimized with the Yoast SEO plugin v22.0 - https:\/\/yoast.com\/wordpress\/plugins\/seo\/ -->\n<title>M\u00f3dn\u00ed p\u00e1nsk\u00e9 trendy pro jaro a l\u00e9to 2024 - answear.cz blog<\/title>\n<meta name=\"description\" content=\"Jak\u00e9 jsou trendy, inspirace a must-have kousky, kter\u00e9 byste si nem\u011bli nechat uj\u00edt v nadch\u00e1zej\u00edc\u00ed sez\u00f3n\u011b? Zn\u00e1me trendy pro jaro-l\u00e9to 2024.\" \/>\n<meta name=\"robots\" content=\"index, follow, max-snippet:-1, max-image-preview:large, max-video-preview:-1\" \/>\n<link rel=\"canonical\" href=\"https:\/\/answear.cz\/blog\/modni-panske-trendy-pro-jaro-a-leto-2024\/24479\" \/>\n<meta property=\"og:locale\" content=\"cs_CZ\" \/>\n<meta property=\"og:type\" content=\"article\" \/>\n<meta property=\"og:title\" content=\"M\u00f3dn\u00ed p\u00e1nsk\u00e9 trendy pro jaro a l\u00e9to 2024 - answear.cz blog\" \/>\n<meta property=\"og:description\" content=\"Jak\u00e9 jsou trendy, inspirace a must-have kousky, kter\u00e9 byste si nem\u011bli nechat uj\u00edt v nadch\u00e1zej\u00edc\u00ed sez\u00f3n\u011b? Zn\u00e1me trendy pro jaro-l\u00e9to 2024.\" \/>\n<meta property=\"og:url\" content=\"https:\/\/answear.cz\/blog\/modni-panske-trendy-pro-jaro-a-leto-2024\/24479\" \/>\n<meta property=\"og:site_name\" content=\"answear.cz blog\" \/>\n<meta property=\"article:published_time\" content=\"2024-03-14T12:53:54+00:00\" \/>\n<meta property=\"og:image\" content=\"https:\/\/answear.cz\/blog\/wp-content\/uploads\/2024\/03\/main_photo.jpg\" \/>\n\t<meta property=\"og:image:width\" content=\"1679\" \/>\n\t<meta property=\"og:image:height\" content=\"680\" \/>\n\t<meta property=\"og:image:type\" content=\"image\/jpeg\" \/>\n<meta name=\"author\" content=\"Katka\" \/>\n<meta name=\"twitter:card\" content=\"summary_large_image\" \/>\n<meta name=\"twitter:label1\" content=\"Napsal(a)\" \/>\n\t<meta name=\"twitter:data1\" content=\"Katka\" \/>\n\t<meta name=\"twitter:label2\" content=\"Odhadovan\u00e1 doba \u010dten\u00ed\" \/>\n\t<meta name=\"twitter:data2\" content=\"4 minuty\" \/>\n<script type=\"application\/ld+json\" class=\"yoast-schema-graph\">{\"@context\":\"https:\/\/schema.org\",\"@graph\":[{\"@type\":\"WebPage\",\"@id\":\"https:\/\/answear.cz\/blog\/modni-panske-trendy-pro-jaro-a-leto-2024\/24479\",\"url\":\"https:\/\/answear.cz\/blog\/modni-panske-trendy-pro-jaro-a-leto-2024\/24479\",\"name\":\"M\u00f3dn\u00ed p\u00e1nsk\u00e9 trendy pro jaro a l\u00e9to 2024 - answear.cz blog\",\"isPartOf\":{\"@id\":\"https:\/\/answear.cz\/blog\/#website\"},\"datePublished\":\"2024-03-14T12:53:54+00:00\",\"dateModified\":\"2024-03-14T12:53:54+00:00\",\"author\":{\"@id\":\"https:\/\/answear.cz\/blog\/#\/schema\/person\/a237d4bbd6d13c21edb92080d19f8675\"},\"description\":\"Jak\u00e9 jsou trendy, inspirace a must-have kousky, kter\u00e9 byste si nem\u011bli nechat uj\u00edt v nadch\u00e1zej\u00edc\u00ed sez\u00f3n\u011b? Zn\u00e1me trendy pro jaro-l\u00e9to 2024.\",\"breadcrumb\":{\"@id\":\"https:\/\/answear.cz\/blog\/modni-panske-trendy-pro-jaro-a-leto-2024\/24479#breadcrumb\"},\"inLanguage\":\"cs\",\"potentialAction\":[{\"@type\":\"ReadAction\",\"target\":[\"https:\/\/answear.cz\/blog\/modni-panske-trendy-pro-jaro-a-leto-2024\/24479\"]}]},{\"@type\":\"BreadcrumbList\",\"@id\":\"https:\/\/answear.cz\/blog\/modni-panske-trendy-pro-jaro-a-leto-2024\/24479#breadcrumb\",\"itemListElement\":[{\"@type\":\"ListItem\",\"position\":1,\"name\":\"Dom\u016f\",\"item\":\"https:\/\/answear.cz\/blog\/\"},{\"@type\":\"ListItem\",\"position\":2,\"name\":\"M\u00f3dn\u00ed p\u00e1nsk\u00e9 trendy pro jaro a l\u00e9to 2024\"}]},{\"@type\":\"WebSite\",\"@id\":\"https:\/\/answear.cz\/blog\/#website\",\"url\":\"https:\/\/answear.cz\/blog\/\",\"name\":\"answear.cz blog\",\"description\":\"M\u00f3da, trendy, rady a tipy stylist\u016f, novinky ze sv\u011bta m\u00f3dy. We know the ANSWEAR ;-)\",\"potentialAction\":[{\"@type\":\"SearchAction\",\"target\":{\"@type\":\"EntryPoint\",\"urlTemplate\":\"https:\/\/answear.cz\/blog\/?s={search_term_string}\"},\"query-input\":\"required name=search_term_string\"}],\"inLanguage\":\"cs\"},{\"@type\":\"Person\",\"@id\":\"https:\/\/answear.cz\/blog\/#\/schema\/person\/a237d4bbd6d13c21edb92080d19f8675\",\"name\":\"Katka\",\"image\":{\"@type\":\"ImageObject\",\"inLanguage\":\"cs\",\"@id\":\"https:\/\/answear.cz\/blog\/#\/schema\/person\/image\/\",\"url\":\"https:\/\/secure.gravatar.com\/avatar\/1f72f7de7dac65ea0036d63c7c3fa5f3?s=96&d=mm&r=g\",\"contentUrl\":\"https:\/\/secure.gravatar.com\/avatar\/1f72f7de7dac65ea0036d63c7c3fa5f3?s=96&d=mm&r=g\",\"caption\":\"Katka\"},\"url\":\"https:\/\/answear.cz\/blog\/author\/katerina\"}]}<\/script>\n<!-- \/ Yoast SEO plugin. -->","yoast_head_json":{"title":"M\u00f3dn\u00ed p\u00e1nsk\u00e9 trendy pro jaro a l\u00e9to 2024 - answear.cz blog","description":"Jak\u00e9 jsou trendy, inspirace a must-have kousky, kter\u00e9 byste si nem\u011bli nechat uj\u00edt v nadch\u00e1zej\u00edc\u00ed sez\u00f3n\u011b? Zn\u00e1me trendy pro jaro-l\u00e9to 2024.","robots":{"index":"index","follow":"follow","max-snippet":"max-snippet:-1","max-image-preview":"max-image-preview:large","max-video-preview":"max-video-preview:-1"},"canonical":"https:\/\/answear.cz\/blog\/modni-panske-trendy-pro-jaro-a-leto-2024\/24479","og_locale":"cs_CZ","og_type":"article","og_title":"M\u00f3dn\u00ed p\u00e1nsk\u00e9 trendy pro jaro a l\u00e9to 2024 - answear.cz blog","og_description":"Jak\u00e9 jsou trendy, inspirace a must-have kousky, kter\u00e9 byste si nem\u011bli nechat uj\u00edt v nadch\u00e1zej\u00edc\u00ed sez\u00f3n\u011b? Zn\u00e1me trendy pro jaro-l\u00e9to 2024.","og_url":"https:\/\/answear.cz\/blog\/modni-panske-trendy-pro-jaro-a-leto-2024\/24479","og_site_name":"answear.cz blog","article_published_time":"2024-03-14T12:53:54+00:00","og_image":[{"width":1679,"height":680,"url":"https:\/\/answear.cz\/blog\/wp-content\/uploads\/2024\/03\/main_photo.jpg","type":"image\/jpeg"}],"author":"Katka","twitter_card":"summary_large_image","twitter_misc":{"Napsal(a)":"Katka","Odhadovan\u00e1 doba \u010dten\u00ed":"4 minuty"},"schema":{"@context":"https:\/\/schema.org","@graph":[{"@type":"WebPage","@id":"https:\/\/answear.cz\/blog\/modni-panske-trendy-pro-jaro-a-leto-2024\/24479","url":"https:\/\/answear.cz\/blog\/modni-panske-trendy-pro-jaro-a-leto-2024\/24479","name":"M\u00f3dn\u00ed p\u00e1nsk\u00e9 trendy pro jaro a l\u00e9to 2024 - answear.cz blog","isPartOf":{"@id":"https:\/\/answear.cz\/blog\/#website"},"datePublished":"2024-03-14T12:53:54+00:00","dateModified":"2024-03-14T12:53:54+00:00","author":{"@id":"https:\/\/answear.cz\/blog\/#\/schema\/person\/a237d4bbd6d13c21edb92080d19f8675"},"description":"Jak\u00e9 jsou trendy, inspirace a must-have kousky, kter\u00e9 byste si nem\u011bli nechat uj\u00edt v nadch\u00e1zej\u00edc\u00ed sez\u00f3n\u011b? Zn\u00e1me trendy pro jaro-l\u00e9to 2024.","breadcrumb":{"@id":"https:\/\/answear.cz\/blog\/modni-panske-trendy-pro-jaro-a-leto-2024\/24479#breadcrumb"},"inLanguage":"cs","potentialAction":[{"@type":"ReadAction","target":["https:\/\/answear.cz\/blog\/modni-panske-trendy-pro-jaro-a-leto-2024\/24479"]}]},{"@type":"BreadcrumbList","@id":"https:\/\/answear.cz\/blog\/modni-panske-trendy-pro-jaro-a-leto-2024\/24479#breadcrumb","itemListElement":[{"@type":"ListItem","position":1,"name":"Dom\u016f","item":"https:\/\/answear.cz\/blog\/"},{"@type":"ListItem","position":2,"name":"M\u00f3dn\u00ed p\u00e1nsk\u00e9 trendy pro jaro a l\u00e9to 2024"}]},{"@type":"WebSite","@id":"https:\/\/answear.cz\/blog\/#website","url":"https:\/\/answear.cz\/blog\/","name":"answear.cz blog","description":"M\u00f3da, trendy, rady a tipy stylist\u016f, novinky ze sv\u011bta m\u00f3dy. We know the ANSWEAR ;-)","potentialAction":[{"@type":"SearchAction","target":{"@type":"EntryPoint","urlTemplate":"https:\/\/answear.cz\/blog\/?s={search_term_string}"},"query-input":"required name=search_term_string"}],"inLanguage":"cs"},{"@type":"Person","@id":"https:\/\/answear.cz\/blog\/#\/schema\/person\/a237d4bbd6d13c21edb92080d19f8675","name":"Katka","image":{"@type":"ImageObject","inLanguage":"cs","@id":"https:\/\/answear.cz\/blog\/#\/schema\/person\/image\/","url":"https:\/\/secure.gravatar.com\/avatar\/1f72f7de7dac65ea0036d63c7c3fa5f3?s=96&d=mm&r=g","contentUrl":"https:\/\/secure.gravatar.com\/avatar\/1f72f7de7dac65ea0036d63c7c3fa5f3?s=96&d=mm&r=g","caption":"Katka"},"url":"https:\/\/answear.cz\/blog\/author\/katerina"}]}},"_links":{"self":[{"href":"https:\/\/answear.cz\/blog\/wp-json\/wp\/v2\/posts\/24479"}],"collection":[{"href":"https:\/\/answear.cz\/blog\/wp-json\/wp\/v2\/posts"}],"about":[{"href":"https:\/\/answear.cz\/blog\/wp-json\/wp\/v2\/types\/post"}],"author":[{"embeddable":true,"href":"https:\/\/answear.cz\/blog\/wp-json\/wp\/v2\/users\/41"}],"replies":[{"embeddable":true,"href":"https:\/\/answear.cz\/blog\/wp-json\/wp\/v2\/comments?post=24479"}],"version-history":[{"count":8,"href":"https:\/\/answear.cz\/blog\/wp-json\/wp\/v2\/posts\/24479\/revisions"}],"predecessor-version":[{"id":24489,"href":"https:\/\/answear.cz\/blog\/wp-json\/wp\/v2\/posts\/24479\/revisions\/24489"}],"wp:featuredmedia":[{"embeddable":true,"href":"https:\/\/answear.cz\/blog\/wp-json\/wp\/v2\/media\/24482"}],"wp:attachment":[{"href":"https:\/\/answear.cz\/blog\/wp-json\/wp\/v2\/media?parent=24479"}],"wp:term":[{"taxonomy":"category","embeddable":true,"href":"https:\/\/answear.cz\/blog\/wp-json\/wp\/v2\/categories?post=24479"},{"taxonomy":"post_tag","embeddable":true,"href":"https:\/\/answear.cz\/blog\/wp-json\/wp\/v2\/tags?post=24479"}],"curies":[{"name":"wp","href":"https:\/\/api.w.org\/{rel}","templated":true}]}}