{"id":24492,"date":"2024-03-19T14:03:58","date_gmt":"2024-03-19T13:03:58","guid":{"rendered":"https:\/\/answear.cz\/blog\/?p=24492"},"modified":"2024-03-19T14:09:49","modified_gmt":"2024-03-19T13:09:49","slug":"tipy-na-svatebni-styling-a-saty-pro-rok-2024","status":"publish","type":"post","link":"https:\/\/answear.cz\/blog\/tipy-na-svatebni-styling-a-saty-pro-rok-2024\/24492","title":{"rendered":"Tipy na svatebn\u00ed styling a \u0161aty pro rok 2024"},"content":{"rendered":"<span class=\"rt-reading-time\" style=\"display: block;\"><span class=\"rt-label rt-prefix\">\u010cten\u00ed na <\/span> <span class=\"rt-time\">4<\/span> <span class=\"rt-label rt-postfix\">minuty<\/span><\/span>\n<p><strong>Tak\u00e9 jste obdr\u017eeli s nad\u0161en\u00edm pozv\u00e1nku na svatbu va\u0161ich nejbli\u017e\u0161\u00edch, ale l\u00e1mete si hlavu, co na sebe? Bl\u00ed\u017e\u00ed se obdob\u00ed svatebn\u00ed sez\u00f3ny a s t\u00edm i ot\u00e1zka, co na sebe? Jak se obl\u00e9knout, abyste vypadali elegantn\u011b a m\u00f3dn\u011b z\u00e1rove\u0148? Poj\u010fme zjistit, co na to \u0159\u00edkaj\u00ed stylist\u00e9. <\/strong><\/p>\n\n\n\n<p><!--more--><\/p>\n\n\n\n<h2 class=\"wp-block-heading\">Elegance a pravidla: Jak se obl\u00e9ci na svatbu jako host?<\/h2>\n\n\n\n<p class=\"bigletter\">Svatebn\u00ed styling se \u0159\u00edd\u00ed sv\u00fdmi pravidly i pro hosty. Pamatujte na jedno zlat\u00e9 pravidlo: nev\u011bsta by m\u011bla b\u00fdt v\u017edy ve st\u0159edu pozornosti. Proto se obvykle nedoporu\u010duje nosit b\u00edl\u00e9 oble\u010den\u00ed, kter\u00e9 by mohlo odv\u00e9st pozornost od nejd\u016fle\u017eit\u011bj\u0161\u00ed \u017eeny dne. Volte v\u017edy elegantn\u00ed \u0161aty, kter\u00e9 jsou vhodn\u00e9 pro danou ud\u00e1lost.<\/p>\n\n\n\n<p>P\u0159i v\u00fdb\u011bru d\u00e1msk\u00fdch \u0161at\u016f je d\u016fle\u017eit\u00e9 br\u00e1t v \u00favahu i dal\u0161\u00ed faktory. Svatebn\u00ed ob\u0159ad m\u016f\u017ee prob\u00edhat jak v chladn\u00fdch zimn\u00edch m\u011bs\u00edc\u00edch, tak i v hork\u00e9m l\u00e9t\u011b. Proto v\u017edy v\u011bnujte pozornost l\u00e1tce. Tenk\u00e9 a lehk\u00e9 materi\u00e1ly jsou ide\u00e1ln\u00ed volbou pro teplej\u0161\u00ed dny, av\u0161ak pro chladn\u011bj\u0161\u00ed po\u010das\u00ed existuj\u00ed tak\u00e9 zaj\u00edmav\u00e9 mo\u017enosti, kter\u00e9 jsou pohodln\u00e9 a z\u00e1rove\u0148 dostate\u010dn\u011b elegantn\u00ed. Krom\u011b toho je d\u016fle\u017eit\u00e9, abyste vyb\u00edrali st\u0159ihy \u0161at\u016f podle va\u0161\u00ed postavy, i kdy\u017e se jedn\u00e1 o nejnov\u011bj\u0161\u00ed m\u00f3dn\u00ed trendy.<\/p>\n\n\n<div class=\"wp-block-image\">\n<figure class=\"aligncenter size-full\"><img loading=\"lazy\" decoding=\"async\" width=\"2600\" height=\"1400\" src=\"https:\/\/answear.cz\/blog\/wp-content\/uploads\/2024\/03\/inside_1.png\" alt=\"\" class=\"wp-image-24497\" srcset=\"https:\/\/answear.cz\/blog\/wp-content\/uploads\/2024\/03\/inside_1.png 2600w, https:\/\/answear.cz\/blog\/wp-content\/uploads\/2024\/03\/inside_1-1291x695.png 1291w, https:\/\/answear.cz\/blog\/wp-content\/uploads\/2024\/03\/inside_1-768x414.png 768w, https:\/\/answear.cz\/blog\/wp-content\/uploads\/2024\/03\/inside_1-1536x827.png 1536w, https:\/\/answear.cz\/blog\/wp-content\/uploads\/2024\/03\/inside_1-2048x1103.png 2048w\" sizes=\"(max-width: 2600px) 100vw, 2600px\" \/><figcaption class=\"wp-element-caption\"><a href=\"https:\/\/answear.cz\/k\/ona\/obleceni\/saty?vlastnost=Pr%C3%ADle%C5%BEitosti.p%C3%A1rty&amp;zna%C4%8Dka=Pinko\" target=\"_blank\" rel=\"noreferrer noopener\"><strong>Objevte \u0161aty zna\u010dky PINKO na Answear.cz<\/strong><\/a><\/figcaption><\/figure><\/div>\n\n\n<h2 class=\"wp-block-heading\">Elegance a st\u0159\u00eddm\u00fd styl: Tipy na dopln\u011bn\u00ed svatebn\u00edho outfitu pro hosty<\/h2>\n\n\n\n<p>Kl\u00ed\u010dov\u00fdm prvkem je, abyste v\u017edy mysleli na eleganci a st\u0159\u00eddmost. Nep\u0159eh\u00e1n\u011bjte to s leskem a extravaganc\u00ed. Pokud si vyberete vzorovan\u00e9 \u0161aty, dopl\u0148te je sp\u00ed\u0161e s tlumen\u00fdmi dopl\u0148ky, kter\u00e9 podtrhnou z\u00e1kladn\u00ed barvu \u0161at\u016f. Naopak k jednobarevn\u00fdm \u0161at\u016fm m\u016f\u017eete sladit barevn\u011bj\u0161\u00ed nebo honosn\u011bj\u0161\u00ed dopl\u0148ky. Ani zde to v\u0161ak nep\u0159eh\u00e1n\u011bjte, p\u0159\u00edli\u0161 mnoho dopl\u0148k\u016f bude p\u016fsobit sm\u011b\u0161n\u011b a odvede pozornost od \u0161at\u016f. M\u00e9n\u011b m\u016f\u017ee b\u00fdt \u010dasto v\u00edce.<\/p>\n\n\n\n<p>Nezapome\u0148te tak\u00e9 na funk\u010dn\u00ed dopl\u0148ky. Kabelka je nenahraditeln\u00fdm dopl\u0148kem k svatebn\u00edmu outfitu, m\u011bla by b\u00fdt mal\u00e1, ale dostate\u010dn\u011b prostorn\u00e1, aby se do n\u00ed ve\u0161lo t\u0159eba zrc\u00e1tko, kapesn\u00ed\u010dky a nap\u0159\u00edklad rt\u011bnka na \u00fapravu make-upu po j\u00eddle. V\u00fdb\u011br kabelky v\u017edy p\u0159izp\u016fsobte va\u0161im preferenc\u00edm a celkov\u00e9mu vzhledu \u0161at\u016f. Kombinujte styly, ale s rozumem, abyste to nep\u0159ehnali.<\/p>\n\n\n\n<figure class=\"wp-block-image size-full\"><img loading=\"lazy\" decoding=\"async\" width=\"2600\" height=\"1400\" src=\"https:\/\/answear.cz\/blog\/wp-content\/uploads\/2024\/03\/inside_2-1.png\" alt=\"\" class=\"wp-image-24505\" srcset=\"https:\/\/answear.cz\/blog\/wp-content\/uploads\/2024\/03\/inside_2-1.png 2600w, https:\/\/answear.cz\/blog\/wp-content\/uploads\/2024\/03\/inside_2-1-1291x695.png 1291w, https:\/\/answear.cz\/blog\/wp-content\/uploads\/2024\/03\/inside_2-1-768x414.png 768w, https:\/\/answear.cz\/blog\/wp-content\/uploads\/2024\/03\/inside_2-1-1536x827.png 1536w, https:\/\/answear.cz\/blog\/wp-content\/uploads\/2024\/03\/inside_2-1-2048x1103.png 2048w\" sizes=\"(max-width: 2600px) 100vw, 2600px\" \/><\/figure>\n\n\n\n<p><p>D\u016fle\u017eit\u00e9 je abyste pamatovali tak\u00e9 na pohodl\u00ed. Stylov\u00e9 \u0161aty na svatbu by sice m\u011bly b\u00fdt elegantn\u00ed a vhodn\u00e9 pro danou p\u0159\u00edle\u017eitost, ale z\u00e1rove\u0148 se v nich mus\u00edte po cel\u00fd den c\u00edtit dob\u0159e. Nezapome\u0148te, \u017ee v nich nebudete jen sed\u011bt a j\u00edst, ale t\u0159eba tak\u00e9 tan\u010dit. Ud\u011blejte v\u0161e pro to, abyste si tento den s va\u0161imi bl\u00edzk\u00fdmi po\u0159\u00e1dn\u011b u\u017eili.<\/p> <\/p>\n\n\n\n<h2 class=\"wp-block-heading\">Pastelov\u00e9 okouzlen\u00ed: Trendy barvy pro svatebn\u00ed styling v roce 2024<\/h2>\n\n\n\n<p>Svatebn\u00ed styling v roce 2024 je ve znamen\u00ed pastelov\u00fdch, jemn\u00fdch barev. Vsadit m\u016f\u017eete na velmi p\u0159\u00edjemn\u00fd, p\u0159irozen\u00fd, broskvov\u00fd odst\u00edn Peach Fuzz. Skv\u011ble lad\u00ed s v\u011bt\u0161inou st\u0159ih\u016f, ale ujist\u011bte se, \u017ee se barva hod\u00ed i k t\u00f3nu va\u0161\u00ed pleti. Pokud d\u00e1v\u00e1te p\u0159ednost jin\u00fdm odst\u00edn\u016fm, v m\u00f3d\u011b budou st\u00e1le klasick\u00e9 odst\u00edny r\u016f\u017eov\u00e9 nebo kr\u00e9mov\u00e9.<\/p>\n\n\n\n<p>Pro ty, kdo hledaj\u00ed v\u00fdrazn\u011bj\u0161\u00ed kreace, m\u00e1me dobrou zpr\u00e1vu. D\u00e1msk\u00e9 \u0161aty v intenzivn\u00ed \u010derven\u00e9 barv\u011b nebo s propracovan\u00fdmi vzory jsou tuto sez\u00f3nu trendy! Je v\u0161ak d\u016fle\u017eit\u00e9 db\u00e1t na vyv\u00e1\u017eenost dopl\u0148k\u016f, aby nezast\u00ednily \u0161aty a nevytvo\u0159ily p\u0159\u00edli\u0161 v\u00fdrazn\u00fd dojem.<\/p>\n\n\n\n<p>Zaj\u00edmavou volbou jsou tak\u00e9 \u0161aty ve stylu boho. Skv\u011ble se hod\u00ed na oslavy ve voln\u011bj\u0161\u00edm stylu. Pokud se chyst\u00e1te na svatbu nap\u0159\u00edklad na pl\u00e1\u017ei nebo v p\u0159\u00edrod\u011b, ur\u010dit\u011b zvolte tento styl. Maj\u00ed tak\u00e9 dal\u0161\u00ed d\u016fle\u017eitou v\u00fdhodu: jsou velmi pohodln\u00e9. Z tohoto d\u016fvodu je ocen\u00edte zejm\u00e9na v l\u00e9t\u011b, kdy se m\u016f\u017eete v p\u0159il\u00e9hav\u00fdch \u0161atech c\u00edtit nepohodln\u011b.<\/p>\n\n\n\n<h2 class=\"wp-block-heading\">Svatebn\u00ed \u0161aty 2024: Inspirace a rady stylist\u016f<\/h2>\n\n\n\n<p>Pokud m\u00e1te postavu hru\u0161ky a nejste si jist\u00e1 jak\u00fd st\u0159ih zvolit, vsa\u010fte na \u0161aty, kter\u00e9 se dole roz\u0161i\u0159uj\u00ed. T\u00edm odvedete \u010d\u00e1st pozornosti od nedostatk\u016f sv\u00e9 postavy. Pokud chcete zd\u016fraznit sv\u00e9 nohy, zvolte model t\u011bsn\u011b nad kolena. Je to tak\u00e9 skv\u011bl\u00e1 volba, pokud si mysl\u00edte, \u017ee m\u00e1te p\u0159\u00edli\u0161 v\u00fdrazn\u00e9 boky.<\/p>\n\n\n\n<p>I v roce 2024 budou st\u00e1le v m\u00f3d\u011b maxi \u0161aty. M\u016f\u017eete si vybrat dlouh\u00e9, voln\u011b padnouc\u00ed \u0161aty, nebo naopak \u0161aty, kter\u00e9 se t\u011bsn\u011b p\u0159izp\u016fsob\u00ed va\u0161\u00ed postav\u011b. V\u0161e z\u00e1le\u017e\u00ed na va\u0161ich preferenc\u00edch. Tato d\u00e9lka bude skv\u011bl\u00e1 t\u00e9m\u011b\u0159 pro ka\u017edou postavu, s v\u00fdjimkou velmi mal\u00fdch \u017een. Pak se vyplat\u00ed zvolit krat\u0161\u00ed st\u0159ih a tak\u00e9 vysok\u00e9 podpatky, kter\u00e9 va\u0161i postavu opticky prodlou\u017e\u00ed.<\/p>\n\n\n\n<p class=\"kropka\">A\u0165 u\u017e si pro svatbu vyberete jak\u00fdkoli styl, je d\u016fle\u017eit\u00e9, abyste se v n\u011bm c\u00edtili dob\u0159e. Komfort a pohodl\u00ed jsou kl\u00ed\u010dov\u00e9 a nelze je podcenit. Vyb\u00edrejte \u0161aty podle sv\u00e9 postavy a charakteru svatebn\u00ed ud\u00e1losti, abyste v\u017edy vypadali elegantn\u011b a stylov\u011b.<\/p>\n","protected":false},"excerpt":{"rendered":"<p><span class=\"rt-reading-time\" style=\"display: block;\"><span class=\"rt-label rt-prefix\">\u010cten\u00ed na <\/span> <span class=\"rt-time\">4<\/span> <span class=\"rt-label rt-postfix\">minuty<\/span><\/span> Tak\u00e9 jste obdr\u017eeli s nad\u0161en\u00edm pozv\u00e1nku na svatbu va\u0161ich nejbli\u017e\u0161\u00edch, ale l\u00e1mete si hlavu, co na sebe? Bl\u00ed\u017e\u00ed se obdob\u00ed svatebn\u00ed sez\u00f3ny a s t\u00edm i ot\u00e1zka, co na sebe? Jak se obl\u00e9knout, abyste vypadali elegantn\u011b a m\u00f3dn\u011b z\u00e1rove\u0148? Co je vhodn\u00e9 nosit a co ne? Poj\u010fme zjistit, co na to \u0159\u00edkaj\u00ed stylist\u00e9.<\/p>\n","protected":false},"author":41,"featured_media":24494,"comment_status":"closed","ping_status":"closed","sticky":false,"template":"","format":"standard","meta":{"footnotes":""},"categories":[686],"tags":[923],"yoast_head":"<!-- This site is optimized with the Yoast SEO plugin v22.0 - https:\/\/yoast.com\/wordpress\/plugins\/seo\/ -->\n<title>Tipy na svatebn\u00ed styling a \u0161aty pro rok 2024 - answear.cz blog<\/title>\n<meta name=\"description\" content=\"Tak\u00e9 jste obdr\u017eeli s nad\u0161en\u00edm pozv\u00e1nku na svatbu va\u0161ich nejbli\u017e\u0161\u00edch, ale l\u00e1mete si hlavu, co na sebe? Bl\u00ed\u017e\u00ed se obdob\u00ed svatebn\u00ed sez\u00f3ny a s t\u00edm i ot\u00e1zka, co na sebe? Jak se obl\u00e9knout, abyste vypadali elegantn\u011b a m\u00f3dn\u011b z\u00e1rove\u0148? Co je vhodn\u00e9 nosit a co ne? Poj\u010fme zjistit, co na to \u0159\u00edkaj\u00ed stylist\u00e9.\" \/>\n<meta name=\"robots\" content=\"index, follow, max-snippet:-1, max-image-preview:large, max-video-preview:-1\" \/>\n<link rel=\"canonical\" href=\"https:\/\/answear.cz\/blog\/tipy-na-svatebni-styling-a-saty-pro-rok-2024\/24492\" \/>\n<meta property=\"og:locale\" content=\"cs_CZ\" \/>\n<meta property=\"og:type\" content=\"article\" \/>\n<meta property=\"og:title\" content=\"Tipy na svatebn\u00ed styling a \u0161aty pro rok 2024 - answear.cz blog\" \/>\n<meta property=\"og:description\" content=\"Tak\u00e9 jste obdr\u017eeli s nad\u0161en\u00edm pozv\u00e1nku na svatbu va\u0161ich nejbli\u017e\u0161\u00edch, ale l\u00e1mete si hlavu, co na sebe? Bl\u00ed\u017e\u00ed se obdob\u00ed svatebn\u00ed sez\u00f3ny a s t\u00edm i ot\u00e1zka, co na sebe? Jak se obl\u00e9knout, abyste vypadali elegantn\u011b a m\u00f3dn\u011b z\u00e1rove\u0148? Co je vhodn\u00e9 nosit a co ne? Poj\u010fme zjistit, co na to \u0159\u00edkaj\u00ed stylist\u00e9.\" \/>\n<meta property=\"og:url\" content=\"https:\/\/answear.cz\/blog\/tipy-na-svatebni-styling-a-saty-pro-rok-2024\/24492\" \/>\n<meta property=\"og:site_name\" content=\"answear.cz blog\" \/>\n<meta property=\"article:published_time\" content=\"2024-03-19T13:03:58+00:00\" \/>\n<meta property=\"article:modified_time\" content=\"2024-03-19T13:09:49+00:00\" \/>\n<meta property=\"og:image\" content=\"https:\/\/answear.cz\/blog\/wp-content\/uploads\/2024\/03\/main-photo-1.jpg\" \/>\n\t<meta property=\"og:image:width\" content=\"1708\" \/>\n\t<meta property=\"og:image:height\" content=\"690\" \/>\n\t<meta property=\"og:image:type\" content=\"image\/jpeg\" \/>\n<meta name=\"author\" content=\"Katka\" \/>\n<meta name=\"twitter:card\" content=\"summary_large_image\" \/>\n<meta name=\"twitter:label1\" content=\"Napsal(a)\" \/>\n\t<meta name=\"twitter:data1\" content=\"Katka\" \/>\n\t<meta name=\"twitter:label2\" content=\"Odhadovan\u00e1 doba \u010dten\u00ed\" \/>\n\t<meta name=\"twitter:data2\" content=\"5 minut\" \/>\n<script type=\"application\/ld+json\" class=\"yoast-schema-graph\">{\"@context\":\"https:\/\/schema.org\",\"@graph\":[{\"@type\":\"WebPage\",\"@id\":\"https:\/\/answear.cz\/blog\/tipy-na-svatebni-styling-a-saty-pro-rok-2024\/24492\",\"url\":\"https:\/\/answear.cz\/blog\/tipy-na-svatebni-styling-a-saty-pro-rok-2024\/24492\",\"name\":\"Tipy na svatebn\u00ed styling a \u0161aty pro rok 2024 - answear.cz blog\",\"isPartOf\":{\"@id\":\"https:\/\/answear.cz\/blog\/#website\"},\"datePublished\":\"2024-03-19T13:03:58+00:00\",\"dateModified\":\"2024-03-19T13:09:49+00:00\",\"author\":{\"@id\":\"https:\/\/answear.cz\/blog\/#\/schema\/person\/a237d4bbd6d13c21edb92080d19f8675\"},\"description\":\"Tak\u00e9 jste obdr\u017eeli s nad\u0161en\u00edm pozv\u00e1nku na svatbu va\u0161ich nejbli\u017e\u0161\u00edch, ale l\u00e1mete si hlavu, co na sebe? Bl\u00ed\u017e\u00ed se obdob\u00ed svatebn\u00ed sez\u00f3ny a s t\u00edm i ot\u00e1zka, co na sebe? Jak se obl\u00e9knout, abyste vypadali elegantn\u011b a m\u00f3dn\u011b z\u00e1rove\u0148? Co je vhodn\u00e9 nosit a co ne? Poj\u010fme zjistit, co na to \u0159\u00edkaj\u00ed stylist\u00e9.\",\"breadcrumb\":{\"@id\":\"https:\/\/answear.cz\/blog\/tipy-na-svatebni-styling-a-saty-pro-rok-2024\/24492#breadcrumb\"},\"inLanguage\":\"cs\",\"potentialAction\":[{\"@type\":\"ReadAction\",\"target\":[\"https:\/\/answear.cz\/blog\/tipy-na-svatebni-styling-a-saty-pro-rok-2024\/24492\"]}]},{\"@type\":\"BreadcrumbList\",\"@id\":\"https:\/\/answear.cz\/blog\/tipy-na-svatebni-styling-a-saty-pro-rok-2024\/24492#breadcrumb\",\"itemListElement\":[{\"@type\":\"ListItem\",\"position\":1,\"name\":\"Dom\u016f\",\"item\":\"https:\/\/answear.cz\/blog\/\"},{\"@type\":\"ListItem\",\"position\":2,\"name\":\"Tipy na svatebn\u00ed styling a \u0161aty pro rok 2024\"}]},{\"@type\":\"WebSite\",\"@id\":\"https:\/\/answear.cz\/blog\/#website\",\"url\":\"https:\/\/answear.cz\/blog\/\",\"name\":\"answear.cz blog\",\"description\":\"M\u00f3da, trendy, rady a tipy stylist\u016f, novinky ze sv\u011bta m\u00f3dy. We know the ANSWEAR ;-)\",\"potentialAction\":[{\"@type\":\"SearchAction\",\"target\":{\"@type\":\"EntryPoint\",\"urlTemplate\":\"https:\/\/answear.cz\/blog\/?s={search_term_string}\"},\"query-input\":\"required name=search_term_string\"}],\"inLanguage\":\"cs\"},{\"@type\":\"Person\",\"@id\":\"https:\/\/answear.cz\/blog\/#\/schema\/person\/a237d4bbd6d13c21edb92080d19f8675\",\"name\":\"Katka\",\"image\":{\"@type\":\"ImageObject\",\"inLanguage\":\"cs\",\"@id\":\"https:\/\/answear.cz\/blog\/#\/schema\/person\/image\/\",\"url\":\"https:\/\/secure.gravatar.com\/avatar\/1f72f7de7dac65ea0036d63c7c3fa5f3?s=96&d=mm&r=g\",\"contentUrl\":\"https:\/\/secure.gravatar.com\/avatar\/1f72f7de7dac65ea0036d63c7c3fa5f3?s=96&d=mm&r=g\",\"caption\":\"Katka\"},\"url\":\"https:\/\/answear.cz\/blog\/author\/katerina\"}]}<\/script>\n<!-- \/ Yoast SEO plugin. -->","yoast_head_json":{"title":"Tipy na svatebn\u00ed styling a \u0161aty pro rok 2024 - answear.cz blog","description":"Tak\u00e9 jste obdr\u017eeli s nad\u0161en\u00edm pozv\u00e1nku na svatbu va\u0161ich nejbli\u017e\u0161\u00edch, ale l\u00e1mete si hlavu, co na sebe? Bl\u00ed\u017e\u00ed se obdob\u00ed svatebn\u00ed sez\u00f3ny a s t\u00edm i ot\u00e1zka, co na sebe? Jak se obl\u00e9knout, abyste vypadali elegantn\u011b a m\u00f3dn\u011b z\u00e1rove\u0148? Co je vhodn\u00e9 nosit a co ne? Poj\u010fme zjistit, co na to \u0159\u00edkaj\u00ed stylist\u00e9.","robots":{"index":"index","follow":"follow","max-snippet":"max-snippet:-1","max-image-preview":"max-image-preview:large","max-video-preview":"max-video-preview:-1"},"canonical":"https:\/\/answear.cz\/blog\/tipy-na-svatebni-styling-a-saty-pro-rok-2024\/24492","og_locale":"cs_CZ","og_type":"article","og_title":"Tipy na svatebn\u00ed styling a \u0161aty pro rok 2024 - answear.cz blog","og_description":"Tak\u00e9 jste obdr\u017eeli s nad\u0161en\u00edm pozv\u00e1nku na svatbu va\u0161ich nejbli\u017e\u0161\u00edch, ale l\u00e1mete si hlavu, co na sebe? Bl\u00ed\u017e\u00ed se obdob\u00ed svatebn\u00ed sez\u00f3ny a s t\u00edm i ot\u00e1zka, co na sebe? Jak se obl\u00e9knout, abyste vypadali elegantn\u011b a m\u00f3dn\u011b z\u00e1rove\u0148? Co je vhodn\u00e9 nosit a co ne? Poj\u010fme zjistit, co na to \u0159\u00edkaj\u00ed stylist\u00e9.","og_url":"https:\/\/answear.cz\/blog\/tipy-na-svatebni-styling-a-saty-pro-rok-2024\/24492","og_site_name":"answear.cz blog","article_published_time":"2024-03-19T13:03:58+00:00","article_modified_time":"2024-03-19T13:09:49+00:00","og_image":[{"width":1708,"height":690,"url":"https:\/\/answear.cz\/blog\/wp-content\/uploads\/2024\/03\/main-photo-1.jpg","type":"image\/jpeg"}],"author":"Katka","twitter_card":"summary_large_image","twitter_misc":{"Napsal(a)":"Katka","Odhadovan\u00e1 doba \u010dten\u00ed":"5 minut"},"schema":{"@context":"https:\/\/schema.org","@graph":[{"@type":"WebPage","@id":"https:\/\/answear.cz\/blog\/tipy-na-svatebni-styling-a-saty-pro-rok-2024\/24492","url":"https:\/\/answear.cz\/blog\/tipy-na-svatebni-styling-a-saty-pro-rok-2024\/24492","name":"Tipy na svatebn\u00ed styling a \u0161aty pro rok 2024 - answear.cz blog","isPartOf":{"@id":"https:\/\/answear.cz\/blog\/#website"},"datePublished":"2024-03-19T13:03:58+00:00","dateModified":"2024-03-19T13:09:49+00:00","author":{"@id":"https:\/\/answear.cz\/blog\/#\/schema\/person\/a237d4bbd6d13c21edb92080d19f8675"},"description":"Tak\u00e9 jste obdr\u017eeli s nad\u0161en\u00edm pozv\u00e1nku na svatbu va\u0161ich nejbli\u017e\u0161\u00edch, ale l\u00e1mete si hlavu, co na sebe? Bl\u00ed\u017e\u00ed se obdob\u00ed svatebn\u00ed sez\u00f3ny a s t\u00edm i ot\u00e1zka, co na sebe? Jak se obl\u00e9knout, abyste vypadali elegantn\u011b a m\u00f3dn\u011b z\u00e1rove\u0148? Co je vhodn\u00e9 nosit a co ne? Poj\u010fme zjistit, co na to \u0159\u00edkaj\u00ed stylist\u00e9.","breadcrumb":{"@id":"https:\/\/answear.cz\/blog\/tipy-na-svatebni-styling-a-saty-pro-rok-2024\/24492#breadcrumb"},"inLanguage":"cs","potentialAction":[{"@type":"ReadAction","target":["https:\/\/answear.cz\/blog\/tipy-na-svatebni-styling-a-saty-pro-rok-2024\/24492"]}]},{"@type":"BreadcrumbList","@id":"https:\/\/answear.cz\/blog\/tipy-na-svatebni-styling-a-saty-pro-rok-2024\/24492#breadcrumb","itemListElement":[{"@type":"ListItem","position":1,"name":"Dom\u016f","item":"https:\/\/answear.cz\/blog\/"},{"@type":"ListItem","position":2,"name":"Tipy na svatebn\u00ed styling a \u0161aty pro rok 2024"}]},{"@type":"WebSite","@id":"https:\/\/answear.cz\/blog\/#website","url":"https:\/\/answear.cz\/blog\/","name":"answear.cz blog","description":"M\u00f3da, trendy, rady a tipy stylist\u016f, novinky ze sv\u011bta m\u00f3dy. We know the ANSWEAR ;-)","potentialAction":[{"@type":"SearchAction","target":{"@type":"EntryPoint","urlTemplate":"https:\/\/answear.cz\/blog\/?s={search_term_string}"},"query-input":"required name=search_term_string"}],"inLanguage":"cs"},{"@type":"Person","@id":"https:\/\/answear.cz\/blog\/#\/schema\/person\/a237d4bbd6d13c21edb92080d19f8675","name":"Katka","image":{"@type":"ImageObject","inLanguage":"cs","@id":"https:\/\/answear.cz\/blog\/#\/schema\/person\/image\/","url":"https:\/\/secure.gravatar.com\/avatar\/1f72f7de7dac65ea0036d63c7c3fa5f3?s=96&d=mm&r=g","contentUrl":"https:\/\/secure.gravatar.com\/avatar\/1f72f7de7dac65ea0036d63c7c3fa5f3?s=96&d=mm&r=g","caption":"Katka"},"url":"https:\/\/answear.cz\/blog\/author\/katerina"}]}},"_links":{"self":[{"href":"https:\/\/answear.cz\/blog\/wp-json\/wp\/v2\/posts\/24492"}],"collection":[{"href":"https:\/\/answear.cz\/blog\/wp-json\/wp\/v2\/posts"}],"about":[{"href":"https:\/\/answear.cz\/blog\/wp-json\/wp\/v2\/types\/post"}],"author":[{"embeddable":true,"href":"https:\/\/answear.cz\/blog\/wp-json\/wp\/v2\/users\/41"}],"replies":[{"embeddable":true,"href":"https:\/\/answear.cz\/blog\/wp-json\/wp\/v2\/comments?post=24492"}],"version-history":[{"count":8,"href":"https:\/\/answear.cz\/blog\/wp-json\/wp\/v2\/posts\/24492\/revisions"}],"predecessor-version":[{"id":24506,"href":"https:\/\/answear.cz\/blog\/wp-json\/wp\/v2\/posts\/24492\/revisions\/24506"}],"wp:featuredmedia":[{"embeddable":true,"href":"https:\/\/answear.cz\/blog\/wp-json\/wp\/v2\/media\/24494"}],"wp:attachment":[{"href":"https:\/\/answear.cz\/blog\/wp-json\/wp\/v2\/media?parent=24492"}],"wp:term":[{"taxonomy":"category","embeddable":true,"href":"https:\/\/answear.cz\/blog\/wp-json\/wp\/v2\/categories?post=24492"},{"taxonomy":"post_tag","embeddable":true,"href":"https:\/\/answear.cz\/blog\/wp-json\/wp\/v2\/tags?post=24492"}],"curies":[{"name":"wp","href":"https:\/\/api.w.org\/{rel}","templated":true}]}}