{"id":24752,"date":"2024-05-10T21:24:38","date_gmt":"2024-05-10T19:24:38","guid":{"rendered":"https:\/\/answear.cz\/blog\/?p=24752"},"modified":"2024-05-10T21:24:40","modified_gmt":"2024-05-10T19:24:40","slug":"moje-telo-neni-vase-kulturni-valka-moje-heroine-barbara-herz-dela-divadlo-o-tom-co-by-nas-melo-palit","status":"publish","type":"post","link":"https:\/\/answear.cz\/blog\/moje-telo-neni-vase-kulturni-valka-moje-heroine-barbara-herz-dela-divadlo-o-tom-co-by-nas-melo-palit\/24752","title":{"rendered":"\u201eMoje t\u011blo nen\u00ed va\u0161e kulturn\u00ed v\u00e1lka!\u201c Moje Heroine Barbara Herz d\u011bl\u00e1 divadlo o\u202ftom, co by n\u00e1s m\u011blo p\u00e1lit"},"content":{"rendered":"<span class=\"rt-reading-time\" style=\"display: block;\"><span class=\"rt-label rt-prefix\">\u010cten\u00ed na <\/span> <span class=\"rt-time\">2<\/span> <span class=\"rt-label rt-postfix\">minuty<\/span><\/span>\n<p><strong>Re\u017eis\u00e9rka Barbara Herz d\u011bl\u00e1 divadlo o mate\u0159stv\u00ed, l\u00e1sce nebo t\u0159eba o\u202fabsurdn\u00ed debat\u011b kolem Istanbulsk\u00e9 \u00famluvy. Na jevi\u0161ti bojuje proti nespravedlnosti a\u202fza\u017eit\u00fdm m\u00fdt\u016fm. I\u202fproto ji \u010dasopis Heroine ud\u011blil ocen\u011bn\u00ed Moje Heroine.<\/strong><\/p>\n\n\n\n<!--more-->\n\n\n\n<h2>Od filozofie k\u00a0politick\u00e9mu divadlu \u2013 hled\u00e1n\u00ed lidstv\u00ed a\u00a0d\u016fstojnosti<\/h2>\n<p class=\"bigletter\">Barbara Herz\u202fcht\u011bla p\u016fvodn\u011b coby studentka komparatistiky a\u202fdivadeln\u00ed v\u011bdy na Filozofick\u00e9 fakult\u011b v\u202fPraze o\u202fdivadle hlavn\u011b ps\u00e1t. Ve t\u0159et\u00edm ro\u010dn\u00edku se dostala na JAMU na re\u017eii a\u202fparaleln\u011b ob\u011b \u0161koly dokon\u010dila. Autorsk\u00e9mu divadlu se v\u011bnovala od za\u010d\u00e1tku, posl\u00e9ze p\u0159e\u0161la k\u202fmetod\u011b dokument\u00e1rn\u00edho divadla a\u202fpr\u00e1ci s\u202fautentick\u00fdmi materi\u00e1ly zasazen\u00fdmi do divadeln\u00edho r\u00e1mce.\u00a0\u00a0<\/p>\n\n\n\n<p>\u201eKdy\u017e jsem byla na\u202fJAMU, cht\u011bla jsem se zab\u00fdvat filozoficko-metafyzick\u00fdmi t\u00e9maty, \u0159e\u0161it du\u0161i, lidsk\u00e9 nitro a\u202fdal\u0161\u00ed \u201avelk\u00e9 v\u011bci\u2018. Profesor Josef Koval\u010duk n\u00e1m ale po\u0159\u00e1d \u0159\u00edkal, a\u0165 d\u011bl\u00e1me politick\u00e9 divadlo, a\u202fj\u00e1 jsem se tomu zuby nehty br\u00e1nila. Te\u010f si uv\u011bdomuju, \u017ee jsem jen nev\u011bd\u011bla, co v\u0161echno m\u016f\u017ee politick\u00e9 divadlo b\u00fdt,\u201c vzpom\u00edn\u00e1 s\u202fodstupem na\u202fsv\u00e9 za\u010d\u00e1tky.&nbsp;&nbsp;<\/p>\n\n\n\n<p>A\u0165 u\u017e se jej\u00ed inscenace dot\u00fdk\u00e1 postoje spole\u010dnosti\u202fk\u202fob\u011btem dom\u00e1c\u00edho n\u00e1sil\u00ed, stereotyp\u016f spojen\u00fdch s\u202fmate\u0159stv\u00edm, nebo neadekv\u00e1tn\u00edho p\u0159\u00edstupu k\u202fr\u016fzn\u00fdm trestn\u00fdm \u010din\u016fm, nejedn\u00e1 se nikdy o\u202fnic men\u0161\u00edho ne\u017e o\u202flidskou d\u016fstojnost. Barbara Herz na tyto probl\u00e9my upozor\u0148uje pomoc\u00ed divadla zalo\u017een\u00e9ho na d\u016fkladn\u00e9 re\u0161er\u0161i, ov\u011b\u0159ov\u00e1n\u00ed fakt\u016f a\u202fhloubkov\u00fdch rozhovorech.&nbsp;&nbsp;<\/p>\n\n\n\n<p><\/p>\n\n\n\n<figure class=\"wp-block-gallery has-nested-images columns-default is-cropped wp-block-gallery-1 is-layout-flex wp-block-gallery-is-layout-flex\">\n<figure class=\"wp-block-image size-large\"><img loading=\"lazy\" decoding=\"async\" width=\"521\" height=\"695\" data-id=\"24757\" src=\"https:\/\/answear.cz\/blog\/wp-content\/uploads\/2024\/05\/Bara_Herz_03-521x695.jpg\" alt=\"\" class=\"wp-image-24757\" srcset=\"https:\/\/answear.cz\/blog\/wp-content\/uploads\/2024\/05\/Bara_Herz_03-521x695.jpg 521w, https:\/\/answear.cz\/blog\/wp-content\/uploads\/2024\/05\/Bara_Herz_03-768x1024.jpg 768w, https:\/\/answear.cz\/blog\/wp-content\/uploads\/2024\/05\/Bara_Herz_03-1152x1536.jpg 1152w, https:\/\/answear.cz\/blog\/wp-content\/uploads\/2024\/05\/Bara_Herz_03.jpg 1260w\" sizes=\"(max-width: 521px) 100vw, 521px\" \/><\/figure>\n\n\n\n<figure class=\"wp-block-image size-large\"><img loading=\"lazy\" decoding=\"async\" width=\"521\" height=\"695\" data-id=\"24758\" src=\"https:\/\/answear.cz\/blog\/wp-content\/uploads\/2024\/05\/Bara_Herz_06-521x695.jpg\" alt=\"\" class=\"wp-image-24758\" srcset=\"https:\/\/answear.cz\/blog\/wp-content\/uploads\/2024\/05\/Bara_Herz_06-521x695.jpg 521w, https:\/\/answear.cz\/blog\/wp-content\/uploads\/2024\/05\/Bara_Herz_06-768x1025.jpg 768w, https:\/\/answear.cz\/blog\/wp-content\/uploads\/2024\/05\/Bara_Herz_06-1151x1536.jpg 1151w, https:\/\/answear.cz\/blog\/wp-content\/uploads\/2024\/05\/Bara_Herz_06.jpg 1260w\" sizes=\"(max-width: 521px) 100vw, 521px\" \/><\/figure>\n<figcaption class=\"blocks-gallery-caption wp-element-caption\"><a href=\"https:\/\/answear.cz\/p\/saty-pinko-cerna-barva-midi-101972-y3le-1086301\" target=\"_blank\" rel=\"noreferrer noopener\"><strong>\u0160aty Pinko<\/strong><\/a>, 14\u2006699\u2009K\u010d,<strong> <a href=\"https:\/\/answear.cz\/p\/kozacky-love-moschino-spillo95-damske-cerna-barva-na-podpatku-ja26109g0hiez000-1063162\" target=\"_blank\" rel=\"noreferrer noopener\">koza\u010dky Love Moschino<\/a><\/strong>, 8 299\u2009K\u010d\u00a0| Foto: Eli\u0161ka Sky,\u00a0<br>Make-up a\u202fstyling: Nat\u00e1lie Host (Pure District), Produkce: Linda Majerov\u00e1\u00a0<\/figcaption><\/figure>\n\n\n\n<h2 class=\"wp-block-heading\">Emoce a aktivismus na divadeln\u00ed Sc\u00e9n\u011b<\/h2>\n\n\n\n<p>D\u00edky emoc\u00edm, kter\u00e9 jej\u00ed anga\u017eovan\u00e9 divadeln\u00ed hry um\u011bj\u00ed vyvolat, se j\u00ed da\u0159\u00ed otev\u00edrat d\u016fle\u017eit\u00e1, \u010dasto opom\u00edjen\u00e1 t\u00e9mata.\u202fNo\u0159\u00ed se p\u0159i tom do zkouman\u00e9ho fenom\u00e9nu nebo spole\u010densk\u00e9ho\u202ftraumatu\u202fo\u010dima lid\u00ed, kter\u00fdch se osobn\u011b t\u00fdk\u00e1. Re\u017eis\u00e9rka se zku\u0161enostmi z\u202fdivadel nap\u0159\u00ed\u010d celou republikou to dok\u00e1zala\u202f v\u202fautorsk\u00fdch inscenac\u00edch. Jen matky v\u011bd\u00ed, o\u202f\u010dem ten \u017eivot je nebo O\u202fb\u00edl\u00fdch heterosexu\u00e1ln\u00edch mu\u017e\u00edch, co jed\u00ed maso.\u202f\u00a0<\/p>\n\n\n\n<p>S\u202fnejnov\u011bj\u0161\u00ed inscenac\u00ed Istanbulsk\u00e1 \u00famluva se j\u00ed v\u0161ak vy\u010distit zkalen\u00e9 vody debaty okolo\u202fmezin\u00e1rodn\u00edho dokumentu h\u00e1j\u00edc\u00edho pr\u00e1va ob\u011bt\u00ed dom\u00e1c\u00edho n\u00e1sil\u00ed\u202fnepovedlo. Premi\u00e9ru m\u011bla v\u202fpra\u017esk\u00e9m A\u202fStudiu Rub\u00edn jen p\u00e1r dn\u00ed p\u0159ed t\u00edm, ne\u017e Sen\u00e1t o\u202fratifikaci d\u016fle\u017eit\u00e9ho dokumentu hlasoval. Vol\u00e1n\u00ed s\u202fposelstv\u00edm, \u017ee \u201emoje t\u011blo nen\u00ed va\u0161e kulturn\u00ed v\u00e1lka\u201c, k\u202fpolitik\u016fm vzd\u00e1len\u00fdm jen p\u00e1r des\u00edtek metr\u016f zat\u00edm nedolehlo.<\/p>\n\n\n\n<p class=\"kropka\">\u010cl\u00e1nek vznikl ve spolupr\u00e1ci s magaz\u00ednem <a href=\"https:\/\/www.heroine.cz\/\" target=\"_blank\" rel=\"noreferrer noopener\"><s>Heroine<\/s><\/a>.&nbsp;<\/p>\n","protected":false},"excerpt":{"rendered":"<p><span class=\"rt-reading-time\" style=\"display: block;\"><span class=\"rt-label rt-prefix\">\u010cten\u00ed na <\/span> <span class=\"rt-time\">2<\/span> <span class=\"rt-label rt-postfix\">minuty<\/span><\/span> Re\u017eis\u00e9rka Barbara Herz d\u011bl\u00e1 divadlo o mate\u0159stv\u00ed, l\u00e1sce nebo t\u0159eba o\u202fabsurdn\u00ed debat\u011b kolem Istanbulsk\u00e9 \u00famluvy. Na jevi\u0161ti bojuje proti nespravedlnosti a\u202fza\u017eit\u00fdm m\u00fdt\u016fm. I\u202fproto ji \u010dasopis Heroine ud\u011blil ocen\u011bn\u00ed Moje Heroine.<\/p>\n","protected":false},"author":41,"featured_media":24753,"comment_status":"closed","ping_status":"closed","sticky":false,"template":"","format":"standard","meta":{"footnotes":""},"categories":[890],"tags":[1158],"yoast_head":"<!-- This site is optimized with the Yoast SEO plugin v22.0 - https:\/\/yoast.com\/wordpress\/plugins\/seo\/ -->\n<title>\u201eMoje t\u011blo nen\u00ed va\u0161e kulturn\u00ed v\u00e1lka!\u201c Moje Heroine Barbara Herz d\u011bl\u00e1 divadlo o\u202ftom, co by n\u00e1s m\u011blo p\u00e1lit - answear.cz blog<\/title>\n<meta name=\"description\" content=\"Re\u017eis\u00e9rka Barbara Herz d\u011bl\u00e1 divadlo o mate\u0159stv\u00ed, l\u00e1sce nebo t\u0159eba o\u202fabsurdn\u00ed debat\u011b kolem Istanbulsk\u00e9 \u00famluvy. Na jevi\u0161ti bojuje proti nespravedlnosti a\u202fza\u017eit\u00fdm m\u00fdt\u016fm. I\u202fproto ji \u010dasopis Heroine ud\u011blil ocen\u011bn\u00ed Moje Heroine.\" \/>\n<meta name=\"robots\" content=\"index, follow, max-snippet:-1, max-image-preview:large, max-video-preview:-1\" \/>\n<link rel=\"canonical\" href=\"https:\/\/answear.cz\/blog\/moje-telo-neni-vase-kulturni-valka-moje-heroine-barbara-herz-dela-divadlo-o-tom-co-by-nas-melo-palit\/24752\" \/>\n<meta property=\"og:locale\" content=\"cs_CZ\" \/>\n<meta property=\"og:type\" content=\"article\" \/>\n<meta property=\"og:title\" content=\"\u201eMoje t\u011blo nen\u00ed va\u0161e kulturn\u00ed v\u00e1lka!\u201c Moje Heroine Barbara Herz d\u011bl\u00e1 divadlo o\u202ftom, co by n\u00e1s m\u011blo p\u00e1lit - answear.cz blog\" \/>\n<meta property=\"og:description\" content=\"Re\u017eis\u00e9rka Barbara Herz d\u011bl\u00e1 divadlo o mate\u0159stv\u00ed, l\u00e1sce nebo t\u0159eba o\u202fabsurdn\u00ed debat\u011b kolem Istanbulsk\u00e9 \u00famluvy. Na jevi\u0161ti bojuje proti nespravedlnosti a\u202fza\u017eit\u00fdm m\u00fdt\u016fm. I\u202fproto ji \u010dasopis Heroine ud\u011blil ocen\u011bn\u00ed Moje Heroine.\" \/>\n<meta property=\"og:url\" content=\"https:\/\/answear.cz\/blog\/moje-telo-neni-vase-kulturni-valka-moje-heroine-barbara-herz-dela-divadlo-o-tom-co-by-nas-melo-palit\/24752\" \/>\n<meta property=\"og:site_name\" content=\"answear.cz blog\" \/>\n<meta property=\"article:published_time\" content=\"2024-05-10T19:24:38+00:00\" \/>\n<meta property=\"article:modified_time\" content=\"2024-05-10T19:24:40+00:00\" \/>\n<meta property=\"og:image\" content=\"https:\/\/answear.cz\/blog\/wp-content\/uploads\/2024\/05\/Bara_Herz_06-1260x510-1.jpg\" \/>\n\t<meta property=\"og:image:width\" content=\"1260\" \/>\n\t<meta property=\"og:image:height\" content=\"510\" \/>\n\t<meta property=\"og:image:type\" content=\"image\/jpeg\" \/>\n<meta name=\"author\" content=\"Katka\" \/>\n<meta name=\"twitter:card\" content=\"summary_large_image\" \/>\n<meta name=\"twitter:label1\" content=\"Napsal(a)\" \/>\n\t<meta name=\"twitter:data1\" content=\"Katka\" \/>\n\t<meta name=\"twitter:label2\" content=\"Odhadovan\u00e1 doba \u010dten\u00ed\" \/>\n\t<meta name=\"twitter:data2\" content=\"3 minuty\" \/>\n<script type=\"application\/ld+json\" class=\"yoast-schema-graph\">{\"@context\":\"https:\/\/schema.org\",\"@graph\":[{\"@type\":\"WebPage\",\"@id\":\"https:\/\/answear.cz\/blog\/moje-telo-neni-vase-kulturni-valka-moje-heroine-barbara-herz-dela-divadlo-o-tom-co-by-nas-melo-palit\/24752\",\"url\":\"https:\/\/answear.cz\/blog\/moje-telo-neni-vase-kulturni-valka-moje-heroine-barbara-herz-dela-divadlo-o-tom-co-by-nas-melo-palit\/24752\",\"name\":\"\u201eMoje t\u011blo nen\u00ed va\u0161e kulturn\u00ed v\u00e1lka!\u201c Moje Heroine Barbara Herz d\u011bl\u00e1 divadlo o\u202ftom, co by n\u00e1s m\u011blo p\u00e1lit - answear.cz blog\",\"isPartOf\":{\"@id\":\"https:\/\/answear.cz\/blog\/#website\"},\"datePublished\":\"2024-05-10T19:24:38+00:00\",\"dateModified\":\"2024-05-10T19:24:40+00:00\",\"author\":{\"@id\":\"https:\/\/answear.cz\/blog\/#\/schema\/person\/a237d4bbd6d13c21edb92080d19f8675\"},\"description\":\"Re\u017eis\u00e9rka Barbara Herz d\u011bl\u00e1 divadlo o mate\u0159stv\u00ed, l\u00e1sce nebo t\u0159eba o\u202fabsurdn\u00ed debat\u011b kolem Istanbulsk\u00e9 \u00famluvy. Na jevi\u0161ti bojuje proti nespravedlnosti a\u202fza\u017eit\u00fdm m\u00fdt\u016fm. I\u202fproto ji \u010dasopis Heroine ud\u011blil ocen\u011bn\u00ed Moje Heroine.\",\"breadcrumb\":{\"@id\":\"https:\/\/answear.cz\/blog\/moje-telo-neni-vase-kulturni-valka-moje-heroine-barbara-herz-dela-divadlo-o-tom-co-by-nas-melo-palit\/24752#breadcrumb\"},\"inLanguage\":\"cs\",\"potentialAction\":[{\"@type\":\"ReadAction\",\"target\":[\"https:\/\/answear.cz\/blog\/moje-telo-neni-vase-kulturni-valka-moje-heroine-barbara-herz-dela-divadlo-o-tom-co-by-nas-melo-palit\/24752\"]}]},{\"@type\":\"BreadcrumbList\",\"@id\":\"https:\/\/answear.cz\/blog\/moje-telo-neni-vase-kulturni-valka-moje-heroine-barbara-herz-dela-divadlo-o-tom-co-by-nas-melo-palit\/24752#breadcrumb\",\"itemListElement\":[{\"@type\":\"ListItem\",\"position\":1,\"name\":\"Dom\u016f\",\"item\":\"https:\/\/answear.cz\/blog\/\"},{\"@type\":\"ListItem\",\"position\":2,\"name\":\"\u201eMoje t\u011blo nen\u00ed va\u0161e kulturn\u00ed v\u00e1lka!\u201c Moje Heroine Barbara Herz d\u011bl\u00e1 divadlo o\u202ftom, co by n\u00e1s m\u011blo p\u00e1lit\"}]},{\"@type\":\"WebSite\",\"@id\":\"https:\/\/answear.cz\/blog\/#website\",\"url\":\"https:\/\/answear.cz\/blog\/\",\"name\":\"answear.cz blog\",\"description\":\"M\u00f3da, trendy, rady a tipy stylist\u016f, novinky ze sv\u011bta m\u00f3dy. We know the ANSWEAR ;-)\",\"potentialAction\":[{\"@type\":\"SearchAction\",\"target\":{\"@type\":\"EntryPoint\",\"urlTemplate\":\"https:\/\/answear.cz\/blog\/?s={search_term_string}\"},\"query-input\":\"required name=search_term_string\"}],\"inLanguage\":\"cs\"},{\"@type\":\"Person\",\"@id\":\"https:\/\/answear.cz\/blog\/#\/schema\/person\/a237d4bbd6d13c21edb92080d19f8675\",\"name\":\"Katka\",\"image\":{\"@type\":\"ImageObject\",\"inLanguage\":\"cs\",\"@id\":\"https:\/\/answear.cz\/blog\/#\/schema\/person\/image\/\",\"url\":\"https:\/\/secure.gravatar.com\/avatar\/1f72f7de7dac65ea0036d63c7c3fa5f3?s=96&d=mm&r=g\",\"contentUrl\":\"https:\/\/secure.gravatar.com\/avatar\/1f72f7de7dac65ea0036d63c7c3fa5f3?s=96&d=mm&r=g\",\"caption\":\"Katka\"},\"url\":\"https:\/\/answear.cz\/blog\/author\/katerina\"}]}<\/script>\n<!-- \/ Yoast SEO plugin. -->","yoast_head_json":{"title":"\u201eMoje t\u011blo nen\u00ed va\u0161e kulturn\u00ed v\u00e1lka!\u201c Moje Heroine Barbara Herz d\u011bl\u00e1 divadlo o\u202ftom, co by n\u00e1s m\u011blo p\u00e1lit - answear.cz blog","description":"Re\u017eis\u00e9rka Barbara Herz d\u011bl\u00e1 divadlo o mate\u0159stv\u00ed, l\u00e1sce nebo t\u0159eba o\u202fabsurdn\u00ed debat\u011b kolem Istanbulsk\u00e9 \u00famluvy. Na jevi\u0161ti bojuje proti nespravedlnosti a\u202fza\u017eit\u00fdm m\u00fdt\u016fm. I\u202fproto ji \u010dasopis Heroine ud\u011blil ocen\u011bn\u00ed Moje Heroine.","robots":{"index":"index","follow":"follow","max-snippet":"max-snippet:-1","max-image-preview":"max-image-preview:large","max-video-preview":"max-video-preview:-1"},"canonical":"https:\/\/answear.cz\/blog\/moje-telo-neni-vase-kulturni-valka-moje-heroine-barbara-herz-dela-divadlo-o-tom-co-by-nas-melo-palit\/24752","og_locale":"cs_CZ","og_type":"article","og_title":"\u201eMoje t\u011blo nen\u00ed va\u0161e kulturn\u00ed v\u00e1lka!\u201c Moje Heroine Barbara Herz d\u011bl\u00e1 divadlo o\u202ftom, co by n\u00e1s m\u011blo p\u00e1lit - answear.cz blog","og_description":"Re\u017eis\u00e9rka Barbara Herz d\u011bl\u00e1 divadlo o mate\u0159stv\u00ed, l\u00e1sce nebo t\u0159eba o\u202fabsurdn\u00ed debat\u011b kolem Istanbulsk\u00e9 \u00famluvy. Na jevi\u0161ti bojuje proti nespravedlnosti a\u202fza\u017eit\u00fdm m\u00fdt\u016fm. I\u202fproto ji \u010dasopis Heroine ud\u011blil ocen\u011bn\u00ed Moje Heroine.","og_url":"https:\/\/answear.cz\/blog\/moje-telo-neni-vase-kulturni-valka-moje-heroine-barbara-herz-dela-divadlo-o-tom-co-by-nas-melo-palit\/24752","og_site_name":"answear.cz blog","article_published_time":"2024-05-10T19:24:38+00:00","article_modified_time":"2024-05-10T19:24:40+00:00","og_image":[{"width":1260,"height":510,"url":"https:\/\/answear.cz\/blog\/wp-content\/uploads\/2024\/05\/Bara_Herz_06-1260x510-1.jpg","type":"image\/jpeg"}],"author":"Katka","twitter_card":"summary_large_image","twitter_misc":{"Napsal(a)":"Katka","Odhadovan\u00e1 doba \u010dten\u00ed":"3 minuty"},"schema":{"@context":"https:\/\/schema.org","@graph":[{"@type":"WebPage","@id":"https:\/\/answear.cz\/blog\/moje-telo-neni-vase-kulturni-valka-moje-heroine-barbara-herz-dela-divadlo-o-tom-co-by-nas-melo-palit\/24752","url":"https:\/\/answear.cz\/blog\/moje-telo-neni-vase-kulturni-valka-moje-heroine-barbara-herz-dela-divadlo-o-tom-co-by-nas-melo-palit\/24752","name":"\u201eMoje t\u011blo nen\u00ed va\u0161e kulturn\u00ed v\u00e1lka!\u201c Moje Heroine Barbara Herz d\u011bl\u00e1 divadlo o\u202ftom, co by n\u00e1s m\u011blo p\u00e1lit - answear.cz blog","isPartOf":{"@id":"https:\/\/answear.cz\/blog\/#website"},"datePublished":"2024-05-10T19:24:38+00:00","dateModified":"2024-05-10T19:24:40+00:00","author":{"@id":"https:\/\/answear.cz\/blog\/#\/schema\/person\/a237d4bbd6d13c21edb92080d19f8675"},"description":"Re\u017eis\u00e9rka Barbara Herz d\u011bl\u00e1 divadlo o mate\u0159stv\u00ed, l\u00e1sce nebo t\u0159eba o\u202fabsurdn\u00ed debat\u011b kolem Istanbulsk\u00e9 \u00famluvy. Na jevi\u0161ti bojuje proti nespravedlnosti a\u202fza\u017eit\u00fdm m\u00fdt\u016fm. I\u202fproto ji \u010dasopis Heroine ud\u011blil ocen\u011bn\u00ed Moje Heroine.","breadcrumb":{"@id":"https:\/\/answear.cz\/blog\/moje-telo-neni-vase-kulturni-valka-moje-heroine-barbara-herz-dela-divadlo-o-tom-co-by-nas-melo-palit\/24752#breadcrumb"},"inLanguage":"cs","potentialAction":[{"@type":"ReadAction","target":["https:\/\/answear.cz\/blog\/moje-telo-neni-vase-kulturni-valka-moje-heroine-barbara-herz-dela-divadlo-o-tom-co-by-nas-melo-palit\/24752"]}]},{"@type":"BreadcrumbList","@id":"https:\/\/answear.cz\/blog\/moje-telo-neni-vase-kulturni-valka-moje-heroine-barbara-herz-dela-divadlo-o-tom-co-by-nas-melo-palit\/24752#breadcrumb","itemListElement":[{"@type":"ListItem","position":1,"name":"Dom\u016f","item":"https:\/\/answear.cz\/blog\/"},{"@type":"ListItem","position":2,"name":"\u201eMoje t\u011blo nen\u00ed va\u0161e kulturn\u00ed v\u00e1lka!\u201c Moje Heroine Barbara Herz d\u011bl\u00e1 divadlo o\u202ftom, co by n\u00e1s m\u011blo p\u00e1lit"}]},{"@type":"WebSite","@id":"https:\/\/answear.cz\/blog\/#website","url":"https:\/\/answear.cz\/blog\/","name":"answear.cz blog","description":"M\u00f3da, trendy, rady a tipy stylist\u016f, novinky ze sv\u011bta m\u00f3dy. We know the ANSWEAR ;-)","potentialAction":[{"@type":"SearchAction","target":{"@type":"EntryPoint","urlTemplate":"https:\/\/answear.cz\/blog\/?s={search_term_string}"},"query-input":"required name=search_term_string"}],"inLanguage":"cs"},{"@type":"Person","@id":"https:\/\/answear.cz\/blog\/#\/schema\/person\/a237d4bbd6d13c21edb92080d19f8675","name":"Katka","image":{"@type":"ImageObject","inLanguage":"cs","@id":"https:\/\/answear.cz\/blog\/#\/schema\/person\/image\/","url":"https:\/\/secure.gravatar.com\/avatar\/1f72f7de7dac65ea0036d63c7c3fa5f3?s=96&d=mm&r=g","contentUrl":"https:\/\/secure.gravatar.com\/avatar\/1f72f7de7dac65ea0036d63c7c3fa5f3?s=96&d=mm&r=g","caption":"Katka"},"url":"https:\/\/answear.cz\/blog\/author\/katerina"}]}},"_links":{"self":[{"href":"https:\/\/answear.cz\/blog\/wp-json\/wp\/v2\/posts\/24752"}],"collection":[{"href":"https:\/\/answear.cz\/blog\/wp-json\/wp\/v2\/posts"}],"about":[{"href":"https:\/\/answear.cz\/blog\/wp-json\/wp\/v2\/types\/post"}],"author":[{"embeddable":true,"href":"https:\/\/answear.cz\/blog\/wp-json\/wp\/v2\/users\/41"}],"replies":[{"embeddable":true,"href":"https:\/\/answear.cz\/blog\/wp-json\/wp\/v2\/comments?post=24752"}],"version-history":[{"count":9,"href":"https:\/\/answear.cz\/blog\/wp-json\/wp\/v2\/posts\/24752\/revisions"}],"predecessor-version":[{"id":24766,"href":"https:\/\/answear.cz\/blog\/wp-json\/wp\/v2\/posts\/24752\/revisions\/24766"}],"wp:featuredmedia":[{"embeddable":true,"href":"https:\/\/answear.cz\/blog\/wp-json\/wp\/v2\/media\/24753"}],"wp:attachment":[{"href":"https:\/\/answear.cz\/blog\/wp-json\/wp\/v2\/media?parent=24752"}],"wp:term":[{"taxonomy":"category","embeddable":true,"href":"https:\/\/answear.cz\/blog\/wp-json\/wp\/v2\/categories?post=24752"},{"taxonomy":"post_tag","embeddable":true,"href":"https:\/\/answear.cz\/blog\/wp-json\/wp\/v2\/tags?post=24752"}],"curies":[{"name":"wp","href":"https:\/\/api.w.org\/{rel}","templated":true}]}}