{"id":25613,"date":"2026-04-12T21:20:41","date_gmt":"2026-04-12T19:20:41","guid":{"rendered":"https:\/\/answear.cz\/blog\/?p=25613"},"modified":"2026-04-12T21:22:02","modified_gmt":"2026-04-12T19:22:02","slug":"s26-collection-premiere-natan-berkowicz-vytvoril-scenu-pro-answear-fashion-show","status":"publish","type":"post","link":"https:\/\/answear.cz\/blog\/s26-collection-premiere-natan-berkowicz-vytvoril-scenu-pro-answear-fashion-show\/25613","title":{"rendered":"S26 Collection Premiere: Natan Berkowicz vytvo\u0159il sc\u00e9nu pro Answear Fashion Show"},"content":{"rendered":"<span class=\"rt-reading-time\" style=\"display: block;\"><span class=\"rt-label rt-prefix\">\u010cten\u00ed na <\/span> <span class=\"rt-time\">4<\/span> <span class=\"rt-label rt-postfix\">minuty<\/span><\/span>\r\n<p><strong>Dne 25. b\u0159ezna se v\u202fAnswear Concept Store\u202fuskute\u010dnila v\u00fdjime\u010dn\u00e1 ud\u00e1lost, kter\u00e1 otev\u0159ela sez\u00f3nu SS26. P\u0159ehl\u00eddka prob\u011bhla v propojen\u00e9m prostoru Answear Concept Store a\u202fArt Box Experience. Vizu\u00e1ln\u00ed podobu cel\u00e9 show navrhl um\u011blec, kter\u00fd z\u00e1sadn\u011b prom\u011bnil zp\u016fsob, jak\u00fdm vn\u00edm\u00e1me obraz v divadle i digit\u00e1ln\u00edm um\u011bn\u00ed \u2013\u202fNatan Berkowicz.<\/strong><\/p>\r\n\r\n\r\n\r\n<!--more-->\r\n\r\n\r\n\r\n<p><p class=\"bigletter\">Tvorba Natana Berkowicze se pohybuje na hranici reality a jej\u00ed digit\u00e1ln\u00ed transformace. Pracuje s filmem, fotografi\u00ed, 3D grafikou i generativn\u00edm um\u011bn\u00edm a st\u00e1le \u010dast\u011bji zapojuje n\u00e1stroje um\u011bl\u00e9 inteligence. Kombinac\u00ed t\u011bchto p\u0159\u00edstup\u016f vytv\u00e1\u0159\u00ed vizu\u00e1ly, kter\u00e9 p\u016fsob\u00ed jako snov\u00e9 kol\u00e1\u017ee \u2013 hypnotick\u00e9, lehce temn\u00e9 a pln\u00e9 dozn\u00edvaj\u00edc\u00edch obraz\u016f.<\/p>\r\n\r\n\r\n\r\n<p>S\u00e1m tento proces popisuje jako \u201einfikov\u00e1n\u00ed reality\u201c. Nam\u00edsto jej\u00edho v\u011brn\u00e9ho zachycen\u00ed ji deformuje, p\u0159etv\u00e1\u0159\u00ed a rozkl\u00e1d\u00e1 do nov\u00fdch vizu\u00e1ln\u00edch p\u0159\u00edb\u011bh\u016f.<\/p>\r\n\r\n\r\n\r\n<p>\u201eP\u0159i tvorb\u011b vizu\u00e1ln\u00edho konceptu pro show SS26 jsem cht\u011bl propojit m\u00f3du, technologii a architekturu do jednoho celku. Vych\u00e1zel jsem z odraz\u016f, struktur materi\u00e1l\u016f a digit\u00e1ln\u00edch deformac\u00ed \u2013 rozost\u0159en\u00ed, pixelace, slit-scan efekt\u016f, trackingu nebo dozn\u00edvaj\u00edc\u00edch obraz\u016f. Pr\u00e1v\u011b tyto prvky d\u00e1vaj\u00ed obrazu smyslnost i ur\u010ditou nejednozna\u010dnost,\u201c \u0159\u00edk\u00e1 Natan Berkowicz.<\/p>\r\n\r\n\r\n\r\n<p><\/p>\r\n\r\n\r\n\r\n<figure class=\"wp-block-gallery has-nested-images columns-1 is-cropped wp-block-gallery-1 is-layout-flex wp-block-gallery-is-layout-flex\">\r\n<figure class=\"wp-block-image size-full\"><img loading=\"lazy\" decoding=\"async\" width=\"4060\" height=\"540\" data-id=\"25618\" src=\"https:\/\/answear.cz\/blog\/wp-content\/uploads\/2026\/04\/NATAN1.png\" alt=\"\" class=\"wp-image-25618\" srcset=\"https:\/\/answear.cz\/blog\/wp-content\/uploads\/2026\/04\/NATAN1.png 4060w, https:\/\/answear.cz\/blog\/wp-content\/uploads\/2026\/04\/NATAN1-1680x223.png 1680w, https:\/\/answear.cz\/blog\/wp-content\/uploads\/2026\/04\/NATAN1-768x102.png 768w, https:\/\/answear.cz\/blog\/wp-content\/uploads\/2026\/04\/NATAN1-1536x204.png 1536w, https:\/\/answear.cz\/blog\/wp-content\/uploads\/2026\/04\/NATAN1-2048x272.png 2048w\" sizes=\"(max-width: 4060px) 100vw, 4060px\" \/><\/figure>\r\n\r\n\r\n\r\n<figure class=\"wp-block-image size-full\"><img loading=\"lazy\" decoding=\"async\" width=\"4054\" height=\"540\" data-id=\"25616\" src=\"https:\/\/answear.cz\/blog\/wp-content\/uploads\/2026\/04\/NATAN2.png\" alt=\"\" class=\"wp-image-25616\" srcset=\"https:\/\/answear.cz\/blog\/wp-content\/uploads\/2026\/04\/NATAN2.png 4054w, https:\/\/answear.cz\/blog\/wp-content\/uploads\/2026\/04\/NATAN2-1680x224.png 1680w, https:\/\/answear.cz\/blog\/wp-content\/uploads\/2026\/04\/NATAN2-768x102.png 768w, https:\/\/answear.cz\/blog\/wp-content\/uploads\/2026\/04\/NATAN2-1536x205.png 1536w, https:\/\/answear.cz\/blog\/wp-content\/uploads\/2026\/04\/NATAN2-2048x273.png 2048w\" sizes=\"(max-width: 4054px) 100vw, 4054px\" \/><\/figure>\r\n\r\n\r\n\r\n<figure class=\"wp-block-image size-full\"><img loading=\"lazy\" decoding=\"async\" width=\"4066\" height=\"550\" data-id=\"25617\" src=\"https:\/\/answear.cz\/blog\/wp-content\/uploads\/2026\/04\/NATAN3.png\" alt=\"\" class=\"wp-image-25617\" srcset=\"https:\/\/answear.cz\/blog\/wp-content\/uploads\/2026\/04\/NATAN3.png 4066w, https:\/\/answear.cz\/blog\/wp-content\/uploads\/2026\/04\/NATAN3-1680x227.png 1680w, https:\/\/answear.cz\/blog\/wp-content\/uploads\/2026\/04\/NATAN3-768x104.png 768w, https:\/\/answear.cz\/blog\/wp-content\/uploads\/2026\/04\/NATAN3-1536x208.png 1536w, https:\/\/answear.cz\/blog\/wp-content\/uploads\/2026\/04\/NATAN3-2048x277.png 2048w\" sizes=\"(max-width: 4066px) 100vw, 4066px\" \/><\/figure>\r\n<\/figure>\r\n\r\n\r\n\r\n<h2 class=\"wp-block-heading\">V\u00edce ne\u017e 70 projekt\u016f a spolupr\u00e1ce s p\u0159edn\u00edmi sc\u00e9nami<\/h2>\r\n\r\n\r\n\r\n<p>Natan Berkowicz pat\u0159\u00ed mezi v\u00fdrazn\u00e9 osobnosti sou\u010dasn\u00e9 vizu\u00e1ln\u00ed sc\u00e9ny. P\u016fsob\u00ed jako vizu\u00e1ln\u00ed um\u011blec, videodesigner a digit\u00e1ln\u00ed tv\u016frce nap\u0159\u00ed\u010d divadlem, v\u00fdtvarn\u00fdm um\u011bn\u00edm i hudebn\u00ed sc\u00e9nou. Vystudoval\u202fLeon Schiller National Film School in \u0141\u00f3d\u017a, jednu z nejv\u00fdznamn\u011bj\u0161\u00edch filmov\u00fdch \u0161kol v Evrop\u011b, kter\u00e1 dlouhodob\u011b formuje tv\u016frce posouvaj\u00edc\u00ed hranice vizu\u00e1ln\u00edho jazyka.<\/p>\r\n\r\n\r\n\r\n<p>Jeho vztah k divadlu vznikl v Krakov\u011b a dodnes tvo\u0159\u00ed kl\u00ed\u010dovou sou\u010d\u00e1st jeho pr\u00e1ce. Pod\u00edlel se na v\u00edce ne\u017e 70 divadeln\u00edch inscenac\u00edch v Polsku i zahrani\u010d\u00ed a spolupracoval s re\u017eis\u00e9ry, jako jsou\u202fKrystian Lupa\u202fnebo\u202fJan Klata.<\/p>\r\n\r\n\r\n\r\n<p>Jeho vizu\u00e1ln\u00ed projekty se objevily na presti\u017en\u00edch sc\u00e9n\u00e1ch v\u010detn\u011b\u202fOd\u00e9on-Th\u00e9\u00e2tre de l\u2019Europe\u202fnebo na festivalu\u202fSalzburger Festspiele, kter\u00fd pat\u0159\u00ed mezi nejv\u00fdznamn\u011bj\u0161\u00ed divadeln\u00ed a hudebn\u00ed ud\u00e1losti na sv\u011bt\u011b.<\/p>\r\n\r\n\r\n\r\n<p>V jeho pojet\u00ed video nep\u0159edstavuje pouh\u00fd dopln\u011bk. Projekce se st\u00e1v\u00e1 plnohodnotn\u00fdm akt\u00e9rem, kter\u00fd buduje dramaturgii, vytv\u00e1\u0159\u00ed nap\u011bt\u00ed a vede div\u00e1ka jednotliv\u00fdmi vrstvami p\u0159\u00edb\u011bhu.<\/p>\r\n\r\n\r\n\r\n<h2 class=\"wp-block-heading\">Digit\u00e1ln\u00ed poetika: sen, glitch a prom\u011bna reality<\/h2>\r\n\r\n\r\n\r\n<p>Styl Berkowicze se vzp\u00edr\u00e1 jednozna\u010dn\u00e9mu za\u0159azen\u00ed \u2013 pr\u00e1v\u011b v tom spo\u010d\u00edv\u00e1 jeho s\u00edla. Jeho vizu\u00e1ly p\u0159ipom\u00ednaj\u00ed digit\u00e1ln\u00ed sny: fragmentovan\u00e9, vrstven\u00e9 a lehce nestabiln\u00ed.<\/p>\r\n\r\n\r\n\r\n<p><\/p>\r\n\r\n\r\n\r\n<figure class=\"wp-block-image size-full\"><img loading=\"lazy\" decoding=\"async\" width=\"2882\" height=\"1916\" src=\"https:\/\/answear.cz\/blog\/wp-content\/uploads\/2026\/04\/Zrzut-ekranu-2025-08-9-o-16.27.45.png\" alt=\"\" class=\"wp-image-25619\" srcset=\"https:\/\/answear.cz\/blog\/wp-content\/uploads\/2026\/04\/Zrzut-ekranu-2025-08-9-o-16.27.45.png 2882w, https:\/\/answear.cz\/blog\/wp-content\/uploads\/2026\/04\/Zrzut-ekranu-2025-08-9-o-16.27.45-1045x695.png 1045w, https:\/\/answear.cz\/blog\/wp-content\/uploads\/2026\/04\/Zrzut-ekranu-2025-08-9-o-16.27.45-768x511.png 768w, https:\/\/answear.cz\/blog\/wp-content\/uploads\/2026\/04\/Zrzut-ekranu-2025-08-9-o-16.27.45-1536x1021.png 1536w, https:\/\/answear.cz\/blog\/wp-content\/uploads\/2026\/04\/Zrzut-ekranu-2025-08-9-o-16.27.45-2048x1362.png 2048w, https:\/\/answear.cz\/blog\/wp-content\/uploads\/2026\/04\/Zrzut-ekranu-2025-08-9-o-16.27.45-272x182.png 272w\" sizes=\"(max-width: 2882px) 100vw, 2882px\" \/><\/figure>\r\n\r\n\r\n\r\n<p>Pracuje s deformac\u00ed, glitch estetikou i prol\u00edn\u00e1n\u00edm r\u016fzn\u00fdch rovin reality. Div\u00e1k tak z\u00edsk\u00e1v\u00e1 pocit, \u017ee sleduje sv\u011bt v neust\u00e1l\u00e9 prom\u011bn\u011b \u2013 jako by se samotn\u00e1 realita p\u0159ed o\u010dima p\u0159etv\u00e1\u0159ela. Tento p\u0159\u00edstup siln\u011b rezonuje se sou\u010dasnou vizu\u00e1ln\u00ed kulturou, ve kter\u00e9 se hranice mezi fyzick\u00fdm a digit\u00e1ln\u00edm sv\u011btem postupn\u011b st\u00edraj\u00ed.<\/p>\r\n\r\n\r\n\r\n<h2 class=\"wp-block-heading\">Od divadla k hudb\u011b a digit\u00e1ln\u00edmu um\u011bn\u00ed<\/h2>\r\n\r\n\r\n\r\n<p>A\u010dkoliv Berkowicz \u00fazce spolupracuje s divadlem, jeho tvorba sah\u00e1 mnohem d\u00e1l. V\u011bnuje se tak\u00e9 vizu\u00e1l\u016fm pro koncerty, hudebn\u00edm vide\u00edm i projekt\u016fm ve ve\u0159ejn\u00e9m prostoru a na festivalech digit\u00e1ln\u00edho um\u011bn\u00ed.<\/p>\r\n\r\n\r\n\r\n<figure class=\"wp-block-gallery has-nested-images columns-default is-cropped wp-block-gallery-2 is-layout-flex wp-block-gallery-is-layout-flex\">\r\n<figure class=\"wp-block-image size-large\"><img loading=\"lazy\" decoding=\"async\" width=\"1066\" height=\"695\" data-id=\"25620\" src=\"https:\/\/answear.cz\/blog\/wp-content\/uploads\/2026\/04\/Zrzut-ekranu-2025-08-9-o-16.26.55-1066x695.png\" alt=\"\" class=\"wp-image-25620\" srcset=\"https:\/\/answear.cz\/blog\/wp-content\/uploads\/2026\/04\/Zrzut-ekranu-2025-08-9-o-16.26.55-1066x695.png 1066w, https:\/\/answear.cz\/blog\/wp-content\/uploads\/2026\/04\/Zrzut-ekranu-2025-08-9-o-16.26.55-768x501.png 768w, https:\/\/answear.cz\/blog\/wp-content\/uploads\/2026\/04\/Zrzut-ekranu-2025-08-9-o-16.26.55-1536x1001.png 1536w, https:\/\/answear.cz\/blog\/wp-content\/uploads\/2026\/04\/Zrzut-ekranu-2025-08-9-o-16.26.55-2048x1335.png 2048w\" sizes=\"(max-width: 1066px) 100vw, 1066px\" \/><\/figure>\r\n\r\n\r\n\r\n<figure class=\"wp-block-image size-large\"><img loading=\"lazy\" decoding=\"async\" width=\"1025\" height=\"695\" data-id=\"25621\" src=\"https:\/\/answear.cz\/blog\/wp-content\/uploads\/2026\/04\/Zrzut-ekranu-2025-08-9-o-16.27.02-1025x695.png\" alt=\"\" class=\"wp-image-25621\" srcset=\"https:\/\/answear.cz\/blog\/wp-content\/uploads\/2026\/04\/Zrzut-ekranu-2025-08-9-o-16.27.02-1025x695.png 1025w, https:\/\/answear.cz\/blog\/wp-content\/uploads\/2026\/04\/Zrzut-ekranu-2025-08-9-o-16.27.02-768x521.png 768w, https:\/\/answear.cz\/blog\/wp-content\/uploads\/2026\/04\/Zrzut-ekranu-2025-08-9-o-16.27.02-1536x1042.png 1536w, https:\/\/answear.cz\/blog\/wp-content\/uploads\/2026\/04\/Zrzut-ekranu-2025-08-9-o-16.27.02-2048x1389.png 2048w\" sizes=\"(max-width: 1025px) 100vw, 1025px\" \/><\/figure>\r\n<\/figure>\r\n\r\n\r\n\r\n<p>Ve sv\u00fdch projektech propojuje filmov\u00e9 vypr\u00e1v\u011bn\u00ed s generativn\u00edmi technologiemi a 3D grafikou. V\u00fdsledkem jsou form\u00e1ty, kter\u00e9 funguj\u00ed sou\u010dasn\u011b jako obraz, sc\u00e9nografie i prostorov\u00fd z\u00e1\u017eitek.<\/p>\r\n\r\n\r\n\r\n<h2 class=\"wp-block-heading\">Kdy\u017e se m\u00f3da propoj\u00ed s vizu\u00e1ln\u00edm um\u011bn\u00edm<\/h2>\r\n\r\n\r\n\r\n<p>Pr\u00e1v\u011b tento p\u0159\u00edstup p\u0159irozen\u011b navazuje na sv\u011bt m\u00f3dy, zejm\u00e9na v momentech, kdy p\u0159ehl\u00eddka p\u0159esahuje klasickou runway a m\u011bn\u00ed se v performativn\u00ed z\u00e1\u017eitek.<\/p>\r\n\r\n\r\n\r\n<p>B\u011bhem p\u0159ehl\u00eddky vytvo\u0159ila vizu\u00e1ln\u00ed sc\u00e9nografie kontext pro prezentaci kolekce SS26. Projekce, sv\u011btlo i prostor Art Box Experience se propojil do imerzivn\u00edho vypr\u00e1v\u011bn\u00ed, ve kter\u00e9m se od\u011bv stal sou\u010d\u00e1st\u00ed \u0161ir\u0161\u00edho p\u0159\u00edb\u011bhu.<\/p>\r\n\r\n\r\n\r\n<p><\/p>\r\n\r\n\r\n\r\n<figure class=\"wp-block-image size-large\"><img loading=\"lazy\" decoding=\"async\" width=\"1680\" height=\"677\" src=\"https:\/\/answear.cz\/blog\/wp-content\/uploads\/2026\/04\/cover_-1680x677.jpg\" alt=\"\" class=\"wp-image-25622\" srcset=\"https:\/\/answear.cz\/blog\/wp-content\/uploads\/2026\/04\/cover_-1680x677.jpg 1680w, https:\/\/answear.cz\/blog\/wp-content\/uploads\/2026\/04\/cover_-768x309.jpg 768w, https:\/\/answear.cz\/blog\/wp-content\/uploads\/2026\/04\/cover_-1536x619.jpg 1536w, https:\/\/answear.cz\/blog\/wp-content\/uploads\/2026\/04\/cover_.jpg 1688w\" sizes=\"(max-width: 1680px) 100vw, 1680px\" \/><\/figure>\r\n\r\n\r\n\r\n<p>\u201eCht\u011bl jsem, aby Answear Concept Store a Art Box Experience nefungovaly jen jako kulisa, ale jako aktivn\u00ed sou\u010d\u00e1st p\u0159\u00edb\u011bhu. Prostor odr\u00e1\u017e\u00ed siluety, zv\u00fdraz\u0148uje pohyb, deformuje detaily od\u011bv\u016f a vytv\u00e1\u0159\u00ed nap\u011bt\u00ed mezi fyzickou strukturou materi\u00e1lu a jeho digit\u00e1ln\u00edm odrazem. Tento koncept kolekci nepopisuje doslova, ale roz\u0161i\u0159uje ji \u2013 vytv\u00e1\u0159\u00ed prost\u0159ed\u00ed, kde se m\u00f3da setk\u00e1v\u00e1 se sv\u00fdm vlastn\u00edm odrazem v technologii,\u201c dopl\u0148uje Berkowicz.<\/p>\r\n\r\n\r\n\r\n<p><p class=\"kropka\">C\u00edlem\u202fAnswear\u202fbylo vytvo\u0159it p\u0159ehl\u00eddku, kter\u00e1 otev\u0159e sez\u00f3nu SS26 jako setk\u00e1n\u00ed r\u016fzn\u00fdch sv\u011bt\u016f. V\u00fdsledkem byl spektakul\u00e1rn\u00ed a v\u00edcerozm\u011brn\u00fd z\u00e1\u017eitek, kter\u00fd nab\u00eddl publiku zcela nov\u00fd zp\u016fsob vn\u00edm\u00e1n\u00ed m\u00f3dy, emoc\u00ed i sou\u010dasn\u00e9 estetiky.<\/p>\r\n","protected":false},"excerpt":{"rendered":"<p><span class=\"rt-reading-time\" style=\"display: block;\"><span class=\"rt-label rt-prefix\">\u010cten\u00ed na <\/span> <span class=\"rt-time\">4<\/span> <span class=\"rt-label rt-postfix\">minuty<\/span><\/span> Dne 25. b\u0159ezna se v\u202fAnswear Concept Store\u202fuskute\u010dnila v\u00fdjime\u010dn\u00e1 ud\u00e1lost, kter\u00e1 otev\u0159ela sez\u00f3nu SS26. P\u0159ehl\u00eddka prob\u011bhla v propojen\u00e9m prostoru Answear Concept Store a\u202fArt Box Experience. Vizu\u00e1ln\u00ed podobu cel\u00e9 show navrhl um\u011blec, kter\u00fd z\u00e1sadn\u011b prom\u011bnil zp\u016fsob, jak\u00fdm vn\u00edm\u00e1me obraz v divadle i digit\u00e1ln\u00edm um\u011bn\u00ed \u2013\u202fNatan Berkowicz.<\/p>\n","protected":false},"author":41,"featured_media":25614,"comment_status":"closed","ping_status":"closed","sticky":false,"template":"","format":"standard","meta":{"footnotes":""},"categories":[1050,686],"tags":[675,1190],"yoast_head":"<!-- This site is optimized with the Yoast SEO plugin v22.0 - https:\/\/yoast.com\/wordpress\/plugins\/seo\/ -->\n<title>S26 Collection Premiere: Natan Berkowicz vytvo\u0159il sc\u00e9nu pro Answear Fashion Show - answear.cz blog<\/title>\n<meta name=\"description\" content=\"Dne 25. b\u0159ezna se v\u202fAnswear Concept Store\u202fuskute\u010dnila v\u00fdjime\u010dn\u00e1 ud\u00e1lost, kter\u00e1 otev\u0159ela sez\u00f3nu SS26. P\u0159ehl\u00eddka prob\u011bhla v propojen\u00e9m prostoru Answear\" \/>\n<meta name=\"robots\" content=\"index, follow, max-snippet:-1, max-image-preview:large, max-video-preview:-1\" \/>\n<link rel=\"canonical\" href=\"https:\/\/answear.cz\/blog\/s26-collection-premiere-natan-berkowicz-vytvoril-scenu-pro-answear-fashion-show\/25613\" \/>\n<meta property=\"og:locale\" content=\"cs_CZ\" \/>\n<meta property=\"og:type\" content=\"article\" \/>\n<meta property=\"og:title\" content=\"S26 Collection Premiere: Natan Berkowicz vytvo\u0159il sc\u00e9nu pro Answear Fashion Show - answear.cz blog\" \/>\n<meta property=\"og:description\" content=\"Dne 25. b\u0159ezna se v\u202fAnswear Concept Store\u202fuskute\u010dnila v\u00fdjime\u010dn\u00e1 ud\u00e1lost, kter\u00e1 otev\u0159ela sez\u00f3nu SS26. P\u0159ehl\u00eddka prob\u011bhla v propojen\u00e9m prostoru Answear\" \/>\n<meta property=\"og:url\" content=\"https:\/\/answear.cz\/blog\/s26-collection-premiere-natan-berkowicz-vytvoril-scenu-pro-answear-fashion-show\/25613\" \/>\n<meta property=\"og:site_name\" content=\"answear.cz blog\" \/>\n<meta property=\"article:published_time\" content=\"2026-04-12T19:20:41+00:00\" \/>\n<meta property=\"article:modified_time\" content=\"2026-04-12T19:22:02+00:00\" \/>\n<meta property=\"og:image\" content=\"https:\/\/answear.cz\/blog\/wp-content\/uploads\/2026\/04\/COVER_2.jpg\" \/>\n\t<meta property=\"og:image:width\" content=\"1688\" \/>\n\t<meta property=\"og:image:height\" content=\"680\" \/>\n\t<meta property=\"og:image:type\" content=\"image\/jpeg\" \/>\n<meta name=\"author\" content=\"Katka\" \/>\n<meta name=\"twitter:card\" content=\"summary_large_image\" \/>\n<meta name=\"twitter:label1\" content=\"Napsal(a)\" \/>\n\t<meta name=\"twitter:data1\" content=\"Katka\" \/>\n\t<meta name=\"twitter:label2\" content=\"Odhadovan\u00e1 doba \u010dten\u00ed\" \/>\n\t<meta name=\"twitter:data2\" content=\"5 minut\" \/>\n<script type=\"application\/ld+json\" class=\"yoast-schema-graph\">{\"@context\":\"https:\/\/schema.org\",\"@graph\":[{\"@type\":\"WebPage\",\"@id\":\"https:\/\/answear.cz\/blog\/s26-collection-premiere-natan-berkowicz-vytvoril-scenu-pro-answear-fashion-show\/25613\",\"url\":\"https:\/\/answear.cz\/blog\/s26-collection-premiere-natan-berkowicz-vytvoril-scenu-pro-answear-fashion-show\/25613\",\"name\":\"S26 Collection Premiere: Natan Berkowicz vytvo\u0159il sc\u00e9nu pro Answear Fashion Show - answear.cz blog\",\"isPartOf\":{\"@id\":\"https:\/\/answear.cz\/blog\/#website\"},\"datePublished\":\"2026-04-12T19:20:41+00:00\",\"dateModified\":\"2026-04-12T19:22:02+00:00\",\"author\":{\"@id\":\"https:\/\/answear.cz\/blog\/#\/schema\/person\/a237d4bbd6d13c21edb92080d19f8675\"},\"description\":\"Dne 25. b\u0159ezna se v\u202fAnswear Concept Store\u202fuskute\u010dnila v\u00fdjime\u010dn\u00e1 ud\u00e1lost, kter\u00e1 otev\u0159ela sez\u00f3nu SS26. P\u0159ehl\u00eddka prob\u011bhla v propojen\u00e9m prostoru Answear\",\"breadcrumb\":{\"@id\":\"https:\/\/answear.cz\/blog\/s26-collection-premiere-natan-berkowicz-vytvoril-scenu-pro-answear-fashion-show\/25613#breadcrumb\"},\"inLanguage\":\"cs\",\"potentialAction\":[{\"@type\":\"ReadAction\",\"target\":[\"https:\/\/answear.cz\/blog\/s26-collection-premiere-natan-berkowicz-vytvoril-scenu-pro-answear-fashion-show\/25613\"]}]},{\"@type\":\"BreadcrumbList\",\"@id\":\"https:\/\/answear.cz\/blog\/s26-collection-premiere-natan-berkowicz-vytvoril-scenu-pro-answear-fashion-show\/25613#breadcrumb\",\"itemListElement\":[{\"@type\":\"ListItem\",\"position\":1,\"name\":\"Dom\u016f\",\"item\":\"https:\/\/answear.cz\/blog\/\"},{\"@type\":\"ListItem\",\"position\":2,\"name\":\"S26 Collection Premiere: Natan Berkowicz vytvo\u0159il sc\u00e9nu pro Answear Fashion Show\"}]},{\"@type\":\"WebSite\",\"@id\":\"https:\/\/answear.cz\/blog\/#website\",\"url\":\"https:\/\/answear.cz\/blog\/\",\"name\":\"answear.cz blog\",\"description\":\"M\u00f3da, trendy, rady a tipy stylist\u016f, novinky ze sv\u011bta m\u00f3dy. We know the ANSWEAR ;-)\",\"potentialAction\":[{\"@type\":\"SearchAction\",\"target\":{\"@type\":\"EntryPoint\",\"urlTemplate\":\"https:\/\/answear.cz\/blog\/?s={search_term_string}\"},\"query-input\":\"required name=search_term_string\"}],\"inLanguage\":\"cs\"},{\"@type\":\"Person\",\"@id\":\"https:\/\/answear.cz\/blog\/#\/schema\/person\/a237d4bbd6d13c21edb92080d19f8675\",\"name\":\"Katka\",\"image\":{\"@type\":\"ImageObject\",\"inLanguage\":\"cs\",\"@id\":\"https:\/\/answear.cz\/blog\/#\/schema\/person\/image\/\",\"url\":\"https:\/\/secure.gravatar.com\/avatar\/1f72f7de7dac65ea0036d63c7c3fa5f3?s=96&d=mm&r=g\",\"contentUrl\":\"https:\/\/secure.gravatar.com\/avatar\/1f72f7de7dac65ea0036d63c7c3fa5f3?s=96&d=mm&r=g\",\"caption\":\"Katka\"},\"url\":\"https:\/\/answear.cz\/blog\/author\/katerina\"}]}<\/script>\n<!-- \/ Yoast SEO plugin. -->","yoast_head_json":{"title":"S26 Collection Premiere: Natan Berkowicz vytvo\u0159il sc\u00e9nu pro Answear Fashion Show - answear.cz blog","description":"Dne 25. b\u0159ezna se v\u202fAnswear Concept Store\u202fuskute\u010dnila v\u00fdjime\u010dn\u00e1 ud\u00e1lost, kter\u00e1 otev\u0159ela sez\u00f3nu SS26. P\u0159ehl\u00eddka prob\u011bhla v propojen\u00e9m prostoru Answear","robots":{"index":"index","follow":"follow","max-snippet":"max-snippet:-1","max-image-preview":"max-image-preview:large","max-video-preview":"max-video-preview:-1"},"canonical":"https:\/\/answear.cz\/blog\/s26-collection-premiere-natan-berkowicz-vytvoril-scenu-pro-answear-fashion-show\/25613","og_locale":"cs_CZ","og_type":"article","og_title":"S26 Collection Premiere: Natan Berkowicz vytvo\u0159il sc\u00e9nu pro Answear Fashion Show - answear.cz blog","og_description":"Dne 25. b\u0159ezna se v\u202fAnswear Concept Store\u202fuskute\u010dnila v\u00fdjime\u010dn\u00e1 ud\u00e1lost, kter\u00e1 otev\u0159ela sez\u00f3nu SS26. P\u0159ehl\u00eddka prob\u011bhla v propojen\u00e9m prostoru Answear","og_url":"https:\/\/answear.cz\/blog\/s26-collection-premiere-natan-berkowicz-vytvoril-scenu-pro-answear-fashion-show\/25613","og_site_name":"answear.cz blog","article_published_time":"2026-04-12T19:20:41+00:00","article_modified_time":"2026-04-12T19:22:02+00:00","og_image":[{"width":1688,"height":680,"url":"https:\/\/answear.cz\/blog\/wp-content\/uploads\/2026\/04\/COVER_2.jpg","type":"image\/jpeg"}],"author":"Katka","twitter_card":"summary_large_image","twitter_misc":{"Napsal(a)":"Katka","Odhadovan\u00e1 doba \u010dten\u00ed":"5 minut"},"schema":{"@context":"https:\/\/schema.org","@graph":[{"@type":"WebPage","@id":"https:\/\/answear.cz\/blog\/s26-collection-premiere-natan-berkowicz-vytvoril-scenu-pro-answear-fashion-show\/25613","url":"https:\/\/answear.cz\/blog\/s26-collection-premiere-natan-berkowicz-vytvoril-scenu-pro-answear-fashion-show\/25613","name":"S26 Collection Premiere: Natan Berkowicz vytvo\u0159il sc\u00e9nu pro Answear Fashion Show - answear.cz blog","isPartOf":{"@id":"https:\/\/answear.cz\/blog\/#website"},"datePublished":"2026-04-12T19:20:41+00:00","dateModified":"2026-04-12T19:22:02+00:00","author":{"@id":"https:\/\/answear.cz\/blog\/#\/schema\/person\/a237d4bbd6d13c21edb92080d19f8675"},"description":"Dne 25. b\u0159ezna se v\u202fAnswear Concept Store\u202fuskute\u010dnila v\u00fdjime\u010dn\u00e1 ud\u00e1lost, kter\u00e1 otev\u0159ela sez\u00f3nu SS26. P\u0159ehl\u00eddka prob\u011bhla v propojen\u00e9m prostoru Answear","breadcrumb":{"@id":"https:\/\/answear.cz\/blog\/s26-collection-premiere-natan-berkowicz-vytvoril-scenu-pro-answear-fashion-show\/25613#breadcrumb"},"inLanguage":"cs","potentialAction":[{"@type":"ReadAction","target":["https:\/\/answear.cz\/blog\/s26-collection-premiere-natan-berkowicz-vytvoril-scenu-pro-answear-fashion-show\/25613"]}]},{"@type":"BreadcrumbList","@id":"https:\/\/answear.cz\/blog\/s26-collection-premiere-natan-berkowicz-vytvoril-scenu-pro-answear-fashion-show\/25613#breadcrumb","itemListElement":[{"@type":"ListItem","position":1,"name":"Dom\u016f","item":"https:\/\/answear.cz\/blog\/"},{"@type":"ListItem","position":2,"name":"S26 Collection Premiere: Natan Berkowicz vytvo\u0159il sc\u00e9nu pro Answear Fashion Show"}]},{"@type":"WebSite","@id":"https:\/\/answear.cz\/blog\/#website","url":"https:\/\/answear.cz\/blog\/","name":"answear.cz blog","description":"M\u00f3da, trendy, rady a tipy stylist\u016f, novinky ze sv\u011bta m\u00f3dy. We know the ANSWEAR ;-)","potentialAction":[{"@type":"SearchAction","target":{"@type":"EntryPoint","urlTemplate":"https:\/\/answear.cz\/blog\/?s={search_term_string}"},"query-input":"required name=search_term_string"}],"inLanguage":"cs"},{"@type":"Person","@id":"https:\/\/answear.cz\/blog\/#\/schema\/person\/a237d4bbd6d13c21edb92080d19f8675","name":"Katka","image":{"@type":"ImageObject","inLanguage":"cs","@id":"https:\/\/answear.cz\/blog\/#\/schema\/person\/image\/","url":"https:\/\/secure.gravatar.com\/avatar\/1f72f7de7dac65ea0036d63c7c3fa5f3?s=96&d=mm&r=g","contentUrl":"https:\/\/secure.gravatar.com\/avatar\/1f72f7de7dac65ea0036d63c7c3fa5f3?s=96&d=mm&r=g","caption":"Katka"},"url":"https:\/\/answear.cz\/blog\/author\/katerina"}]}},"_links":{"self":[{"href":"https:\/\/answear.cz\/blog\/wp-json\/wp\/v2\/posts\/25613"}],"collection":[{"href":"https:\/\/answear.cz\/blog\/wp-json\/wp\/v2\/posts"}],"about":[{"href":"https:\/\/answear.cz\/blog\/wp-json\/wp\/v2\/types\/post"}],"author":[{"embeddable":true,"href":"https:\/\/answear.cz\/blog\/wp-json\/wp\/v2\/users\/41"}],"replies":[{"embeddable":true,"href":"https:\/\/answear.cz\/blog\/wp-json\/wp\/v2\/comments?post=25613"}],"version-history":[{"count":4,"href":"https:\/\/answear.cz\/blog\/wp-json\/wp\/v2\/posts\/25613\/revisions"}],"predecessor-version":[{"id":25625,"href":"https:\/\/answear.cz\/blog\/wp-json\/wp\/v2\/posts\/25613\/revisions\/25625"}],"wp:featuredmedia":[{"embeddable":true,"href":"https:\/\/answear.cz\/blog\/wp-json\/wp\/v2\/media\/25614"}],"wp:attachment":[{"href":"https:\/\/answear.cz\/blog\/wp-json\/wp\/v2\/media?parent=25613"}],"wp:term":[{"taxonomy":"category","embeddable":true,"href":"https:\/\/answear.cz\/blog\/wp-json\/wp\/v2\/categories?post=25613"},{"taxonomy":"post_tag","embeddable":true,"href":"https:\/\/answear.cz\/blog\/wp-json\/wp\/v2\/tags?post=25613"}],"curies":[{"name":"wp","href":"https:\/\/api.w.org\/{rel}","templated":true}]}}